{"id":10014,"date":"2020-01-10T13:26:58","date_gmt":"2020-01-10T12:26:58","guid":{"rendered":"https:\/\/evertonfc.cz\/?post_type=news&#038;p=10014"},"modified":"2020-01-10T13:26:58","modified_gmt":"2020-01-10T12:26:58","slug":"ancelotti-je-najlepsou-volbou","status":"publish","type":"news","link":"https:\/\/evertonfc.cz\/index.php\/news\/ancelotti-je-najlepsou-volbou\/","title":{"rendered":"Ancelotti je najlep\u0161ou vo\u013ebou"},"content":{"rendered":"<p>Pr\u00e1ve dnes sme ukon\u010dili na\u0161u posledn\u00fa anketu o\u00a0vo\u013ebe nov\u00e9ho mana\u017e\u00e9ra, ktor\u00fd nahradil na svojom poste Portugal\u010dana Marca Silvu. Stal sa n\u00edm \u0161es\u0165desiatro\u010dn\u00fd Talian Carlo Ancelotti. Zvu\u010dn\u00e9 meno, ktor\u00e9 si za svoju hr\u00e1\u010dsku i\u00a0tr\u00e9nersk\u00fa kari\u00e9ru prip\u00edsalo ve\u013emi ve\u013ea ocenen\u00ed. Od poh\u00e1rov a\u017e po ligov\u00e9 a\u00a0kontinent\u00e1lne tituly.<\/p>\n<p>Jeho anga\u017eovanie mnoh\u00fdch, laikov i\u00a0odborn\u00fa verejnos\u0165, doslova \u0161okovalo. Naposledy toti\u017e tento uzn\u00e1van\u00fd mana\u017e\u00e9r tr\u00e9noval klub s\u00a0podobn\u00fdmi podmienkami e\u0161te na za\u010diatku kari\u00e9ry. Preto nastal ve\u013ek\u00fd \u00fadiv, \u010do motivovalo tak\u00fa osobnos\u0165 vymeni\u0165 prostredie ve\u013ekoklubov ako Real Madrid \u010di Bayern Mn\u00edchov, za Everton.<\/p>\n<p>Klub pred za\u010diatkom minulej sez\u00f3ny anga\u017eoval Marcela Brandsa, jedn\u00e9ho z\u00a0najlep\u0161\u00edch \u0161portov\u00fdch riadite\u013eov v\u00a0Eur\u00f3pe. Ten mal Karamelky navies\u0165 na cestu udr\u017eate\u013en\u00e9ho rozvoja a\u00a0stabilnej finan\u010dnej situ\u00e1cie. \u010ci v\u0161ak tento pl\u00e1n bude v\u00a0s\u00falade s\u00a0ambici\u00f3znym Ancelottim, to sa e\u0161te uvid\u00ed.<\/p>\n<p>Ist\u00e9 je, \u017ee drviv\u00e1 v\u00e4\u010d\u0161ina na\u0161ich fan\u00fa\u0161ikov je s\u00a0jeho dosaden\u00edm viac ne\u017e spokojn\u00e1. Ni\u017e\u0161ie si m\u00f4\u017eete pozrie\u0165 v\u00fdsledky na\u0161ej ankety. V\u00a0nej hlasovalo celkom 56 n\u00e1v\u0161tevn\u00edkov n\u00e1\u0161ho webu nasledovne:<\/p>\n<p><u>S\u00fahlas\u00edte s anga\u017eovan\u00edm Carla Ancelottiho?<\/u><\/p>\n<ul>\n<li>40 hlasov (71.43 %) &#8211; <strong>\u00c1no, najlep\u0161\u00ed kandid\u00e1t.<\/strong><\/li>\n<li>10 hlasov (17.86 %) &#8211; <strong>Mana\u017e\u00e9rom mal by\u0165 Duncan Ferguson.<\/strong><\/li>\n<li>6 hlasov (10.71 %) &#8211; <strong>Nie, nezapad\u00e1 do konceptu.<\/strong><\/li>\n<\/ul>\n","protected":false},"excerpt":{"rendered":"<p>Pr\u00e1ve dnes sme ukon\u010dili na\u0161u posledn\u00fa anketu o\u00a0vo\u013ebe nov\u00e9ho mana\u017e\u00e9ra, ktor\u00fd nahradil na svojom poste Portugal\u010dana Marca Silvu. Stal sa&hellip;<\/p>\n","protected":false},"author":1,"featured_media":0,"comment_status":"open","ping_status":"closed","template":"","tags":[],"news-category":[18],"yoast_head":"<!-- This site is optimized with the Yoast SEO plugin v23.4 - https:\/\/yoast.com\/wordpress\/plugins\/seo\/ -->\n<title>Ancelotti je najlep\u0161ou vo\u013ebou - Official Czech &amp; Slovak Everton Supporters&#039; Club<\/title>\n<meta name=\"robots\" content=\"index, follow, max-snippet:-1, max-image-preview:large, max-video-preview:-1\" \/>\n<link rel=\"canonical\" href=\"https:\/\/evertonfc.cz\/index.php\/news\/ancelotti-je-najlepsou-volbou\/\" \/>\n<meta property=\"og:locale\" content=\"cs_CZ\" \/>\n<meta property=\"og:type\" content=\"article\" \/>\n<meta property=\"og:title\" content=\"Ancelotti je najlep\u0161ou vo\u013ebou - Official Czech &amp; Slovak Everton Supporters&#039; Club\" \/>\n<meta property=\"og:description\" content=\"Pr\u00e1ve dnes sme ukon\u010dili na\u0161u posledn\u00fa anketu o\u00a0vo\u013ebe nov\u00e9ho mana\u017e\u00e9ra, ktor\u00fd nahradil na svojom poste Portugal\u010dana Marca Silvu. Stal sa&hellip;\" \/>\n<meta property=\"og:url\" content=\"https:\/\/evertonfc.cz\/index.php\/news\/ancelotti-je-najlepsou-volbou\/\" \/>\n<meta property=\"og:site_name\" content=\"Official Czech &amp; Slovak Everton Supporters&#039; Club\" \/>\n<meta property=\"article:publisher\" content=\"https:\/\/www.facebook.com\/everton.fans.cz.sk\" \/>\n<meta name=\"twitter:card\" content=\"summary_large_image\" \/>\n<meta name=\"twitter:label1\" content=\"Odhadovan\u00e1 doba \u010dten\u00ed\" \/>\n\t<meta name=\"twitter:data1\" content=\"1 minuta\" \/>\n<script type=\"application\/ld+json\" class=\"yoast-schema-graph\">{\"@context\":\"https:\/\/schema.org\",\"@graph\":[{\"@type\":\"WebPage\",\"@id\":\"https:\/\/evertonfc.cz\/index.php\/news\/ancelotti-je-najlepsou-volbou\/\",\"url\":\"https:\/\/evertonfc.cz\/index.php\/news\/ancelotti-je-najlepsou-volbou\/\",\"name\":\"Ancelotti je najlep\u0161ou vo\u013ebou - Official Czech &amp; Slovak Everton Supporters&#039; Club\",\"isPartOf\":{\"@id\":\"https:\/\/evertonfc.cz\/#website\"},\"datePublished\":\"2020-01-10T12:26:58+00:00\",\"dateModified\":\"2020-01-10T12:26:58+00:00\",\"breadcrumb\":{\"@id\":\"https:\/\/evertonfc.cz\/index.php\/news\/ancelotti-je-najlepsou-volbou\/#breadcrumb\"},\"inLanguage\":\"cs\",\"potentialAction\":[{\"@type\":\"ReadAction\",\"target\":[\"https:\/\/evertonfc.cz\/index.php\/news\/ancelotti-je-najlepsou-volbou\/\"]}]},{\"@type\":\"BreadcrumbList\",\"@id\":\"https:\/\/evertonfc.cz\/index.php\/news\/ancelotti-je-najlepsou-volbou\/#breadcrumb\",\"itemListElement\":[{\"@type\":\"ListItem\",\"position\":1,\"name\":\"Home\",\"item\":\"https:\/\/evertonfc.cz\/\"},{\"@type\":\"ListItem\",\"position\":2,\"name\":\"News\",\"item\":\"https:\/\/evertonfc.cz\/index.php\/news\/\"},{\"@type\":\"ListItem\",\"position\":3,\"name\":\"Ancelotti je najlep\u0161ou vo\u013ebou\"}]},{\"@type\":\"WebSite\",\"@id\":\"https:\/\/evertonfc.cz\/#website\",\"url\":\"https:\/\/evertonfc.cz\/\",\"name\":\"Official Czech &amp; Slovak Everton Supporters&#039; Club\",\"description\":\"\",\"publisher\":{\"@id\":\"https:\/\/evertonfc.cz\/#organization\"},\"potentialAction\":[{\"@type\":\"SearchAction\",\"target\":{\"@type\":\"EntryPoint\",\"urlTemplate\":\"https:\/\/evertonfc.cz\/?s={search_term_string}\"},\"query-input\":{\"@type\":\"PropertyValueSpecification\",\"valueRequired\":true,\"valueName\":\"search_term_string\"}}],\"inLanguage\":\"cs\"},{\"@type\":\"Organization\",\"@id\":\"https:\/\/evertonfc.cz\/#organization\",\"name\":\"Official Czech & Slovak Everton Supporters' Club\",\"url\":\"https:\/\/evertonfc.cz\/\",\"logo\":{\"@type\":\"ImageObject\",\"inLanguage\":\"cs\",\"@id\":\"https:\/\/evertonfc.cz\/#\/schema\/logo\/image\/\",\"url\":\"https:\/\/evertonfc.cz\/wp-content\/uploads\/2019\/05\/logo.png\",\"contentUrl\":\"https:\/\/evertonfc.cz\/wp-content\/uploads\/2019\/05\/logo.png\",\"width\":112,\"height\":112,\"caption\":\"Official Czech & Slovak Everton Supporters' Club\"},\"image\":{\"@id\":\"https:\/\/evertonfc.cz\/#\/schema\/logo\/image\/\"},\"sameAs\":[\"https:\/\/www.facebook.com\/everton.fans.cz.sk\"]}]}<\/script>\n<!-- \/ Yoast SEO plugin. -->","yoast_head_json":{"title":"Ancelotti je najlep\u0161ou vo\u013ebou - Official Czech &amp; Slovak Everton Supporters&#039; Club","robots":{"index":"index","follow":"follow","max-snippet":"max-snippet:-1","max-image-preview":"max-image-preview:large","max-video-preview":"max-video-preview:-1"},"canonical":"https:\/\/evertonfc.cz\/index.php\/news\/ancelotti-je-najlepsou-volbou\/","og_locale":"cs_CZ","og_type":"article","og_title":"Ancelotti je najlep\u0161ou vo\u013ebou - Official Czech &amp; Slovak Everton Supporters&#039; Club","og_description":"Pr\u00e1ve dnes sme ukon\u010dili na\u0161u posledn\u00fa anketu o\u00a0vo\u013ebe nov\u00e9ho mana\u017e\u00e9ra, ktor\u00fd nahradil na svojom poste Portugal\u010dana Marca Silvu. Stal sa&hellip;","og_url":"https:\/\/evertonfc.cz\/index.php\/news\/ancelotti-je-najlepsou-volbou\/","og_site_name":"Official Czech &amp; Slovak Everton Supporters&#039; Club","article_publisher":"https:\/\/www.facebook.com\/everton.fans.cz.sk","twitter_card":"summary_large_image","twitter_misc":{"Odhadovan\u00e1 doba \u010dten\u00ed":"1 minuta"},"schema":{"@context":"https:\/\/schema.org","@graph":[{"@type":"WebPage","@id":"https:\/\/evertonfc.cz\/index.php\/news\/ancelotti-je-najlepsou-volbou\/","url":"https:\/\/evertonfc.cz\/index.php\/news\/ancelotti-je-najlepsou-volbou\/","name":"Ancelotti je najlep\u0161ou vo\u013ebou - Official Czech &amp; Slovak Everton Supporters&#039; Club","isPartOf":{"@id":"https:\/\/evertonfc.cz\/#website"},"datePublished":"2020-01-10T12:26:58+00:00","dateModified":"2020-01-10T12:26:58+00:00","breadcrumb":{"@id":"https:\/\/evertonfc.cz\/index.php\/news\/ancelotti-je-najlepsou-volbou\/#breadcrumb"},"inLanguage":"cs","potentialAction":[{"@type":"ReadAction","target":["https:\/\/evertonfc.cz\/index.php\/news\/ancelotti-je-najlepsou-volbou\/"]}]},{"@type":"BreadcrumbList","@id":"https:\/\/evertonfc.cz\/index.php\/news\/ancelotti-je-najlepsou-volbou\/#breadcrumb","itemListElement":[{"@type":"ListItem","position":1,"name":"Home","item":"https:\/\/evertonfc.cz\/"},{"@type":"ListItem","position":2,"name":"News","item":"https:\/\/evertonfc.cz\/index.php\/news\/"},{"@type":"ListItem","position":3,"name":"Ancelotti je najlep\u0161ou vo\u013ebou"}]},{"@type":"WebSite","@id":"https:\/\/evertonfc.cz\/#website","url":"https:\/\/evertonfc.cz\/","name":"Official Czech &amp; Slovak Everton Supporters&#039; Club","description":"","publisher":{"@id":"https:\/\/evertonfc.cz\/#organization"},"potentialAction":[{"@type":"SearchAction","target":{"@type":"EntryPoint","urlTemplate":"https:\/\/evertonfc.cz\/?s={search_term_string}"},"query-input":{"@type":"PropertyValueSpecification","valueRequired":true,"valueName":"search_term_string"}}],"inLanguage":"cs"},{"@type":"Organization","@id":"https:\/\/evertonfc.cz\/#organization","name":"Official Czech & Slovak Everton Supporters' Club","url":"https:\/\/evertonfc.cz\/","logo":{"@type":"ImageObject","inLanguage":"cs","@id":"https:\/\/evertonfc.cz\/#\/schema\/logo\/image\/","url":"https:\/\/evertonfc.cz\/wp-content\/uploads\/2019\/05\/logo.png","contentUrl":"https:\/\/evertonfc.cz\/wp-content\/uploads\/2019\/05\/logo.png","width":112,"height":112,"caption":"Official Czech & Slovak Everton Supporters' Club"},"image":{"@id":"https:\/\/evertonfc.cz\/#\/schema\/logo\/image\/"},"sameAs":["https:\/\/www.facebook.com\/everton.fans.cz.sk"]}]}},"_links":{"self":[{"href":"https:\/\/evertonfc.cz\/index.php\/wp-json\/wp\/v2\/news\/10014"}],"collection":[{"href":"https:\/\/evertonfc.cz\/index.php\/wp-json\/wp\/v2\/news"}],"about":[{"href":"https:\/\/evertonfc.cz\/index.php\/wp-json\/wp\/v2\/types\/news"}],"author":[{"embeddable":true,"href":"https:\/\/evertonfc.cz\/index.php\/wp-json\/wp\/v2\/users\/1"}],"replies":[{"embeddable":true,"href":"https:\/\/evertonfc.cz\/index.php\/wp-json\/wp\/v2\/comments?post=10014"}],"version-history":[{"count":0,"href":"https:\/\/evertonfc.cz\/index.php\/wp-json\/wp\/v2\/news\/10014\/revisions"}],"wp:attachment":[{"href":"https:\/\/evertonfc.cz\/index.php\/wp-json\/wp\/v2\/media?parent=10014"}],"wp:term":[{"taxonomy":"post_tag","embeddable":true,"href":"https:\/\/evertonfc.cz\/index.php\/wp-json\/wp\/v2\/tags?post=10014"},{"taxonomy":"news-category","embeddable":true,"href":"https:\/\/evertonfc.cz\/index.php\/wp-json\/wp\/v2\/news-category?post=10014"}],"curies":[{"name":"wp","href":"https:\/\/api.w.org\/{rel}","templated":true}]}}