{"id":10195,"date":"2020-01-31T11:00:43","date_gmt":"2020-01-31T10:00:43","guid":{"rendered":"https:\/\/evertonfc.cz\/?post_type=news&#038;p=10195"},"modified":"2020-01-31T11:04:02","modified_gmt":"2020-01-31T10:04:02","slug":"gibson-s-novou-smlouvu-a-ve-fleetwoodu","status":"publish","type":"news","link":"https:\/\/evertonfc.cz\/index.php\/news\/gibson-s-novou-smlouvu-a-ve-fleetwoodu\/","title":{"rendered":"Gibson s novou smlouvu a ve Fleetwoodu"},"content":{"rendered":"<p>Talentovan\u00fd stoper Lewis Gibson prodlou\u017eil s Evertonem smlouvu do l\u00e9ta 2022 a obratem zam\u00ed\u0159il na p\u016flro\u010dn\u00ed hostov\u00e1n\u00ed do t\u0159etiligov\u00e9ho Fleetwoodu Town, kde by m\u011bl sb\u00edrat prvn\u00ed zku\u0161enosti se seniorsk\u00fdm fotbalem.<\/p>\n<p>19let\u00fd Angli\u010dan p\u0159i\u0161el do Evertonu v roce 2017 z Newcastlu United. B\u011bhem leto\u0161n\u00ed sez\u00f3ny tr\u00e9noval s prvn\u00edm t\u00fdmem, na debut ale \u010dekal marn\u011b, a proto\u017ee jeho prvotn\u00ed kontrakt m\u011bl vypr\u0161et po prob\u00edhaj\u00edc\u00ed sez\u00f3n\u011b, rojily se spekulace o jeho odchodu. \u010cern\u00e9 sc\u00e9n\u00e1\u0159e se v\u0161ak nakonec nenaplnily.<\/p>\n<p><em>\u201eV posledn\u00edch m\u011bs\u00edc\u00edch jsem vedl pravideln\u00e9 a produktivn\u00ed konverzace s Marcelem Brandsem. Vysv\u011btlil mi, jak\u00e9 m\u00e1 klub se mnou pl\u00e1ny, z \u010deho\u017e jsem byl nad\u0161en\u00fd a nemohl jsem se do\u010dkat, a\u017e podep\u00ed\u0161i novou smlouvu. C\u00edt\u00edm, \u017ee za dobu m\u00e9ho p\u016fsoben\u00ed v Evertonu jsem se zlep\u0161il. Velkou z\u00e1sluhu na tom m\u00e1 David Unsworth (mana\u017eer v\u00fdb\u011bru do 23 let),\u201c<\/em> prozradil Gibson.<\/p>\n","protected":false},"excerpt":{"rendered":"<p>Talentovan\u00fd stoper Lewis Gibson prodlou\u017eil s Evertonem smlouvu do l\u00e9ta 2022 a obratem zam\u00ed\u0159il na p\u016flro\u010dn\u00ed hostov\u00e1n\u00ed do t\u0159etiligov\u00e9ho Fleetwoodu&hellip;<\/p>\n","protected":false},"author":6,"featured_media":0,"comment_status":"open","ping_status":"closed","template":"","tags":[],"news-category":[18],"yoast_head":"<!-- This site is optimized with the Yoast SEO plugin v23.4 - https:\/\/yoast.com\/wordpress\/plugins\/seo\/ -->\n<title>Gibson s novou smlouvu a ve Fleetwoodu - Official Czech &amp; Slovak Everton Supporters&#039; Club<\/title>\n<meta name=\"robots\" content=\"index, follow, max-snippet:-1, max-image-preview:large, max-video-preview:-1\" \/>\n<link rel=\"canonical\" href=\"https:\/\/evertonfc.cz\/index.php\/news\/gibson-s-novou-smlouvu-a-ve-fleetwoodu\/\" \/>\n<meta property=\"og:locale\" content=\"cs_CZ\" \/>\n<meta property=\"og:type\" content=\"article\" \/>\n<meta property=\"og:title\" content=\"Gibson s novou smlouvu a ve Fleetwoodu - Official Czech &amp; Slovak Everton Supporters&#039; Club\" \/>\n<meta property=\"og:description\" content=\"Talentovan\u00fd stoper Lewis Gibson prodlou\u017eil s Evertonem smlouvu do l\u00e9ta 2022 a obratem zam\u00ed\u0159il na p\u016flro\u010dn\u00ed hostov\u00e1n\u00ed do t\u0159etiligov\u00e9ho Fleetwoodu&hellip;\" \/>\n<meta property=\"og:url\" content=\"https:\/\/evertonfc.cz\/index.php\/news\/gibson-s-novou-smlouvu-a-ve-fleetwoodu\/\" \/>\n<meta property=\"og:site_name\" content=\"Official Czech &amp; Slovak Everton Supporters&#039; Club\" \/>\n<meta property=\"article:publisher\" content=\"https:\/\/www.facebook.com\/everton.fans.cz.sk\" \/>\n<meta property=\"article:modified_time\" content=\"2020-01-31T10:04:02+00:00\" \/>\n<meta name=\"twitter:card\" content=\"summary_large_image\" \/>\n<meta name=\"twitter:label1\" content=\"Odhadovan\u00e1 doba \u010dten\u00ed\" \/>\n\t<meta name=\"twitter:data1\" content=\"1 minuta\" \/>\n<script type=\"application\/ld+json\" class=\"yoast-schema-graph\">{\"@context\":\"https:\/\/schema.org\",\"@graph\":[{\"@type\":\"WebPage\",\"@id\":\"https:\/\/evertonfc.cz\/index.php\/news\/gibson-s-novou-smlouvu-a-ve-fleetwoodu\/\",\"url\":\"https:\/\/evertonfc.cz\/index.php\/news\/gibson-s-novou-smlouvu-a-ve-fleetwoodu\/\",\"name\":\"Gibson s novou smlouvu a ve Fleetwoodu - Official Czech &amp; Slovak Everton Supporters&#039; Club\",\"isPartOf\":{\"@id\":\"https:\/\/evertonfc.cz\/#website\"},\"datePublished\":\"2020-01-31T10:00:43+00:00\",\"dateModified\":\"2020-01-31T10:04:02+00:00\",\"breadcrumb\":{\"@id\":\"https:\/\/evertonfc.cz\/index.php\/news\/gibson-s-novou-smlouvu-a-ve-fleetwoodu\/#breadcrumb\"},\"inLanguage\":\"cs\",\"potentialAction\":[{\"@type\":\"ReadAction\",\"target\":[\"https:\/\/evertonfc.cz\/index.php\/news\/gibson-s-novou-smlouvu-a-ve-fleetwoodu\/\"]}]},{\"@type\":\"BreadcrumbList\",\"@id\":\"https:\/\/evertonfc.cz\/index.php\/news\/gibson-s-novou-smlouvu-a-ve-fleetwoodu\/#breadcrumb\",\"itemListElement\":[{\"@type\":\"ListItem\",\"position\":1,\"name\":\"Home\",\"item\":\"https:\/\/evertonfc.cz\/\"},{\"@type\":\"ListItem\",\"position\":2,\"name\":\"News\",\"item\":\"https:\/\/evertonfc.cz\/index.php\/news\/\"},{\"@type\":\"ListItem\",\"position\":3,\"name\":\"Gibson s novou smlouvu a ve Fleetwoodu\"}]},{\"@type\":\"WebSite\",\"@id\":\"https:\/\/evertonfc.cz\/#website\",\"url\":\"https:\/\/evertonfc.cz\/\",\"name\":\"Official Czech &amp; Slovak Everton Supporters&#039; Club\",\"description\":\"\",\"publisher\":{\"@id\":\"https:\/\/evertonfc.cz\/#organization\"},\"potentialAction\":[{\"@type\":\"SearchAction\",\"target\":{\"@type\":\"EntryPoint\",\"urlTemplate\":\"https:\/\/evertonfc.cz\/?s={search_term_string}\"},\"query-input\":{\"@type\":\"PropertyValueSpecification\",\"valueRequired\":true,\"valueName\":\"search_term_string\"}}],\"inLanguage\":\"cs\"},{\"@type\":\"Organization\",\"@id\":\"https:\/\/evertonfc.cz\/#organization\",\"name\":\"Official Czech & Slovak Everton Supporters' Club\",\"url\":\"https:\/\/evertonfc.cz\/\",\"logo\":{\"@type\":\"ImageObject\",\"inLanguage\":\"cs\",\"@id\":\"https:\/\/evertonfc.cz\/#\/schema\/logo\/image\/\",\"url\":\"https:\/\/evertonfc.cz\/wp-content\/uploads\/2019\/05\/logo.png\",\"contentUrl\":\"https:\/\/evertonfc.cz\/wp-content\/uploads\/2019\/05\/logo.png\",\"width\":112,\"height\":112,\"caption\":\"Official Czech & Slovak Everton Supporters' Club\"},\"image\":{\"@id\":\"https:\/\/evertonfc.cz\/#\/schema\/logo\/image\/\"},\"sameAs\":[\"https:\/\/www.facebook.com\/everton.fans.cz.sk\"]}]}<\/script>\n<!-- \/ Yoast SEO plugin. -->","yoast_head_json":{"title":"Gibson s novou smlouvu a ve Fleetwoodu - Official Czech &amp; Slovak Everton Supporters&#039; Club","robots":{"index":"index","follow":"follow","max-snippet":"max-snippet:-1","max-image-preview":"max-image-preview:large","max-video-preview":"max-video-preview:-1"},"canonical":"https:\/\/evertonfc.cz\/index.php\/news\/gibson-s-novou-smlouvu-a-ve-fleetwoodu\/","og_locale":"cs_CZ","og_type":"article","og_title":"Gibson s novou smlouvu a ve Fleetwoodu - Official Czech &amp; Slovak Everton Supporters&#039; Club","og_description":"Talentovan\u00fd stoper Lewis Gibson prodlou\u017eil s Evertonem smlouvu do l\u00e9ta 2022 a obratem zam\u00ed\u0159il na p\u016flro\u010dn\u00ed hostov\u00e1n\u00ed do t\u0159etiligov\u00e9ho Fleetwoodu&hellip;","og_url":"https:\/\/evertonfc.cz\/index.php\/news\/gibson-s-novou-smlouvu-a-ve-fleetwoodu\/","og_site_name":"Official Czech &amp; Slovak Everton Supporters&#039; Club","article_publisher":"https:\/\/www.facebook.com\/everton.fans.cz.sk","article_modified_time":"2020-01-31T10:04:02+00:00","twitter_card":"summary_large_image","twitter_misc":{"Odhadovan\u00e1 doba \u010dten\u00ed":"1 minuta"},"schema":{"@context":"https:\/\/schema.org","@graph":[{"@type":"WebPage","@id":"https:\/\/evertonfc.cz\/index.php\/news\/gibson-s-novou-smlouvu-a-ve-fleetwoodu\/","url":"https:\/\/evertonfc.cz\/index.php\/news\/gibson-s-novou-smlouvu-a-ve-fleetwoodu\/","name":"Gibson s novou smlouvu a ve Fleetwoodu - Official Czech &amp; Slovak Everton Supporters&#039; Club","isPartOf":{"@id":"https:\/\/evertonfc.cz\/#website"},"datePublished":"2020-01-31T10:00:43+00:00","dateModified":"2020-01-31T10:04:02+00:00","breadcrumb":{"@id":"https:\/\/evertonfc.cz\/index.php\/news\/gibson-s-novou-smlouvu-a-ve-fleetwoodu\/#breadcrumb"},"inLanguage":"cs","potentialAction":[{"@type":"ReadAction","target":["https:\/\/evertonfc.cz\/index.php\/news\/gibson-s-novou-smlouvu-a-ve-fleetwoodu\/"]}]},{"@type":"BreadcrumbList","@id":"https:\/\/evertonfc.cz\/index.php\/news\/gibson-s-novou-smlouvu-a-ve-fleetwoodu\/#breadcrumb","itemListElement":[{"@type":"ListItem","position":1,"name":"Home","item":"https:\/\/evertonfc.cz\/"},{"@type":"ListItem","position":2,"name":"News","item":"https:\/\/evertonfc.cz\/index.php\/news\/"},{"@type":"ListItem","position":3,"name":"Gibson s novou smlouvu a ve Fleetwoodu"}]},{"@type":"WebSite","@id":"https:\/\/evertonfc.cz\/#website","url":"https:\/\/evertonfc.cz\/","name":"Official Czech &amp; Slovak Everton Supporters&#039; Club","description":"","publisher":{"@id":"https:\/\/evertonfc.cz\/#organization"},"potentialAction":[{"@type":"SearchAction","target":{"@type":"EntryPoint","urlTemplate":"https:\/\/evertonfc.cz\/?s={search_term_string}"},"query-input":{"@type":"PropertyValueSpecification","valueRequired":true,"valueName":"search_term_string"}}],"inLanguage":"cs"},{"@type":"Organization","@id":"https:\/\/evertonfc.cz\/#organization","name":"Official Czech & Slovak Everton Supporters' Club","url":"https:\/\/evertonfc.cz\/","logo":{"@type":"ImageObject","inLanguage":"cs","@id":"https:\/\/evertonfc.cz\/#\/schema\/logo\/image\/","url":"https:\/\/evertonfc.cz\/wp-content\/uploads\/2019\/05\/logo.png","contentUrl":"https:\/\/evertonfc.cz\/wp-content\/uploads\/2019\/05\/logo.png","width":112,"height":112,"caption":"Official Czech & Slovak Everton Supporters' Club"},"image":{"@id":"https:\/\/evertonfc.cz\/#\/schema\/logo\/image\/"},"sameAs":["https:\/\/www.facebook.com\/everton.fans.cz.sk"]}]}},"_links":{"self":[{"href":"https:\/\/evertonfc.cz\/index.php\/wp-json\/wp\/v2\/news\/10195"}],"collection":[{"href":"https:\/\/evertonfc.cz\/index.php\/wp-json\/wp\/v2\/news"}],"about":[{"href":"https:\/\/evertonfc.cz\/index.php\/wp-json\/wp\/v2\/types\/news"}],"author":[{"embeddable":true,"href":"https:\/\/evertonfc.cz\/index.php\/wp-json\/wp\/v2\/users\/6"}],"replies":[{"embeddable":true,"href":"https:\/\/evertonfc.cz\/index.php\/wp-json\/wp\/v2\/comments?post=10195"}],"version-history":[{"count":1,"href":"https:\/\/evertonfc.cz\/index.php\/wp-json\/wp\/v2\/news\/10195\/revisions"}],"predecessor-version":[{"id":10196,"href":"https:\/\/evertonfc.cz\/index.php\/wp-json\/wp\/v2\/news\/10195\/revisions\/10196"}],"wp:attachment":[{"href":"https:\/\/evertonfc.cz\/index.php\/wp-json\/wp\/v2\/media?parent=10195"}],"wp:term":[{"taxonomy":"post_tag","embeddable":true,"href":"https:\/\/evertonfc.cz\/index.php\/wp-json\/wp\/v2\/tags?post=10195"},{"taxonomy":"news-category","embeddable":true,"href":"https:\/\/evertonfc.cz\/index.php\/wp-json\/wp\/v2\/news-category?post=10195"}],"curies":[{"name":"wp","href":"https:\/\/api.w.org\/{rel}","templated":true}]}}