{"id":10197,"date":"2020-01-31T11:10:25","date_gmt":"2020-01-31T10:10:25","guid":{"rendered":"https:\/\/evertonfc.cz\/?post_type=news&#038;p=10197"},"modified":"2020-01-31T11:10:25","modified_gmt":"2020-01-31T10:10:25","slug":"feeney-hostuje-v-tranmere","status":"publish","type":"news","link":"https:\/\/evertonfc.cz\/index.php\/news\/feeney-hostuje-v-tranmere\/","title":{"rendered":"Feeney hostuje v Tranmere"},"content":{"rendered":"<p>Morgan Feeney n\u00e1sleduje sv\u00e9ho kolegu ze stopersk\u00e9 dvojice z\u00a0ml\u00e1de\u017enick\u00e9ho t\u00fdmu Evertonu do 23 let, Lewise Gibsona, a tak\u00e9 odch\u00e1z\u00ed na p\u016flro\u010dn\u00ed hostov\u00e1n\u00ed do League One. Jeho do\u010dasn\u00fdm p\u016fsobi\u0161t\u011bm se stane Tranmere Rovers, celek z bl\u00edzk\u00e9ho Merseyside.<\/p>\n<p>20let\u00fd Feeney je odchovancem Toffees, v prvn\u00edm mu\u017estvu si zahr\u00e1l jen ve dvou z\u00e1pasech Evropsk\u00e9 ligy na podzim 2017. Jeho smlouva v Evertonu kon\u010d\u00ed po prob\u00edhaj\u00edc\u00ed sez\u00f3n\u011b.<\/p>\n","protected":false},"excerpt":{"rendered":"<p>Morgan Feeney n\u00e1sleduje sv\u00e9ho kolegu ze stopersk\u00e9 dvojice z\u00a0ml\u00e1de\u017enick\u00e9ho t\u00fdmu Evertonu do 23 let, Lewise Gibsona, a tak\u00e9 odch\u00e1z\u00ed na&hellip;<\/p>\n","protected":false},"author":6,"featured_media":0,"comment_status":"open","ping_status":"closed","template":"","tags":[],"news-category":[18],"yoast_head":"<!-- This site is optimized with the Yoast SEO plugin v23.4 - https:\/\/yoast.com\/wordpress\/plugins\/seo\/ -->\n<title>Feeney hostuje v Tranmere - Official Czech &amp; Slovak Everton Supporters&#039; Club<\/title>\n<meta name=\"robots\" content=\"index, follow, max-snippet:-1, max-image-preview:large, max-video-preview:-1\" \/>\n<link rel=\"canonical\" href=\"https:\/\/evertonfc.cz\/index.php\/news\/feeney-hostuje-v-tranmere\/\" \/>\n<meta property=\"og:locale\" content=\"cs_CZ\" \/>\n<meta property=\"og:type\" content=\"article\" \/>\n<meta property=\"og:title\" content=\"Feeney hostuje v Tranmere - Official Czech &amp; Slovak Everton Supporters&#039; Club\" \/>\n<meta property=\"og:description\" content=\"Morgan Feeney n\u00e1sleduje sv\u00e9ho kolegu ze stopersk\u00e9 dvojice z\u00a0ml\u00e1de\u017enick\u00e9ho t\u00fdmu Evertonu do 23 let, Lewise Gibsona, a tak\u00e9 odch\u00e1z\u00ed na&hellip;\" \/>\n<meta property=\"og:url\" content=\"https:\/\/evertonfc.cz\/index.php\/news\/feeney-hostuje-v-tranmere\/\" \/>\n<meta property=\"og:site_name\" content=\"Official Czech &amp; Slovak Everton Supporters&#039; Club\" \/>\n<meta property=\"article:publisher\" content=\"https:\/\/www.facebook.com\/everton.fans.cz.sk\" \/>\n<meta name=\"twitter:card\" content=\"summary_large_image\" \/>\n<script type=\"application\/ld+json\" class=\"yoast-schema-graph\">{\"@context\":\"https:\/\/schema.org\",\"@graph\":[{\"@type\":\"WebPage\",\"@id\":\"https:\/\/evertonfc.cz\/index.php\/news\/feeney-hostuje-v-tranmere\/\",\"url\":\"https:\/\/evertonfc.cz\/index.php\/news\/feeney-hostuje-v-tranmere\/\",\"name\":\"Feeney hostuje v Tranmere - Official Czech &amp; Slovak Everton Supporters&#039; Club\",\"isPartOf\":{\"@id\":\"https:\/\/evertonfc.cz\/#website\"},\"datePublished\":\"2020-01-31T10:10:25+00:00\",\"dateModified\":\"2020-01-31T10:10:25+00:00\",\"breadcrumb\":{\"@id\":\"https:\/\/evertonfc.cz\/index.php\/news\/feeney-hostuje-v-tranmere\/#breadcrumb\"},\"inLanguage\":\"cs\",\"potentialAction\":[{\"@type\":\"ReadAction\",\"target\":[\"https:\/\/evertonfc.cz\/index.php\/news\/feeney-hostuje-v-tranmere\/\"]}]},{\"@type\":\"BreadcrumbList\",\"@id\":\"https:\/\/evertonfc.cz\/index.php\/news\/feeney-hostuje-v-tranmere\/#breadcrumb\",\"itemListElement\":[{\"@type\":\"ListItem\",\"position\":1,\"name\":\"Home\",\"item\":\"https:\/\/evertonfc.cz\/\"},{\"@type\":\"ListItem\",\"position\":2,\"name\":\"News\",\"item\":\"https:\/\/evertonfc.cz\/index.php\/news\/\"},{\"@type\":\"ListItem\",\"position\":3,\"name\":\"Feeney hostuje v Tranmere\"}]},{\"@type\":\"WebSite\",\"@id\":\"https:\/\/evertonfc.cz\/#website\",\"url\":\"https:\/\/evertonfc.cz\/\",\"name\":\"Official Czech &amp; Slovak Everton Supporters&#039; Club\",\"description\":\"\",\"publisher\":{\"@id\":\"https:\/\/evertonfc.cz\/#organization\"},\"potentialAction\":[{\"@type\":\"SearchAction\",\"target\":{\"@type\":\"EntryPoint\",\"urlTemplate\":\"https:\/\/evertonfc.cz\/?s={search_term_string}\"},\"query-input\":{\"@type\":\"PropertyValueSpecification\",\"valueRequired\":true,\"valueName\":\"search_term_string\"}}],\"inLanguage\":\"cs\"},{\"@type\":\"Organization\",\"@id\":\"https:\/\/evertonfc.cz\/#organization\",\"name\":\"Official Czech & Slovak Everton Supporters' Club\",\"url\":\"https:\/\/evertonfc.cz\/\",\"logo\":{\"@type\":\"ImageObject\",\"inLanguage\":\"cs\",\"@id\":\"https:\/\/evertonfc.cz\/#\/schema\/logo\/image\/\",\"url\":\"https:\/\/evertonfc.cz\/wp-content\/uploads\/2019\/05\/logo.png\",\"contentUrl\":\"https:\/\/evertonfc.cz\/wp-content\/uploads\/2019\/05\/logo.png\",\"width\":112,\"height\":112,\"caption\":\"Official Czech & Slovak Everton Supporters' Club\"},\"image\":{\"@id\":\"https:\/\/evertonfc.cz\/#\/schema\/logo\/image\/\"},\"sameAs\":[\"https:\/\/www.facebook.com\/everton.fans.cz.sk\"]}]}<\/script>\n<!-- \/ Yoast SEO plugin. -->","yoast_head_json":{"title":"Feeney hostuje v Tranmere - Official Czech &amp; Slovak Everton Supporters&#039; Club","robots":{"index":"index","follow":"follow","max-snippet":"max-snippet:-1","max-image-preview":"max-image-preview:large","max-video-preview":"max-video-preview:-1"},"canonical":"https:\/\/evertonfc.cz\/index.php\/news\/feeney-hostuje-v-tranmere\/","og_locale":"cs_CZ","og_type":"article","og_title":"Feeney hostuje v Tranmere - Official Czech &amp; Slovak Everton Supporters&#039; Club","og_description":"Morgan Feeney n\u00e1sleduje sv\u00e9ho kolegu ze stopersk\u00e9 dvojice z\u00a0ml\u00e1de\u017enick\u00e9ho t\u00fdmu Evertonu do 23 let, Lewise Gibsona, a tak\u00e9 odch\u00e1z\u00ed na&hellip;","og_url":"https:\/\/evertonfc.cz\/index.php\/news\/feeney-hostuje-v-tranmere\/","og_site_name":"Official Czech &amp; Slovak Everton Supporters&#039; Club","article_publisher":"https:\/\/www.facebook.com\/everton.fans.cz.sk","twitter_card":"summary_large_image","schema":{"@context":"https:\/\/schema.org","@graph":[{"@type":"WebPage","@id":"https:\/\/evertonfc.cz\/index.php\/news\/feeney-hostuje-v-tranmere\/","url":"https:\/\/evertonfc.cz\/index.php\/news\/feeney-hostuje-v-tranmere\/","name":"Feeney hostuje v Tranmere - Official Czech &amp; Slovak Everton Supporters&#039; Club","isPartOf":{"@id":"https:\/\/evertonfc.cz\/#website"},"datePublished":"2020-01-31T10:10:25+00:00","dateModified":"2020-01-31T10:10:25+00:00","breadcrumb":{"@id":"https:\/\/evertonfc.cz\/index.php\/news\/feeney-hostuje-v-tranmere\/#breadcrumb"},"inLanguage":"cs","potentialAction":[{"@type":"ReadAction","target":["https:\/\/evertonfc.cz\/index.php\/news\/feeney-hostuje-v-tranmere\/"]}]},{"@type":"BreadcrumbList","@id":"https:\/\/evertonfc.cz\/index.php\/news\/feeney-hostuje-v-tranmere\/#breadcrumb","itemListElement":[{"@type":"ListItem","position":1,"name":"Home","item":"https:\/\/evertonfc.cz\/"},{"@type":"ListItem","position":2,"name":"News","item":"https:\/\/evertonfc.cz\/index.php\/news\/"},{"@type":"ListItem","position":3,"name":"Feeney hostuje v Tranmere"}]},{"@type":"WebSite","@id":"https:\/\/evertonfc.cz\/#website","url":"https:\/\/evertonfc.cz\/","name":"Official Czech &amp; Slovak Everton Supporters&#039; Club","description":"","publisher":{"@id":"https:\/\/evertonfc.cz\/#organization"},"potentialAction":[{"@type":"SearchAction","target":{"@type":"EntryPoint","urlTemplate":"https:\/\/evertonfc.cz\/?s={search_term_string}"},"query-input":{"@type":"PropertyValueSpecification","valueRequired":true,"valueName":"search_term_string"}}],"inLanguage":"cs"},{"@type":"Organization","@id":"https:\/\/evertonfc.cz\/#organization","name":"Official Czech & Slovak Everton Supporters' Club","url":"https:\/\/evertonfc.cz\/","logo":{"@type":"ImageObject","inLanguage":"cs","@id":"https:\/\/evertonfc.cz\/#\/schema\/logo\/image\/","url":"https:\/\/evertonfc.cz\/wp-content\/uploads\/2019\/05\/logo.png","contentUrl":"https:\/\/evertonfc.cz\/wp-content\/uploads\/2019\/05\/logo.png","width":112,"height":112,"caption":"Official Czech & Slovak Everton Supporters' Club"},"image":{"@id":"https:\/\/evertonfc.cz\/#\/schema\/logo\/image\/"},"sameAs":["https:\/\/www.facebook.com\/everton.fans.cz.sk"]}]}},"_links":{"self":[{"href":"https:\/\/evertonfc.cz\/index.php\/wp-json\/wp\/v2\/news\/10197"}],"collection":[{"href":"https:\/\/evertonfc.cz\/index.php\/wp-json\/wp\/v2\/news"}],"about":[{"href":"https:\/\/evertonfc.cz\/index.php\/wp-json\/wp\/v2\/types\/news"}],"author":[{"embeddable":true,"href":"https:\/\/evertonfc.cz\/index.php\/wp-json\/wp\/v2\/users\/6"}],"replies":[{"embeddable":true,"href":"https:\/\/evertonfc.cz\/index.php\/wp-json\/wp\/v2\/comments?post=10197"}],"version-history":[{"count":0,"href":"https:\/\/evertonfc.cz\/index.php\/wp-json\/wp\/v2\/news\/10197\/revisions"}],"wp:attachment":[{"href":"https:\/\/evertonfc.cz\/index.php\/wp-json\/wp\/v2\/media?parent=10197"}],"wp:term":[{"taxonomy":"post_tag","embeddable":true,"href":"https:\/\/evertonfc.cz\/index.php\/wp-json\/wp\/v2\/tags?post=10197"},{"taxonomy":"news-category","embeddable":true,"href":"https:\/\/evertonfc.cz\/index.php\/wp-json\/wp\/v2\/news-category?post=10197"}],"curies":[{"name":"wp","href":"https:\/\/api.w.org\/{rel}","templated":true}]}}