{"id":10202,"date":"2020-02-01T08:56:10","date_gmt":"2020-02-01T07:56:10","guid":{"rendered":"https:\/\/evertonfc.cz\/?post_type=news&#038;p=10202"},"modified":"2020-02-01T08:59:53","modified_gmt":"2020-02-01T07:59:53","slug":"lossl-hostem-v-huddersfieldu","status":"publish","type":"news","link":"https:\/\/evertonfc.cz\/index.php\/news\/lossl-hostem-v-huddersfieldu\/","title":{"rendered":"L\u00f6ssl hostem v Huddersfieldu"},"content":{"rendered":"<p>Brank\u00e1\u0159 Jonas L\u00f6ssl se na p\u016flroku vrac\u00ed do Huddersfieldu, odkud v l\u00e9t\u011b p\u0159estoupil do Evertonu jako voln\u00fd hr\u00e1\u010d. Po p\u0159\u00edchodu na Goodison Park nedostal \u0161anci ani v jednom sout\u011b\u017en\u00edm z\u00e1pase, naopak se pouze st\u0159\u00eddal s veter\u00e1nem Stekelenburgem na pozici g\u00f3lmana \u010d\u00edsla dva.<\/p>\n<p>Po n\u00e1vratu z hostov\u00e1n\u00ed mlad\u00e9ho Portugalce Virg\u00ednii Toffees disponovali \u010dty\u0159mi dosp\u011bl\u00fdmi g\u00f3lmany, proto 30let\u00e9mu L\u00f6sslovi povolili zat\u00edm kr\u00e1tkodob\u00fd n\u00e1vrat do jeho b\u00fdval\u00e9ho klubu, jemu\u017e by m\u011bl pomoc se z\u00e1chranou v Championship, a z\u00e1rove\u0148 zabojovat o nominaci do d\u00e1nsk\u00e9 reprezentace pro letn\u00ed mistrovstv\u00ed Evropy.<\/p>\n","protected":false},"excerpt":{"rendered":"<p>Brank\u00e1\u0159 Jonas L\u00f6ssl se na p\u016flroku vrac\u00ed do Huddersfieldu, odkud v l\u00e9t\u011b p\u0159estoupil do Evertonu jako voln\u00fd hr\u00e1\u010d. Po p\u0159\u00edchodu&hellip;<\/p>\n","protected":false},"author":6,"featured_media":0,"comment_status":"open","ping_status":"closed","template":"","tags":[],"news-category":[18],"yoast_head":"<!-- This site is optimized with the Yoast SEO plugin v23.4 - https:\/\/yoast.com\/wordpress\/plugins\/seo\/ -->\n<title>L\u00f6ssl hostem v Huddersfieldu - Official Czech &amp; Slovak Everton Supporters&#039; Club<\/title>\n<meta name=\"robots\" content=\"index, follow, max-snippet:-1, max-image-preview:large, max-video-preview:-1\" \/>\n<link rel=\"canonical\" href=\"https:\/\/evertonfc.cz\/index.php\/news\/lossl-hostem-v-huddersfieldu\/\" \/>\n<meta property=\"og:locale\" content=\"cs_CZ\" \/>\n<meta property=\"og:type\" content=\"article\" \/>\n<meta property=\"og:title\" content=\"L\u00f6ssl hostem v Huddersfieldu - Official Czech &amp; Slovak Everton Supporters&#039; Club\" \/>\n<meta property=\"og:description\" content=\"Brank\u00e1\u0159 Jonas L\u00f6ssl se na p\u016flroku vrac\u00ed do Huddersfieldu, odkud v l\u00e9t\u011b p\u0159estoupil do Evertonu jako voln\u00fd hr\u00e1\u010d. Po p\u0159\u00edchodu&hellip;\" \/>\n<meta property=\"og:url\" content=\"https:\/\/evertonfc.cz\/index.php\/news\/lossl-hostem-v-huddersfieldu\/\" \/>\n<meta property=\"og:site_name\" content=\"Official Czech &amp; Slovak Everton Supporters&#039; Club\" \/>\n<meta property=\"article:publisher\" content=\"https:\/\/www.facebook.com\/everton.fans.cz.sk\" \/>\n<meta property=\"article:modified_time\" content=\"2020-02-01T07:59:53+00:00\" \/>\n<meta name=\"twitter:card\" content=\"summary_large_image\" \/>\n<meta name=\"twitter:label1\" content=\"Odhadovan\u00e1 doba \u010dten\u00ed\" \/>\n\t<meta name=\"twitter:data1\" content=\"1 minuta\" \/>\n<script type=\"application\/ld+json\" class=\"yoast-schema-graph\">{\"@context\":\"https:\/\/schema.org\",\"@graph\":[{\"@type\":\"WebPage\",\"@id\":\"https:\/\/evertonfc.cz\/index.php\/news\/lossl-hostem-v-huddersfieldu\/\",\"url\":\"https:\/\/evertonfc.cz\/index.php\/news\/lossl-hostem-v-huddersfieldu\/\",\"name\":\"L\u00f6ssl hostem v Huddersfieldu - Official Czech &amp; Slovak Everton Supporters&#039; Club\",\"isPartOf\":{\"@id\":\"https:\/\/evertonfc.cz\/#website\"},\"datePublished\":\"2020-02-01T07:56:10+00:00\",\"dateModified\":\"2020-02-01T07:59:53+00:00\",\"breadcrumb\":{\"@id\":\"https:\/\/evertonfc.cz\/index.php\/news\/lossl-hostem-v-huddersfieldu\/#breadcrumb\"},\"inLanguage\":\"cs\",\"potentialAction\":[{\"@type\":\"ReadAction\",\"target\":[\"https:\/\/evertonfc.cz\/index.php\/news\/lossl-hostem-v-huddersfieldu\/\"]}]},{\"@type\":\"BreadcrumbList\",\"@id\":\"https:\/\/evertonfc.cz\/index.php\/news\/lossl-hostem-v-huddersfieldu\/#breadcrumb\",\"itemListElement\":[{\"@type\":\"ListItem\",\"position\":1,\"name\":\"Home\",\"item\":\"https:\/\/evertonfc.cz\/\"},{\"@type\":\"ListItem\",\"position\":2,\"name\":\"News\",\"item\":\"https:\/\/evertonfc.cz\/index.php\/news\/\"},{\"@type\":\"ListItem\",\"position\":3,\"name\":\"L\u00f6ssl hostem v Huddersfieldu\"}]},{\"@type\":\"WebSite\",\"@id\":\"https:\/\/evertonfc.cz\/#website\",\"url\":\"https:\/\/evertonfc.cz\/\",\"name\":\"Official Czech &amp; Slovak Everton Supporters&#039; Club\",\"description\":\"\",\"publisher\":{\"@id\":\"https:\/\/evertonfc.cz\/#organization\"},\"potentialAction\":[{\"@type\":\"SearchAction\",\"target\":{\"@type\":\"EntryPoint\",\"urlTemplate\":\"https:\/\/evertonfc.cz\/?s={search_term_string}\"},\"query-input\":{\"@type\":\"PropertyValueSpecification\",\"valueRequired\":true,\"valueName\":\"search_term_string\"}}],\"inLanguage\":\"cs\"},{\"@type\":\"Organization\",\"@id\":\"https:\/\/evertonfc.cz\/#organization\",\"name\":\"Official Czech & Slovak Everton Supporters' Club\",\"url\":\"https:\/\/evertonfc.cz\/\",\"logo\":{\"@type\":\"ImageObject\",\"inLanguage\":\"cs\",\"@id\":\"https:\/\/evertonfc.cz\/#\/schema\/logo\/image\/\",\"url\":\"https:\/\/evertonfc.cz\/wp-content\/uploads\/2019\/05\/logo.png\",\"contentUrl\":\"https:\/\/evertonfc.cz\/wp-content\/uploads\/2019\/05\/logo.png\",\"width\":112,\"height\":112,\"caption\":\"Official Czech & Slovak Everton Supporters' Club\"},\"image\":{\"@id\":\"https:\/\/evertonfc.cz\/#\/schema\/logo\/image\/\"},\"sameAs\":[\"https:\/\/www.facebook.com\/everton.fans.cz.sk\"]}]}<\/script>\n<!-- \/ Yoast SEO plugin. -->","yoast_head_json":{"title":"L\u00f6ssl hostem v Huddersfieldu - Official Czech &amp; Slovak Everton Supporters&#039; Club","robots":{"index":"index","follow":"follow","max-snippet":"max-snippet:-1","max-image-preview":"max-image-preview:large","max-video-preview":"max-video-preview:-1"},"canonical":"https:\/\/evertonfc.cz\/index.php\/news\/lossl-hostem-v-huddersfieldu\/","og_locale":"cs_CZ","og_type":"article","og_title":"L\u00f6ssl hostem v Huddersfieldu - Official Czech &amp; Slovak Everton Supporters&#039; Club","og_description":"Brank\u00e1\u0159 Jonas L\u00f6ssl se na p\u016flroku vrac\u00ed do Huddersfieldu, odkud v l\u00e9t\u011b p\u0159estoupil do Evertonu jako voln\u00fd hr\u00e1\u010d. Po p\u0159\u00edchodu&hellip;","og_url":"https:\/\/evertonfc.cz\/index.php\/news\/lossl-hostem-v-huddersfieldu\/","og_site_name":"Official Czech &amp; Slovak Everton Supporters&#039; Club","article_publisher":"https:\/\/www.facebook.com\/everton.fans.cz.sk","article_modified_time":"2020-02-01T07:59:53+00:00","twitter_card":"summary_large_image","twitter_misc":{"Odhadovan\u00e1 doba \u010dten\u00ed":"1 minuta"},"schema":{"@context":"https:\/\/schema.org","@graph":[{"@type":"WebPage","@id":"https:\/\/evertonfc.cz\/index.php\/news\/lossl-hostem-v-huddersfieldu\/","url":"https:\/\/evertonfc.cz\/index.php\/news\/lossl-hostem-v-huddersfieldu\/","name":"L\u00f6ssl hostem v Huddersfieldu - Official Czech &amp; Slovak Everton Supporters&#039; Club","isPartOf":{"@id":"https:\/\/evertonfc.cz\/#website"},"datePublished":"2020-02-01T07:56:10+00:00","dateModified":"2020-02-01T07:59:53+00:00","breadcrumb":{"@id":"https:\/\/evertonfc.cz\/index.php\/news\/lossl-hostem-v-huddersfieldu\/#breadcrumb"},"inLanguage":"cs","potentialAction":[{"@type":"ReadAction","target":["https:\/\/evertonfc.cz\/index.php\/news\/lossl-hostem-v-huddersfieldu\/"]}]},{"@type":"BreadcrumbList","@id":"https:\/\/evertonfc.cz\/index.php\/news\/lossl-hostem-v-huddersfieldu\/#breadcrumb","itemListElement":[{"@type":"ListItem","position":1,"name":"Home","item":"https:\/\/evertonfc.cz\/"},{"@type":"ListItem","position":2,"name":"News","item":"https:\/\/evertonfc.cz\/index.php\/news\/"},{"@type":"ListItem","position":3,"name":"L\u00f6ssl hostem v Huddersfieldu"}]},{"@type":"WebSite","@id":"https:\/\/evertonfc.cz\/#website","url":"https:\/\/evertonfc.cz\/","name":"Official Czech &amp; Slovak Everton Supporters&#039; Club","description":"","publisher":{"@id":"https:\/\/evertonfc.cz\/#organization"},"potentialAction":[{"@type":"SearchAction","target":{"@type":"EntryPoint","urlTemplate":"https:\/\/evertonfc.cz\/?s={search_term_string}"},"query-input":{"@type":"PropertyValueSpecification","valueRequired":true,"valueName":"search_term_string"}}],"inLanguage":"cs"},{"@type":"Organization","@id":"https:\/\/evertonfc.cz\/#organization","name":"Official Czech & Slovak Everton Supporters' Club","url":"https:\/\/evertonfc.cz\/","logo":{"@type":"ImageObject","inLanguage":"cs","@id":"https:\/\/evertonfc.cz\/#\/schema\/logo\/image\/","url":"https:\/\/evertonfc.cz\/wp-content\/uploads\/2019\/05\/logo.png","contentUrl":"https:\/\/evertonfc.cz\/wp-content\/uploads\/2019\/05\/logo.png","width":112,"height":112,"caption":"Official Czech & Slovak Everton Supporters' Club"},"image":{"@id":"https:\/\/evertonfc.cz\/#\/schema\/logo\/image\/"},"sameAs":["https:\/\/www.facebook.com\/everton.fans.cz.sk"]}]}},"_links":{"self":[{"href":"https:\/\/evertonfc.cz\/index.php\/wp-json\/wp\/v2\/news\/10202"}],"collection":[{"href":"https:\/\/evertonfc.cz\/index.php\/wp-json\/wp\/v2\/news"}],"about":[{"href":"https:\/\/evertonfc.cz\/index.php\/wp-json\/wp\/v2\/types\/news"}],"author":[{"embeddable":true,"href":"https:\/\/evertonfc.cz\/index.php\/wp-json\/wp\/v2\/users\/6"}],"replies":[{"embeddable":true,"href":"https:\/\/evertonfc.cz\/index.php\/wp-json\/wp\/v2\/comments?post=10202"}],"version-history":[{"count":0,"href":"https:\/\/evertonfc.cz\/index.php\/wp-json\/wp\/v2\/news\/10202\/revisions"}],"wp:attachment":[{"href":"https:\/\/evertonfc.cz\/index.php\/wp-json\/wp\/v2\/media?parent=10202"}],"wp:term":[{"taxonomy":"post_tag","embeddable":true,"href":"https:\/\/evertonfc.cz\/index.php\/wp-json\/wp\/v2\/tags?post=10202"},{"taxonomy":"news-category","embeddable":true,"href":"https:\/\/evertonfc.cz\/index.php\/wp-json\/wp\/v2\/news-category?post=10202"}],"curies":[{"name":"wp","href":"https:\/\/api.w.org\/{rel}","templated":true}]}}