{"id":10242,"date":"2020-02-03T10:31:58","date_gmt":"2020-02-03T09:31:58","guid":{"rendered":"https:\/\/evertonfc.cz\/?post_type=news&#038;p=10242"},"modified":"2020-02-03T10:31:58","modified_gmt":"2020-02-03T09:31:58","slug":"sigurdsson-ma-stale-sympatie","status":"publish","type":"news","link":"https:\/\/evertonfc.cz\/index.php\/news\/sigurdsson-ma-stale-sympatie\/","title":{"rendered":"Sigurdsson m\u00e1 st\u00e1le sympatie"},"content":{"rendered":"<p>Anketa a predaji islandsk\u00e9ho z\u00e1lo\u017en\u00edka Gylfiho Sigurdssona v janu\u00e1ri u\u017e nie je aktu\u00e1lna, pri\u0161iel \u010das teda zhodnoti\u0165 v\u00fdsledky. Tridsa\u0165ro\u010dn\u00fd \u0161p\u00edlmacher ani z\u010faleka nepod\u00e1va v\u00fdkony hodn\u00e9 jeho mena, preto pri\u0161la na pretras v\u00a0m\u00e9di\u00e1ch aj jeho bud\u00facnos\u0165 v\u00a0klube. Zarobi\u0165 v\u0161ak na hr\u00e1\u010dovi v\u00a0janu\u00e1ri, obzvl\u00e1\u0161\u0165 star\u0161om, je n\u00e1ro\u010dn\u00e9.<\/p>\n<p>Ak k\u00a0tomu prir\u00e1tame premr\u0161ten\u00fa sumu, za ktor\u00fa do Evertonu prest\u00fapil, veru sizyfovsk\u00e1 \u00faloha by \u010dakala ka\u017ed\u00e9ho poveren\u00e9ho. Brands tento \u00fadel bude ma\u0165 na starosti pravdepodobne a\u017e v\u00a0lete. Teraz toti\u017e \u017eiadne ponuky na Sigurdssona nepri\u0161li. Ba okrem po\u010diato\u010dn\u00fdch senz\u00e1cii m\u00e9di\u00ed sa ni\u010d viac neudialo, ani nenap\u00edsalo.<\/p>\n<p>Ako sa situ\u00e1cia \u010falej vyvinie uk\u00e1\u017ee len \u010das a\u00a0najm\u00e4 samotn\u00fd hr\u00e1\u010d. Len Gylfi svojimi v\u00fdkonmi sa m\u00f4\u017ee zasl\u00fa\u017ei\u0165 o\u00a0\u010fal\u0161ie zotrvanie v\u00a0kr\u00e1\u013eovskej modrej, alebo zbalenie si vec\u00ed a\u00a0h\u013eadanie nov\u00e9ho domova. Fan\u00fa\u0161ikovia nad n\u00edm palicu e\u0161te nezlomili. Vidno to aj v\u00a0na\u0161om prieskume. Z\u00fa\u010dastnilo sa 29 \u013eud\u00ed a\u00a0hlasovalo takto:<\/p>\n<p><u>S\u00fahlasili by ste v pr\u00edpade adekv\u00e1tnej ponuky s predajom Sigurdssona v aktu\u00e1lnom prestupovom okne?<\/u><\/p>\n<ul>\n<li>9 hlasov (31.03 %) &#8211; <strong>\u00c1no, ale len v pr\u00edpade n\u00e1hrady.<\/strong><\/li>\n<li>7 hlasov (24.14 %) &#8211; <strong>\u00c1no, t\u00edmu nem\u00e1 \u010do pon\u00faknu\u0165.<\/strong><\/li>\n<li>7 hlasov (24.14 %) &#8211; <strong>Nie, s predajom treba po\u010dka\u0165 do leta.<\/strong><\/li>\n<li>6 hlasov (20.69 %) &#8211; <strong>Nie, st\u00e1le je to k\u013e\u00fa\u010dov\u00fd hr\u00e1\u010d.<\/strong><\/li>\n<\/ul>\n","protected":false},"excerpt":{"rendered":"<p>Anketa a predaji islandsk\u00e9ho z\u00e1lo\u017en\u00edka Gylfiho Sigurdssona v janu\u00e1ri u\u017e nie je aktu\u00e1lna, pri\u0161iel \u010das teda zhodnoti\u0165 v\u00fdsledky. Tridsa\u0165ro\u010dn\u00fd \u0161p\u00edlmacher&hellip;<\/p>\n","protected":false},"author":1,"featured_media":0,"comment_status":"open","ping_status":"closed","template":"","tags":[],"news-category":[18],"yoast_head":"<!-- This site is optimized with the Yoast SEO plugin v23.4 - https:\/\/yoast.com\/wordpress\/plugins\/seo\/ -->\n<title>Sigurdsson m\u00e1 st\u00e1le sympatie - Official Czech &amp; Slovak Everton Supporters&#039; Club<\/title>\n<meta name=\"robots\" content=\"index, follow, max-snippet:-1, max-image-preview:large, max-video-preview:-1\" \/>\n<link rel=\"canonical\" href=\"https:\/\/evertonfc.cz\/index.php\/news\/sigurdsson-ma-stale-sympatie\/\" \/>\n<meta property=\"og:locale\" content=\"cs_CZ\" \/>\n<meta property=\"og:type\" content=\"article\" \/>\n<meta property=\"og:title\" content=\"Sigurdsson m\u00e1 st\u00e1le sympatie - Official Czech &amp; Slovak Everton Supporters&#039; Club\" \/>\n<meta property=\"og:description\" content=\"Anketa a predaji islandsk\u00e9ho z\u00e1lo\u017en\u00edka Gylfiho Sigurdssona v janu\u00e1ri u\u017e nie je aktu\u00e1lna, pri\u0161iel \u010das teda zhodnoti\u0165 v\u00fdsledky. Tridsa\u0165ro\u010dn\u00fd \u0161p\u00edlmacher&hellip;\" \/>\n<meta property=\"og:url\" content=\"https:\/\/evertonfc.cz\/index.php\/news\/sigurdsson-ma-stale-sympatie\/\" \/>\n<meta property=\"og:site_name\" content=\"Official Czech &amp; Slovak Everton Supporters&#039; Club\" \/>\n<meta property=\"article:publisher\" content=\"https:\/\/www.facebook.com\/everton.fans.cz.sk\" \/>\n<meta name=\"twitter:card\" content=\"summary_large_image\" \/>\n<meta name=\"twitter:label1\" content=\"Odhadovan\u00e1 doba \u010dten\u00ed\" \/>\n\t<meta name=\"twitter:data1\" content=\"1 minuta\" \/>\n<script type=\"application\/ld+json\" class=\"yoast-schema-graph\">{\"@context\":\"https:\/\/schema.org\",\"@graph\":[{\"@type\":\"WebPage\",\"@id\":\"https:\/\/evertonfc.cz\/index.php\/news\/sigurdsson-ma-stale-sympatie\/\",\"url\":\"https:\/\/evertonfc.cz\/index.php\/news\/sigurdsson-ma-stale-sympatie\/\",\"name\":\"Sigurdsson m\u00e1 st\u00e1le sympatie - Official Czech &amp; Slovak Everton Supporters&#039; Club\",\"isPartOf\":{\"@id\":\"https:\/\/evertonfc.cz\/#website\"},\"datePublished\":\"2020-02-03T09:31:58+00:00\",\"dateModified\":\"2020-02-03T09:31:58+00:00\",\"breadcrumb\":{\"@id\":\"https:\/\/evertonfc.cz\/index.php\/news\/sigurdsson-ma-stale-sympatie\/#breadcrumb\"},\"inLanguage\":\"cs\",\"potentialAction\":[{\"@type\":\"ReadAction\",\"target\":[\"https:\/\/evertonfc.cz\/index.php\/news\/sigurdsson-ma-stale-sympatie\/\"]}]},{\"@type\":\"BreadcrumbList\",\"@id\":\"https:\/\/evertonfc.cz\/index.php\/news\/sigurdsson-ma-stale-sympatie\/#breadcrumb\",\"itemListElement\":[{\"@type\":\"ListItem\",\"position\":1,\"name\":\"Home\",\"item\":\"https:\/\/evertonfc.cz\/\"},{\"@type\":\"ListItem\",\"position\":2,\"name\":\"News\",\"item\":\"https:\/\/evertonfc.cz\/index.php\/news\/\"},{\"@type\":\"ListItem\",\"position\":3,\"name\":\"Sigurdsson m\u00e1 st\u00e1le sympatie\"}]},{\"@type\":\"WebSite\",\"@id\":\"https:\/\/evertonfc.cz\/#website\",\"url\":\"https:\/\/evertonfc.cz\/\",\"name\":\"Official Czech &amp; Slovak Everton Supporters&#039; Club\",\"description\":\"\",\"publisher\":{\"@id\":\"https:\/\/evertonfc.cz\/#organization\"},\"potentialAction\":[{\"@type\":\"SearchAction\",\"target\":{\"@type\":\"EntryPoint\",\"urlTemplate\":\"https:\/\/evertonfc.cz\/?s={search_term_string}\"},\"query-input\":{\"@type\":\"PropertyValueSpecification\",\"valueRequired\":true,\"valueName\":\"search_term_string\"}}],\"inLanguage\":\"cs\"},{\"@type\":\"Organization\",\"@id\":\"https:\/\/evertonfc.cz\/#organization\",\"name\":\"Official Czech & Slovak Everton Supporters' Club\",\"url\":\"https:\/\/evertonfc.cz\/\",\"logo\":{\"@type\":\"ImageObject\",\"inLanguage\":\"cs\",\"@id\":\"https:\/\/evertonfc.cz\/#\/schema\/logo\/image\/\",\"url\":\"https:\/\/evertonfc.cz\/wp-content\/uploads\/2019\/05\/logo.png\",\"contentUrl\":\"https:\/\/evertonfc.cz\/wp-content\/uploads\/2019\/05\/logo.png\",\"width\":112,\"height\":112,\"caption\":\"Official Czech & Slovak Everton Supporters' Club\"},\"image\":{\"@id\":\"https:\/\/evertonfc.cz\/#\/schema\/logo\/image\/\"},\"sameAs\":[\"https:\/\/www.facebook.com\/everton.fans.cz.sk\"]}]}<\/script>\n<!-- \/ Yoast SEO plugin. -->","yoast_head_json":{"title":"Sigurdsson m\u00e1 st\u00e1le sympatie - Official Czech &amp; Slovak Everton Supporters&#039; Club","robots":{"index":"index","follow":"follow","max-snippet":"max-snippet:-1","max-image-preview":"max-image-preview:large","max-video-preview":"max-video-preview:-1"},"canonical":"https:\/\/evertonfc.cz\/index.php\/news\/sigurdsson-ma-stale-sympatie\/","og_locale":"cs_CZ","og_type":"article","og_title":"Sigurdsson m\u00e1 st\u00e1le sympatie - Official Czech &amp; Slovak Everton Supporters&#039; Club","og_description":"Anketa a predaji islandsk\u00e9ho z\u00e1lo\u017en\u00edka Gylfiho Sigurdssona v janu\u00e1ri u\u017e nie je aktu\u00e1lna, pri\u0161iel \u010das teda zhodnoti\u0165 v\u00fdsledky. Tridsa\u0165ro\u010dn\u00fd \u0161p\u00edlmacher&hellip;","og_url":"https:\/\/evertonfc.cz\/index.php\/news\/sigurdsson-ma-stale-sympatie\/","og_site_name":"Official Czech &amp; Slovak Everton Supporters&#039; Club","article_publisher":"https:\/\/www.facebook.com\/everton.fans.cz.sk","twitter_card":"summary_large_image","twitter_misc":{"Odhadovan\u00e1 doba \u010dten\u00ed":"1 minuta"},"schema":{"@context":"https:\/\/schema.org","@graph":[{"@type":"WebPage","@id":"https:\/\/evertonfc.cz\/index.php\/news\/sigurdsson-ma-stale-sympatie\/","url":"https:\/\/evertonfc.cz\/index.php\/news\/sigurdsson-ma-stale-sympatie\/","name":"Sigurdsson m\u00e1 st\u00e1le sympatie - Official Czech &amp; Slovak Everton Supporters&#039; Club","isPartOf":{"@id":"https:\/\/evertonfc.cz\/#website"},"datePublished":"2020-02-03T09:31:58+00:00","dateModified":"2020-02-03T09:31:58+00:00","breadcrumb":{"@id":"https:\/\/evertonfc.cz\/index.php\/news\/sigurdsson-ma-stale-sympatie\/#breadcrumb"},"inLanguage":"cs","potentialAction":[{"@type":"ReadAction","target":["https:\/\/evertonfc.cz\/index.php\/news\/sigurdsson-ma-stale-sympatie\/"]}]},{"@type":"BreadcrumbList","@id":"https:\/\/evertonfc.cz\/index.php\/news\/sigurdsson-ma-stale-sympatie\/#breadcrumb","itemListElement":[{"@type":"ListItem","position":1,"name":"Home","item":"https:\/\/evertonfc.cz\/"},{"@type":"ListItem","position":2,"name":"News","item":"https:\/\/evertonfc.cz\/index.php\/news\/"},{"@type":"ListItem","position":3,"name":"Sigurdsson m\u00e1 st\u00e1le sympatie"}]},{"@type":"WebSite","@id":"https:\/\/evertonfc.cz\/#website","url":"https:\/\/evertonfc.cz\/","name":"Official Czech &amp; Slovak Everton Supporters&#039; Club","description":"","publisher":{"@id":"https:\/\/evertonfc.cz\/#organization"},"potentialAction":[{"@type":"SearchAction","target":{"@type":"EntryPoint","urlTemplate":"https:\/\/evertonfc.cz\/?s={search_term_string}"},"query-input":{"@type":"PropertyValueSpecification","valueRequired":true,"valueName":"search_term_string"}}],"inLanguage":"cs"},{"@type":"Organization","@id":"https:\/\/evertonfc.cz\/#organization","name":"Official Czech & Slovak Everton Supporters' Club","url":"https:\/\/evertonfc.cz\/","logo":{"@type":"ImageObject","inLanguage":"cs","@id":"https:\/\/evertonfc.cz\/#\/schema\/logo\/image\/","url":"https:\/\/evertonfc.cz\/wp-content\/uploads\/2019\/05\/logo.png","contentUrl":"https:\/\/evertonfc.cz\/wp-content\/uploads\/2019\/05\/logo.png","width":112,"height":112,"caption":"Official Czech & Slovak Everton Supporters' Club"},"image":{"@id":"https:\/\/evertonfc.cz\/#\/schema\/logo\/image\/"},"sameAs":["https:\/\/www.facebook.com\/everton.fans.cz.sk"]}]}},"_links":{"self":[{"href":"https:\/\/evertonfc.cz\/index.php\/wp-json\/wp\/v2\/news\/10242"}],"collection":[{"href":"https:\/\/evertonfc.cz\/index.php\/wp-json\/wp\/v2\/news"}],"about":[{"href":"https:\/\/evertonfc.cz\/index.php\/wp-json\/wp\/v2\/types\/news"}],"author":[{"embeddable":true,"href":"https:\/\/evertonfc.cz\/index.php\/wp-json\/wp\/v2\/users\/1"}],"replies":[{"embeddable":true,"href":"https:\/\/evertonfc.cz\/index.php\/wp-json\/wp\/v2\/comments?post=10242"}],"version-history":[{"count":0,"href":"https:\/\/evertonfc.cz\/index.php\/wp-json\/wp\/v2\/news\/10242\/revisions"}],"wp:attachment":[{"href":"https:\/\/evertonfc.cz\/index.php\/wp-json\/wp\/v2\/media?parent=10242"}],"wp:term":[{"taxonomy":"post_tag","embeddable":true,"href":"https:\/\/evertonfc.cz\/index.php\/wp-json\/wp\/v2\/tags?post=10242"},{"taxonomy":"news-category","embeddable":true,"href":"https:\/\/evertonfc.cz\/index.php\/wp-json\/wp\/v2\/news-category?post=10242"}],"curies":[{"name":"wp","href":"https:\/\/api.w.org\/{rel}","templated":true}]}}