{"id":10309,"date":"2020-02-17T10:47:22","date_gmt":"2020-02-17T09:47:22","guid":{"rendered":"https:\/\/evertonfc.cz\/?post_type=news&#038;p=10309"},"modified":"2020-02-17T12:55:52","modified_gmt":"2020-02-17T11:55:52","slug":"spolupraca-so-sportpesa-skonci","status":"publish","type":"news","link":"https:\/\/evertonfc.cz\/index.php\/news\/spolupraca-so-sportpesa-skonci\/","title":{"rendered":"Spolupr\u00e1ca so SportPesa skon\u010d\u00ed"},"content":{"rendered":"<p>Everton na svojej ofici\u00e1lnej webovej str\u00e1nke v\u010dera ozn\u00e1mil, \u017ee na konci aktu\u00e1lnej sez\u00f3ny pred\u010dasne ukon\u010d\u00ed spolupr\u00e1cu\u00a0s\u00a0africkou st\u00e1vkovou spolo\u010dnos\u0165ou, ktor\u00e1 bola hlavn\u00fdm partnerom klubu od m\u00e1ja roku 2017. Obidve strany sa dohodli na zru\u0161en\u00ed st\u00e1vaj\u00faceho kontraktu, ktor\u00fd bol podp\u00edsan\u00fd na dobu piatich rokov.<\/p>\n<p>Hodnota sponzorskej zmluvy pod\u013ea m\u00e9di\u00ed pre Everton zaru\u010dovala ro\u010dne pr\u00edjem 9.6 mili\u00f3na libier. Rekordn\u00e1 v\u00fd\u0161ka a obrovsk\u00fd skok od predch\u00e1dzaj\u00facich sponzorov ako boli Chang (\u00a35.3m ro\u010dne posledn\u00e9 3 roky) \u010di Kejian (\u00a32.5m celkovo). Ako s\u00fa\u010das\u0165 dohody sa Toffees dvakr\u00e1t z\u00fa\u010dastnili futbalov\u00e9ho turnaja v Keni a Tanz\u00e1nii.<\/p>\n<p>Klub vraj k\u00a0rozhodnutiu dospel po presved\u010divom presk\u00faman\u00ed zmluvy, s\u00a0cie\u013eom naplni\u0165 komer\u010dn\u00fd pl\u00e1n a\u00a0dosiahnu\u0165 po\u017eadovan\u00fd rast. Zav\u00e1\u017ei\u0165 mohla aj etick\u00e1 str\u00e1nka, a\u00a0to nepropagova\u0165 hazard. V\u00a0poslednom dom\u00e1com z\u00e1pase mal Everton na dresoch EITC. Nov\u00fd sponzor bude predstaven\u00fd pred za\u010diatkom sez\u00f3ny 2020\/2021.<\/p>\n","protected":false},"excerpt":{"rendered":"<p>Everton na svojej ofici\u00e1lnej webovej str\u00e1nke v\u010dera ozn\u00e1mil, \u017ee na konci aktu\u00e1lnej sez\u00f3ny pred\u010dasne ukon\u010d\u00ed spolupr\u00e1cu\u00a0s\u00a0africkou st\u00e1vkovou spolo\u010dnos\u0165ou, ktor\u00e1 bola&hellip;<\/p>\n","protected":false},"author":1,"featured_media":0,"comment_status":"open","ping_status":"closed","template":"","tags":[],"news-category":[18],"yoast_head":"<!-- This site is optimized with the Yoast SEO plugin v23.4 - https:\/\/yoast.com\/wordpress\/plugins\/seo\/ -->\n<title>Spolupr\u00e1ca so SportPesa skon\u010d\u00ed - Official Czech &amp; Slovak Everton Supporters&#039; Club<\/title>\n<meta name=\"robots\" content=\"index, follow, max-snippet:-1, max-image-preview:large, max-video-preview:-1\" \/>\n<link rel=\"canonical\" href=\"https:\/\/evertonfc.cz\/index.php\/news\/spolupraca-so-sportpesa-skonci\/\" \/>\n<meta property=\"og:locale\" content=\"cs_CZ\" \/>\n<meta property=\"og:type\" content=\"article\" \/>\n<meta property=\"og:title\" content=\"Spolupr\u00e1ca so SportPesa skon\u010d\u00ed - Official Czech &amp; Slovak Everton Supporters&#039; Club\" \/>\n<meta property=\"og:description\" content=\"Everton na svojej ofici\u00e1lnej webovej str\u00e1nke v\u010dera ozn\u00e1mil, \u017ee na konci aktu\u00e1lnej sez\u00f3ny pred\u010dasne ukon\u010d\u00ed spolupr\u00e1cu\u00a0s\u00a0africkou st\u00e1vkovou spolo\u010dnos\u0165ou, ktor\u00e1 bola&hellip;\" \/>\n<meta property=\"og:url\" content=\"https:\/\/evertonfc.cz\/index.php\/news\/spolupraca-so-sportpesa-skonci\/\" \/>\n<meta property=\"og:site_name\" content=\"Official Czech &amp; Slovak Everton Supporters&#039; Club\" \/>\n<meta property=\"article:publisher\" content=\"https:\/\/www.facebook.com\/everton.fans.cz.sk\" \/>\n<meta property=\"article:modified_time\" content=\"2020-02-17T11:55:52+00:00\" \/>\n<meta name=\"twitter:card\" content=\"summary_large_image\" \/>\n<meta name=\"twitter:label1\" content=\"Odhadovan\u00e1 doba \u010dten\u00ed\" \/>\n\t<meta name=\"twitter:data1\" content=\"1 minuta\" \/>\n<script type=\"application\/ld+json\" class=\"yoast-schema-graph\">{\"@context\":\"https:\/\/schema.org\",\"@graph\":[{\"@type\":\"WebPage\",\"@id\":\"https:\/\/evertonfc.cz\/index.php\/news\/spolupraca-so-sportpesa-skonci\/\",\"url\":\"https:\/\/evertonfc.cz\/index.php\/news\/spolupraca-so-sportpesa-skonci\/\",\"name\":\"Spolupr\u00e1ca so SportPesa skon\u010d\u00ed - Official Czech &amp; Slovak Everton Supporters&#039; Club\",\"isPartOf\":{\"@id\":\"https:\/\/evertonfc.cz\/#website\"},\"datePublished\":\"2020-02-17T09:47:22+00:00\",\"dateModified\":\"2020-02-17T11:55:52+00:00\",\"breadcrumb\":{\"@id\":\"https:\/\/evertonfc.cz\/index.php\/news\/spolupraca-so-sportpesa-skonci\/#breadcrumb\"},\"inLanguage\":\"cs\",\"potentialAction\":[{\"@type\":\"ReadAction\",\"target\":[\"https:\/\/evertonfc.cz\/index.php\/news\/spolupraca-so-sportpesa-skonci\/\"]}]},{\"@type\":\"BreadcrumbList\",\"@id\":\"https:\/\/evertonfc.cz\/index.php\/news\/spolupraca-so-sportpesa-skonci\/#breadcrumb\",\"itemListElement\":[{\"@type\":\"ListItem\",\"position\":1,\"name\":\"Home\",\"item\":\"https:\/\/evertonfc.cz\/\"},{\"@type\":\"ListItem\",\"position\":2,\"name\":\"News\",\"item\":\"https:\/\/evertonfc.cz\/index.php\/news\/\"},{\"@type\":\"ListItem\",\"position\":3,\"name\":\"Spolupr\u00e1ca so SportPesa skon\u010d\u00ed\"}]},{\"@type\":\"WebSite\",\"@id\":\"https:\/\/evertonfc.cz\/#website\",\"url\":\"https:\/\/evertonfc.cz\/\",\"name\":\"Official Czech &amp; Slovak Everton Supporters&#039; Club\",\"description\":\"\",\"publisher\":{\"@id\":\"https:\/\/evertonfc.cz\/#organization\"},\"potentialAction\":[{\"@type\":\"SearchAction\",\"target\":{\"@type\":\"EntryPoint\",\"urlTemplate\":\"https:\/\/evertonfc.cz\/?s={search_term_string}\"},\"query-input\":{\"@type\":\"PropertyValueSpecification\",\"valueRequired\":true,\"valueName\":\"search_term_string\"}}],\"inLanguage\":\"cs\"},{\"@type\":\"Organization\",\"@id\":\"https:\/\/evertonfc.cz\/#organization\",\"name\":\"Official Czech & Slovak Everton Supporters' Club\",\"url\":\"https:\/\/evertonfc.cz\/\",\"logo\":{\"@type\":\"ImageObject\",\"inLanguage\":\"cs\",\"@id\":\"https:\/\/evertonfc.cz\/#\/schema\/logo\/image\/\",\"url\":\"https:\/\/evertonfc.cz\/wp-content\/uploads\/2019\/05\/logo.png\",\"contentUrl\":\"https:\/\/evertonfc.cz\/wp-content\/uploads\/2019\/05\/logo.png\",\"width\":112,\"height\":112,\"caption\":\"Official Czech & Slovak Everton Supporters' Club\"},\"image\":{\"@id\":\"https:\/\/evertonfc.cz\/#\/schema\/logo\/image\/\"},\"sameAs\":[\"https:\/\/www.facebook.com\/everton.fans.cz.sk\"]}]}<\/script>\n<!-- \/ Yoast SEO plugin. -->","yoast_head_json":{"title":"Spolupr\u00e1ca so SportPesa skon\u010d\u00ed - Official Czech &amp; Slovak Everton Supporters&#039; Club","robots":{"index":"index","follow":"follow","max-snippet":"max-snippet:-1","max-image-preview":"max-image-preview:large","max-video-preview":"max-video-preview:-1"},"canonical":"https:\/\/evertonfc.cz\/index.php\/news\/spolupraca-so-sportpesa-skonci\/","og_locale":"cs_CZ","og_type":"article","og_title":"Spolupr\u00e1ca so SportPesa skon\u010d\u00ed - Official Czech &amp; Slovak Everton Supporters&#039; Club","og_description":"Everton na svojej ofici\u00e1lnej webovej str\u00e1nke v\u010dera ozn\u00e1mil, \u017ee na konci aktu\u00e1lnej sez\u00f3ny pred\u010dasne ukon\u010d\u00ed spolupr\u00e1cu\u00a0s\u00a0africkou st\u00e1vkovou spolo\u010dnos\u0165ou, ktor\u00e1 bola&hellip;","og_url":"https:\/\/evertonfc.cz\/index.php\/news\/spolupraca-so-sportpesa-skonci\/","og_site_name":"Official Czech &amp; Slovak Everton Supporters&#039; Club","article_publisher":"https:\/\/www.facebook.com\/everton.fans.cz.sk","article_modified_time":"2020-02-17T11:55:52+00:00","twitter_card":"summary_large_image","twitter_misc":{"Odhadovan\u00e1 doba \u010dten\u00ed":"1 minuta"},"schema":{"@context":"https:\/\/schema.org","@graph":[{"@type":"WebPage","@id":"https:\/\/evertonfc.cz\/index.php\/news\/spolupraca-so-sportpesa-skonci\/","url":"https:\/\/evertonfc.cz\/index.php\/news\/spolupraca-so-sportpesa-skonci\/","name":"Spolupr\u00e1ca so SportPesa skon\u010d\u00ed - Official Czech &amp; Slovak Everton Supporters&#039; Club","isPartOf":{"@id":"https:\/\/evertonfc.cz\/#website"},"datePublished":"2020-02-17T09:47:22+00:00","dateModified":"2020-02-17T11:55:52+00:00","breadcrumb":{"@id":"https:\/\/evertonfc.cz\/index.php\/news\/spolupraca-so-sportpesa-skonci\/#breadcrumb"},"inLanguage":"cs","potentialAction":[{"@type":"ReadAction","target":["https:\/\/evertonfc.cz\/index.php\/news\/spolupraca-so-sportpesa-skonci\/"]}]},{"@type":"BreadcrumbList","@id":"https:\/\/evertonfc.cz\/index.php\/news\/spolupraca-so-sportpesa-skonci\/#breadcrumb","itemListElement":[{"@type":"ListItem","position":1,"name":"Home","item":"https:\/\/evertonfc.cz\/"},{"@type":"ListItem","position":2,"name":"News","item":"https:\/\/evertonfc.cz\/index.php\/news\/"},{"@type":"ListItem","position":3,"name":"Spolupr\u00e1ca so SportPesa skon\u010d\u00ed"}]},{"@type":"WebSite","@id":"https:\/\/evertonfc.cz\/#website","url":"https:\/\/evertonfc.cz\/","name":"Official Czech &amp; Slovak Everton Supporters&#039; Club","description":"","publisher":{"@id":"https:\/\/evertonfc.cz\/#organization"},"potentialAction":[{"@type":"SearchAction","target":{"@type":"EntryPoint","urlTemplate":"https:\/\/evertonfc.cz\/?s={search_term_string}"},"query-input":{"@type":"PropertyValueSpecification","valueRequired":true,"valueName":"search_term_string"}}],"inLanguage":"cs"},{"@type":"Organization","@id":"https:\/\/evertonfc.cz\/#organization","name":"Official Czech & Slovak Everton Supporters' Club","url":"https:\/\/evertonfc.cz\/","logo":{"@type":"ImageObject","inLanguage":"cs","@id":"https:\/\/evertonfc.cz\/#\/schema\/logo\/image\/","url":"https:\/\/evertonfc.cz\/wp-content\/uploads\/2019\/05\/logo.png","contentUrl":"https:\/\/evertonfc.cz\/wp-content\/uploads\/2019\/05\/logo.png","width":112,"height":112,"caption":"Official Czech & Slovak Everton Supporters' Club"},"image":{"@id":"https:\/\/evertonfc.cz\/#\/schema\/logo\/image\/"},"sameAs":["https:\/\/www.facebook.com\/everton.fans.cz.sk"]}]}},"_links":{"self":[{"href":"https:\/\/evertonfc.cz\/index.php\/wp-json\/wp\/v2\/news\/10309"}],"collection":[{"href":"https:\/\/evertonfc.cz\/index.php\/wp-json\/wp\/v2\/news"}],"about":[{"href":"https:\/\/evertonfc.cz\/index.php\/wp-json\/wp\/v2\/types\/news"}],"author":[{"embeddable":true,"href":"https:\/\/evertonfc.cz\/index.php\/wp-json\/wp\/v2\/users\/1"}],"replies":[{"embeddable":true,"href":"https:\/\/evertonfc.cz\/index.php\/wp-json\/wp\/v2\/comments?post=10309"}],"version-history":[{"count":1,"href":"https:\/\/evertonfc.cz\/index.php\/wp-json\/wp\/v2\/news\/10309\/revisions"}],"predecessor-version":[{"id":10311,"href":"https:\/\/evertonfc.cz\/index.php\/wp-json\/wp\/v2\/news\/10309\/revisions\/10311"}],"wp:attachment":[{"href":"https:\/\/evertonfc.cz\/index.php\/wp-json\/wp\/v2\/media?parent=10309"}],"wp:term":[{"taxonomy":"post_tag","embeddable":true,"href":"https:\/\/evertonfc.cz\/index.php\/wp-json\/wp\/v2\/tags?post=10309"},{"taxonomy":"news-category","embeddable":true,"href":"https:\/\/evertonfc.cz\/index.php\/wp-json\/wp\/v2\/news-category?post=10309"}],"curies":[{"name":"wp","href":"https:\/\/api.w.org\/{rel}","templated":true}]}}