{"id":10367,"date":"2020-02-26T10:12:09","date_gmt":"2020-02-26T09:12:09","guid":{"rendered":"https:\/\/evertonfc.cz\/?post_type=news&#038;p=10367"},"modified":"2020-02-26T10:14:24","modified_gmt":"2020-02-26T09:14:24","slug":"zajem-o-stopera-lille","status":"publish","type":"news","link":"https:\/\/evertonfc.cz\/index.php\/news\/zajem-o-stopera-lille\/","title":{"rendered":"Z\u00e1jem o stopera Lille"},"content":{"rendered":"<p>Everton <a href=\"https:\/\/www.thetimes.co.uk\/article\/everton-join-leicester-and-arsenal-in-race-to-sign-25m-lille-defender-gabriel-ht3mct057\" target=\"_blank\" rel=\"noopener noreferrer\">podle informac\u00ed d\u016fv\u011bryhodn\u00e9ho novin\u00e1\u0159e Paula Joyce z den\u00edku The Times<\/a> uva\u017euje o letn\u00edm p\u0159\u00edchodu st\u0159edn\u00edho obr\u00e1nce z francouzsk\u00e9ho Lille, jeho\u017e cel\u00e9 jm\u00e9no zn\u00ed Gabriel dos Santos Magalh\u00e3es.<\/p>\n<p>Skauti Toffees jezd\u00ed v posledn\u00edch m\u011bs\u00edc\u00edch pravideln\u011b sledovat v\u00fdkony 22let\u00e9ho brazilsk\u00e9ho stopera, jen\u017e utkv\u011bl tak\u00e9 v hled\u00e1\u010dku Leicesteru City a Arsenalu.<\/p>\n<p>Levonoh\u00fd Gabriel je i p\u0159es svou v\u00fd\u0161ku 190 centimetr\u016f atletick\u00fdm typem hr\u00e1\u010dem, a p\u0159esto\u017ee jenom v minul\u00e9m m\u011bs\u00edci podepsal s Lille nov\u00fd kontrakt, v l\u00e9t\u011b by m\u011bl b\u00fdt k m\u00e1n\u00ed za p\u0159\u00edv\u011btivou \u010d\u00e1stku okolo 25 milion\u016f liber.<\/p>\n<p>Everton se v lo\u0148sk\u00e9m l\u00e9t\u011b ne\u00fasp\u011b\u0161n\u011b poohl\u00ed\u017eel na p\u0159estupov\u00e9m trhu po st\u0159edn\u00edm obr\u00e1nci. Nevy\u0161lo mu anga\u017eov\u00e1n\u00ed Kurta Zoumy z Chelsea ani Nathana Ak\u00e9ho z Bournemouthu.<\/p>\n<p>I p\u0159es v\u00edtan\u00fd progres Masona Holgatea, kter\u00fd v aktu\u00e1ln\u00edm ro\u010dn\u00edku tvo\u0159\u00ed s Yerrym Minou nej\u010dast\u011bj\u0161\u00ed stoperskou dvojici, se o\u010dek\u00e1v\u00e1 posiln\u011bn\u00ed zadn\u00edch \u0159ad. Carlo Ancelotti prozat\u00edm nen\u00ed p\u0159\u00edli\u0161 spokojen s defenzivn\u00ed hrou sv\u00e9ho t\u00fdmu, p\u0159i\u010dem\u017e z\u00e1rove\u0148 ve st\u0159edu obrany chyb\u00ed zdr\u00e1va konkurence. Dal\u0161\u00ed stoper Michael Keane se zat\u00edm net\u011b\u0161\u00ed velk\u00e9 d\u016fv\u011b\u0159e italsk\u00e9ho mana\u017eera, odehr\u00e1l pod n\u00edm pouh\u00e1 t\u0159i utk\u00e1n\u00ed a jeho budoucnost v klubu je nejist\u00e1.<\/p>\n<p>Podle dal\u0161\u00edch informac\u00ed Joyce se p\u0159edstavitel\u00e9 Evertonu zat\u00edm nerozhodli, zda uplatn\u00ed opci v\u00a0hodnot\u011b 13 milion\u016f liber na prav\u00e9ho obr\u00e1nce Djibrila Sidib\u00e9ho. 27let\u00fd Francouz si odb\u00fdv\u00e1 na Goodison Parku ro\u010dn\u00ed hostov\u00e1n\u00ed z\u00a0monack\u00e9ho AS.<\/p>\n<p>Pozitivn\u00ed zpr\u00e1vou je ov\u0161em novinka o tom, \u017ee Toffees pr\u00fd podep\u00ed\u0161ou nov\u00e9 dlouhodob\u00e9 smlouvy s\u00a0Masonem Holgatem a Dominicem Calvertem-Lewinem, ji\u017e i p\u0159es sv\u016fj mlad\u0161\u00ed v\u011bk pat\u0159i k\u00a0opor\u00e1m leto\u0161n\u00edho Evertonu.<\/p>\n","protected":false},"excerpt":{"rendered":"<p>Everton podle informac\u00ed d\u016fv\u011bryhodn\u00e9ho novin\u00e1\u0159e Paula Joyce z den\u00edku The Times uva\u017euje o letn\u00edm p\u0159\u00edchodu st\u0159edn\u00edho obr\u00e1nce z francouzsk\u00e9ho Lille,&hellip;<\/p>\n","protected":false},"author":6,"featured_media":0,"comment_status":"open","ping_status":"closed","template":"","tags":[],"news-category":[18],"yoast_head":"<!-- This site is optimized with the Yoast SEO plugin v23.4 - https:\/\/yoast.com\/wordpress\/plugins\/seo\/ -->\n<title>Z\u00e1jem o stopera Lille - Official Czech &amp; Slovak Everton Supporters&#039; Club<\/title>\n<meta name=\"robots\" content=\"index, follow, max-snippet:-1, max-image-preview:large, max-video-preview:-1\" \/>\n<link rel=\"canonical\" href=\"https:\/\/evertonfc.cz\/index.php\/news\/zajem-o-stopera-lille\/\" \/>\n<meta property=\"og:locale\" content=\"cs_CZ\" \/>\n<meta property=\"og:type\" content=\"article\" \/>\n<meta property=\"og:title\" content=\"Z\u00e1jem o stopera Lille - Official Czech &amp; Slovak Everton Supporters&#039; Club\" \/>\n<meta property=\"og:description\" content=\"Everton podle informac\u00ed d\u016fv\u011bryhodn\u00e9ho novin\u00e1\u0159e Paula Joyce z den\u00edku The Times uva\u017euje o letn\u00edm p\u0159\u00edchodu st\u0159edn\u00edho obr\u00e1nce z francouzsk\u00e9ho Lille,&hellip;\" \/>\n<meta property=\"og:url\" content=\"https:\/\/evertonfc.cz\/index.php\/news\/zajem-o-stopera-lille\/\" \/>\n<meta property=\"og:site_name\" content=\"Official Czech &amp; Slovak Everton Supporters&#039; Club\" \/>\n<meta property=\"article:publisher\" content=\"https:\/\/www.facebook.com\/everton.fans.cz.sk\" \/>\n<meta property=\"article:modified_time\" content=\"2020-02-26T09:14:24+00:00\" \/>\n<meta name=\"twitter:card\" content=\"summary_large_image\" \/>\n<meta name=\"twitter:label1\" content=\"Odhadovan\u00e1 doba \u010dten\u00ed\" \/>\n\t<meta name=\"twitter:data1\" content=\"2 minuty\" \/>\n<script type=\"application\/ld+json\" class=\"yoast-schema-graph\">{\"@context\":\"https:\/\/schema.org\",\"@graph\":[{\"@type\":\"WebPage\",\"@id\":\"https:\/\/evertonfc.cz\/index.php\/news\/zajem-o-stopera-lille\/\",\"url\":\"https:\/\/evertonfc.cz\/index.php\/news\/zajem-o-stopera-lille\/\",\"name\":\"Z\u00e1jem o stopera Lille - Official Czech &amp; Slovak Everton Supporters&#039; Club\",\"isPartOf\":{\"@id\":\"https:\/\/evertonfc.cz\/#website\"},\"datePublished\":\"2020-02-26T09:12:09+00:00\",\"dateModified\":\"2020-02-26T09:14:24+00:00\",\"breadcrumb\":{\"@id\":\"https:\/\/evertonfc.cz\/index.php\/news\/zajem-o-stopera-lille\/#breadcrumb\"},\"inLanguage\":\"cs\",\"potentialAction\":[{\"@type\":\"ReadAction\",\"target\":[\"https:\/\/evertonfc.cz\/index.php\/news\/zajem-o-stopera-lille\/\"]}]},{\"@type\":\"BreadcrumbList\",\"@id\":\"https:\/\/evertonfc.cz\/index.php\/news\/zajem-o-stopera-lille\/#breadcrumb\",\"itemListElement\":[{\"@type\":\"ListItem\",\"position\":1,\"name\":\"Home\",\"item\":\"https:\/\/evertonfc.cz\/\"},{\"@type\":\"ListItem\",\"position\":2,\"name\":\"News\",\"item\":\"https:\/\/evertonfc.cz\/index.php\/news\/\"},{\"@type\":\"ListItem\",\"position\":3,\"name\":\"Z\u00e1jem o stopera Lille\"}]},{\"@type\":\"WebSite\",\"@id\":\"https:\/\/evertonfc.cz\/#website\",\"url\":\"https:\/\/evertonfc.cz\/\",\"name\":\"Official Czech &amp; Slovak Everton Supporters&#039; Club\",\"description\":\"\",\"publisher\":{\"@id\":\"https:\/\/evertonfc.cz\/#organization\"},\"potentialAction\":[{\"@type\":\"SearchAction\",\"target\":{\"@type\":\"EntryPoint\",\"urlTemplate\":\"https:\/\/evertonfc.cz\/?s={search_term_string}\"},\"query-input\":{\"@type\":\"PropertyValueSpecification\",\"valueRequired\":true,\"valueName\":\"search_term_string\"}}],\"inLanguage\":\"cs\"},{\"@type\":\"Organization\",\"@id\":\"https:\/\/evertonfc.cz\/#organization\",\"name\":\"Official Czech & Slovak Everton Supporters' Club\",\"url\":\"https:\/\/evertonfc.cz\/\",\"logo\":{\"@type\":\"ImageObject\",\"inLanguage\":\"cs\",\"@id\":\"https:\/\/evertonfc.cz\/#\/schema\/logo\/image\/\",\"url\":\"https:\/\/evertonfc.cz\/wp-content\/uploads\/2019\/05\/logo.png\",\"contentUrl\":\"https:\/\/evertonfc.cz\/wp-content\/uploads\/2019\/05\/logo.png\",\"width\":112,\"height\":112,\"caption\":\"Official Czech & Slovak Everton Supporters' Club\"},\"image\":{\"@id\":\"https:\/\/evertonfc.cz\/#\/schema\/logo\/image\/\"},\"sameAs\":[\"https:\/\/www.facebook.com\/everton.fans.cz.sk\"]}]}<\/script>\n<!-- \/ Yoast SEO plugin. -->","yoast_head_json":{"title":"Z\u00e1jem o stopera Lille - Official Czech &amp; Slovak Everton Supporters&#039; Club","robots":{"index":"index","follow":"follow","max-snippet":"max-snippet:-1","max-image-preview":"max-image-preview:large","max-video-preview":"max-video-preview:-1"},"canonical":"https:\/\/evertonfc.cz\/index.php\/news\/zajem-o-stopera-lille\/","og_locale":"cs_CZ","og_type":"article","og_title":"Z\u00e1jem o stopera Lille - Official Czech &amp; Slovak Everton Supporters&#039; Club","og_description":"Everton podle informac\u00ed d\u016fv\u011bryhodn\u00e9ho novin\u00e1\u0159e Paula Joyce z den\u00edku The Times uva\u017euje o letn\u00edm p\u0159\u00edchodu st\u0159edn\u00edho obr\u00e1nce z francouzsk\u00e9ho Lille,&hellip;","og_url":"https:\/\/evertonfc.cz\/index.php\/news\/zajem-o-stopera-lille\/","og_site_name":"Official Czech &amp; Slovak Everton Supporters&#039; Club","article_publisher":"https:\/\/www.facebook.com\/everton.fans.cz.sk","article_modified_time":"2020-02-26T09:14:24+00:00","twitter_card":"summary_large_image","twitter_misc":{"Odhadovan\u00e1 doba \u010dten\u00ed":"2 minuty"},"schema":{"@context":"https:\/\/schema.org","@graph":[{"@type":"WebPage","@id":"https:\/\/evertonfc.cz\/index.php\/news\/zajem-o-stopera-lille\/","url":"https:\/\/evertonfc.cz\/index.php\/news\/zajem-o-stopera-lille\/","name":"Z\u00e1jem o stopera Lille - Official Czech &amp; Slovak Everton Supporters&#039; Club","isPartOf":{"@id":"https:\/\/evertonfc.cz\/#website"},"datePublished":"2020-02-26T09:12:09+00:00","dateModified":"2020-02-26T09:14:24+00:00","breadcrumb":{"@id":"https:\/\/evertonfc.cz\/index.php\/news\/zajem-o-stopera-lille\/#breadcrumb"},"inLanguage":"cs","potentialAction":[{"@type":"ReadAction","target":["https:\/\/evertonfc.cz\/index.php\/news\/zajem-o-stopera-lille\/"]}]},{"@type":"BreadcrumbList","@id":"https:\/\/evertonfc.cz\/index.php\/news\/zajem-o-stopera-lille\/#breadcrumb","itemListElement":[{"@type":"ListItem","position":1,"name":"Home","item":"https:\/\/evertonfc.cz\/"},{"@type":"ListItem","position":2,"name":"News","item":"https:\/\/evertonfc.cz\/index.php\/news\/"},{"@type":"ListItem","position":3,"name":"Z\u00e1jem o stopera Lille"}]},{"@type":"WebSite","@id":"https:\/\/evertonfc.cz\/#website","url":"https:\/\/evertonfc.cz\/","name":"Official Czech &amp; Slovak Everton Supporters&#039; Club","description":"","publisher":{"@id":"https:\/\/evertonfc.cz\/#organization"},"potentialAction":[{"@type":"SearchAction","target":{"@type":"EntryPoint","urlTemplate":"https:\/\/evertonfc.cz\/?s={search_term_string}"},"query-input":{"@type":"PropertyValueSpecification","valueRequired":true,"valueName":"search_term_string"}}],"inLanguage":"cs"},{"@type":"Organization","@id":"https:\/\/evertonfc.cz\/#organization","name":"Official Czech & Slovak Everton Supporters' Club","url":"https:\/\/evertonfc.cz\/","logo":{"@type":"ImageObject","inLanguage":"cs","@id":"https:\/\/evertonfc.cz\/#\/schema\/logo\/image\/","url":"https:\/\/evertonfc.cz\/wp-content\/uploads\/2019\/05\/logo.png","contentUrl":"https:\/\/evertonfc.cz\/wp-content\/uploads\/2019\/05\/logo.png","width":112,"height":112,"caption":"Official Czech & Slovak Everton Supporters' Club"},"image":{"@id":"https:\/\/evertonfc.cz\/#\/schema\/logo\/image\/"},"sameAs":["https:\/\/www.facebook.com\/everton.fans.cz.sk"]}]}},"_links":{"self":[{"href":"https:\/\/evertonfc.cz\/index.php\/wp-json\/wp\/v2\/news\/10367"}],"collection":[{"href":"https:\/\/evertonfc.cz\/index.php\/wp-json\/wp\/v2\/news"}],"about":[{"href":"https:\/\/evertonfc.cz\/index.php\/wp-json\/wp\/v2\/types\/news"}],"author":[{"embeddable":true,"href":"https:\/\/evertonfc.cz\/index.php\/wp-json\/wp\/v2\/users\/6"}],"replies":[{"embeddable":true,"href":"https:\/\/evertonfc.cz\/index.php\/wp-json\/wp\/v2\/comments?post=10367"}],"version-history":[{"count":0,"href":"https:\/\/evertonfc.cz\/index.php\/wp-json\/wp\/v2\/news\/10367\/revisions"}],"wp:attachment":[{"href":"https:\/\/evertonfc.cz\/index.php\/wp-json\/wp\/v2\/media?parent=10367"}],"wp:term":[{"taxonomy":"post_tag","embeddable":true,"href":"https:\/\/evertonfc.cz\/index.php\/wp-json\/wp\/v2\/tags?post=10367"},{"taxonomy":"news-category","embeddable":true,"href":"https:\/\/evertonfc.cz\/index.php\/wp-json\/wp\/v2\/news-category?post=10367"}],"curies":[{"name":"wp","href":"https:\/\/api.w.org\/{rel}","templated":true}]}}