{"id":11148,"date":"2020-06-08T11:50:11","date_gmt":"2020-06-08T09:50:11","guid":{"rendered":"https:\/\/evertonfc.cz\/?post_type=news&#038;p=11148"},"modified":"2020-06-08T11:50:11","modified_gmt":"2020-06-08T09:50:11","slug":"hull-city-predlzil-hostovanie-hracom-evertonu","status":"publish","type":"news","link":"https:\/\/evertonfc.cz\/index.php\/news\/hull-city-predlzil-hostovanie-hracom-evertonu\/","title":{"rendered":"Hull City pred\u013a\u017eil hos\u0165ovanie hr\u00e1\u010dom Evertonu"},"content":{"rendered":"<p>Josh Bowler, spolu s\u00a0Matthew Penningtonom, sa dohodoli na pred\u013a\u017een\u00ed ro\u010dn\u00e9ho hos\u0165ovania v Hull City, ktor\u00e9 by malo pokra\u010dova\u0165 a\u017e do konca pokra\u010duj\u00facej sez\u00f3ny v Championship, aby sa dokon\u010dil rozpis z\u00e1pasov po preru\u0161en\u00ed s\u00fa\u0165a\u017ee kv\u00f4li pand\u00e9mii ochorenia COVID-19. Obidvom hr\u00e1\u010dom vypr\u0161\u00ed kontrakt o\u00a0rok.<\/p>\n<p>Pennington nebol s\u00fa\u010das\u0165ou prv\u00e9ho t\u00edmu Evertonu po dobu troch rokov od debutu v prvom t\u00edme z kateg\u00f3rie do 23 rokov. V posledn\u00fdch siedmich sez\u00f3nach p\u00f4sobil na hos\u0165ovaniach v \u0161iestich r\u00f4znych kluboch. Ak po sez\u00f3ne neuplatn\u00ed Hull k\u00fapnu opciu, zd\u00e1 sa nepravdepodobn\u00e9, \u017ee sa bude v bud\u00facej sez\u00f3ne nie\u010do na tom meni\u0165.<\/p>\n<p>Bowler m\u00e1 v\u00a0zmluve s\u00a0Tigrami rovnak\u00fa klauzulu, doteraz si viedol slu\u0161ne. Doteraz zasiahol v 23 ligov\u00fdch z\u00e1pasoch, aj ke\u010f iba v \u00f4smich z\u00a0toho bol z\u00e1kladnej zostave. Prip\u00edsal si tie\u017e tri poh\u00e1rov\u00e9 vyst\u00fapenia. Do Evertonu pri\u0161iel v\u00a0roku 2017 za 1,5 mili\u00f3na libier, ktor\u00e9 by sa potenci\u00e1lne mohli nav\u00fd\u0161i\u0165 na 4,25 mili\u00f3na, ak by sa po\u010das jeho po\u010diato\u010dnej trojro\u010dnej zmluvy spustili klauzuly t\u00fdkaj\u00face sa po\u010dtu odohran\u00fdch z\u00e1pasov.<\/p>\n","protected":false},"excerpt":{"rendered":"<p>Josh Bowler, spolu s\u00a0Matthew Penningtonom, sa dohodoli na pred\u013a\u017een\u00ed ro\u010dn\u00e9ho hos\u0165ovania v Hull City, ktor\u00e9 by malo pokra\u010dova\u0165 a\u017e do&hellip;<\/p>\n","protected":false},"author":1,"featured_media":0,"comment_status":"open","ping_status":"closed","template":"","tags":[],"news-category":[18],"yoast_head":"<!-- This site is optimized with the Yoast SEO plugin v23.4 - https:\/\/yoast.com\/wordpress\/plugins\/seo\/ -->\n<title>Hull City pred\u013a\u017eil hos\u0165ovanie hr\u00e1\u010dom Evertonu - Official Czech &amp; Slovak Everton Supporters&#039; Club<\/title>\n<meta name=\"robots\" content=\"index, follow, max-snippet:-1, max-image-preview:large, max-video-preview:-1\" \/>\n<link rel=\"canonical\" href=\"https:\/\/evertonfc.cz\/index.php\/news\/hull-city-predlzil-hostovanie-hracom-evertonu\/\" \/>\n<meta property=\"og:locale\" content=\"cs_CZ\" \/>\n<meta property=\"og:type\" content=\"article\" \/>\n<meta property=\"og:title\" content=\"Hull City pred\u013a\u017eil hos\u0165ovanie hr\u00e1\u010dom Evertonu - Official Czech &amp; Slovak Everton Supporters&#039; Club\" \/>\n<meta property=\"og:description\" content=\"Josh Bowler, spolu s\u00a0Matthew Penningtonom, sa dohodoli na pred\u013a\u017een\u00ed ro\u010dn\u00e9ho hos\u0165ovania v Hull City, ktor\u00e9 by malo pokra\u010dova\u0165 a\u017e do&hellip;\" \/>\n<meta property=\"og:url\" content=\"https:\/\/evertonfc.cz\/index.php\/news\/hull-city-predlzil-hostovanie-hracom-evertonu\/\" \/>\n<meta property=\"og:site_name\" content=\"Official Czech &amp; Slovak Everton Supporters&#039; Club\" \/>\n<meta property=\"article:publisher\" content=\"https:\/\/www.facebook.com\/everton.fans.cz.sk\" \/>\n<meta name=\"twitter:card\" content=\"summary_large_image\" \/>\n<meta name=\"twitter:label1\" content=\"Odhadovan\u00e1 doba \u010dten\u00ed\" \/>\n\t<meta name=\"twitter:data1\" content=\"1 minuta\" \/>\n<script type=\"application\/ld+json\" class=\"yoast-schema-graph\">{\"@context\":\"https:\/\/schema.org\",\"@graph\":[{\"@type\":\"WebPage\",\"@id\":\"https:\/\/evertonfc.cz\/index.php\/news\/hull-city-predlzil-hostovanie-hracom-evertonu\/\",\"url\":\"https:\/\/evertonfc.cz\/index.php\/news\/hull-city-predlzil-hostovanie-hracom-evertonu\/\",\"name\":\"Hull City pred\u013a\u017eil hos\u0165ovanie hr\u00e1\u010dom Evertonu - Official Czech &amp; Slovak Everton Supporters&#039; Club\",\"isPartOf\":{\"@id\":\"https:\/\/evertonfc.cz\/#website\"},\"datePublished\":\"2020-06-08T09:50:11+00:00\",\"dateModified\":\"2020-06-08T09:50:11+00:00\",\"breadcrumb\":{\"@id\":\"https:\/\/evertonfc.cz\/index.php\/news\/hull-city-predlzil-hostovanie-hracom-evertonu\/#breadcrumb\"},\"inLanguage\":\"cs\",\"potentialAction\":[{\"@type\":\"ReadAction\",\"target\":[\"https:\/\/evertonfc.cz\/index.php\/news\/hull-city-predlzil-hostovanie-hracom-evertonu\/\"]}]},{\"@type\":\"BreadcrumbList\",\"@id\":\"https:\/\/evertonfc.cz\/index.php\/news\/hull-city-predlzil-hostovanie-hracom-evertonu\/#breadcrumb\",\"itemListElement\":[{\"@type\":\"ListItem\",\"position\":1,\"name\":\"Home\",\"item\":\"https:\/\/evertonfc.cz\/\"},{\"@type\":\"ListItem\",\"position\":2,\"name\":\"News\",\"item\":\"https:\/\/evertonfc.cz\/index.php\/news\/\"},{\"@type\":\"ListItem\",\"position\":3,\"name\":\"Hull City pred\u013a\u017eil hos\u0165ovanie hr\u00e1\u010dom Evertonu\"}]},{\"@type\":\"WebSite\",\"@id\":\"https:\/\/evertonfc.cz\/#website\",\"url\":\"https:\/\/evertonfc.cz\/\",\"name\":\"Official Czech &amp; Slovak Everton Supporters&#039; Club\",\"description\":\"\",\"publisher\":{\"@id\":\"https:\/\/evertonfc.cz\/#organization\"},\"potentialAction\":[{\"@type\":\"SearchAction\",\"target\":{\"@type\":\"EntryPoint\",\"urlTemplate\":\"https:\/\/evertonfc.cz\/?s={search_term_string}\"},\"query-input\":{\"@type\":\"PropertyValueSpecification\",\"valueRequired\":true,\"valueName\":\"search_term_string\"}}],\"inLanguage\":\"cs\"},{\"@type\":\"Organization\",\"@id\":\"https:\/\/evertonfc.cz\/#organization\",\"name\":\"Official Czech & Slovak Everton Supporters' Club\",\"url\":\"https:\/\/evertonfc.cz\/\",\"logo\":{\"@type\":\"ImageObject\",\"inLanguage\":\"cs\",\"@id\":\"https:\/\/evertonfc.cz\/#\/schema\/logo\/image\/\",\"url\":\"https:\/\/evertonfc.cz\/wp-content\/uploads\/2019\/05\/logo.png\",\"contentUrl\":\"https:\/\/evertonfc.cz\/wp-content\/uploads\/2019\/05\/logo.png\",\"width\":112,\"height\":112,\"caption\":\"Official Czech & Slovak Everton Supporters' Club\"},\"image\":{\"@id\":\"https:\/\/evertonfc.cz\/#\/schema\/logo\/image\/\"},\"sameAs\":[\"https:\/\/www.facebook.com\/everton.fans.cz.sk\"]}]}<\/script>\n<!-- \/ Yoast SEO plugin. -->","yoast_head_json":{"title":"Hull City pred\u013a\u017eil hos\u0165ovanie hr\u00e1\u010dom Evertonu - Official Czech &amp; Slovak Everton Supporters&#039; Club","robots":{"index":"index","follow":"follow","max-snippet":"max-snippet:-1","max-image-preview":"max-image-preview:large","max-video-preview":"max-video-preview:-1"},"canonical":"https:\/\/evertonfc.cz\/index.php\/news\/hull-city-predlzil-hostovanie-hracom-evertonu\/","og_locale":"cs_CZ","og_type":"article","og_title":"Hull City pred\u013a\u017eil hos\u0165ovanie hr\u00e1\u010dom Evertonu - Official Czech &amp; Slovak Everton Supporters&#039; Club","og_description":"Josh Bowler, spolu s\u00a0Matthew Penningtonom, sa dohodoli na pred\u013a\u017een\u00ed ro\u010dn\u00e9ho hos\u0165ovania v Hull City, ktor\u00e9 by malo pokra\u010dova\u0165 a\u017e do&hellip;","og_url":"https:\/\/evertonfc.cz\/index.php\/news\/hull-city-predlzil-hostovanie-hracom-evertonu\/","og_site_name":"Official Czech &amp; Slovak Everton Supporters&#039; Club","article_publisher":"https:\/\/www.facebook.com\/everton.fans.cz.sk","twitter_card":"summary_large_image","twitter_misc":{"Odhadovan\u00e1 doba \u010dten\u00ed":"1 minuta"},"schema":{"@context":"https:\/\/schema.org","@graph":[{"@type":"WebPage","@id":"https:\/\/evertonfc.cz\/index.php\/news\/hull-city-predlzil-hostovanie-hracom-evertonu\/","url":"https:\/\/evertonfc.cz\/index.php\/news\/hull-city-predlzil-hostovanie-hracom-evertonu\/","name":"Hull City pred\u013a\u017eil hos\u0165ovanie hr\u00e1\u010dom Evertonu - Official Czech &amp; Slovak Everton Supporters&#039; Club","isPartOf":{"@id":"https:\/\/evertonfc.cz\/#website"},"datePublished":"2020-06-08T09:50:11+00:00","dateModified":"2020-06-08T09:50:11+00:00","breadcrumb":{"@id":"https:\/\/evertonfc.cz\/index.php\/news\/hull-city-predlzil-hostovanie-hracom-evertonu\/#breadcrumb"},"inLanguage":"cs","potentialAction":[{"@type":"ReadAction","target":["https:\/\/evertonfc.cz\/index.php\/news\/hull-city-predlzil-hostovanie-hracom-evertonu\/"]}]},{"@type":"BreadcrumbList","@id":"https:\/\/evertonfc.cz\/index.php\/news\/hull-city-predlzil-hostovanie-hracom-evertonu\/#breadcrumb","itemListElement":[{"@type":"ListItem","position":1,"name":"Home","item":"https:\/\/evertonfc.cz\/"},{"@type":"ListItem","position":2,"name":"News","item":"https:\/\/evertonfc.cz\/index.php\/news\/"},{"@type":"ListItem","position":3,"name":"Hull City pred\u013a\u017eil hos\u0165ovanie hr\u00e1\u010dom Evertonu"}]},{"@type":"WebSite","@id":"https:\/\/evertonfc.cz\/#website","url":"https:\/\/evertonfc.cz\/","name":"Official Czech &amp; Slovak Everton Supporters&#039; Club","description":"","publisher":{"@id":"https:\/\/evertonfc.cz\/#organization"},"potentialAction":[{"@type":"SearchAction","target":{"@type":"EntryPoint","urlTemplate":"https:\/\/evertonfc.cz\/?s={search_term_string}"},"query-input":{"@type":"PropertyValueSpecification","valueRequired":true,"valueName":"search_term_string"}}],"inLanguage":"cs"},{"@type":"Organization","@id":"https:\/\/evertonfc.cz\/#organization","name":"Official Czech & Slovak Everton Supporters' Club","url":"https:\/\/evertonfc.cz\/","logo":{"@type":"ImageObject","inLanguage":"cs","@id":"https:\/\/evertonfc.cz\/#\/schema\/logo\/image\/","url":"https:\/\/evertonfc.cz\/wp-content\/uploads\/2019\/05\/logo.png","contentUrl":"https:\/\/evertonfc.cz\/wp-content\/uploads\/2019\/05\/logo.png","width":112,"height":112,"caption":"Official Czech & Slovak Everton Supporters' Club"},"image":{"@id":"https:\/\/evertonfc.cz\/#\/schema\/logo\/image\/"},"sameAs":["https:\/\/www.facebook.com\/everton.fans.cz.sk"]}]}},"_links":{"self":[{"href":"https:\/\/evertonfc.cz\/index.php\/wp-json\/wp\/v2\/news\/11148"}],"collection":[{"href":"https:\/\/evertonfc.cz\/index.php\/wp-json\/wp\/v2\/news"}],"about":[{"href":"https:\/\/evertonfc.cz\/index.php\/wp-json\/wp\/v2\/types\/news"}],"author":[{"embeddable":true,"href":"https:\/\/evertonfc.cz\/index.php\/wp-json\/wp\/v2\/users\/1"}],"replies":[{"embeddable":true,"href":"https:\/\/evertonfc.cz\/index.php\/wp-json\/wp\/v2\/comments?post=11148"}],"version-history":[{"count":0,"href":"https:\/\/evertonfc.cz\/index.php\/wp-json\/wp\/v2\/news\/11148\/revisions"}],"wp:attachment":[{"href":"https:\/\/evertonfc.cz\/index.php\/wp-json\/wp\/v2\/media?parent=11148"}],"wp:term":[{"taxonomy":"post_tag","embeddable":true,"href":"https:\/\/evertonfc.cz\/index.php\/wp-json\/wp\/v2\/tags?post=11148"},{"taxonomy":"news-category","embeddable":true,"href":"https:\/\/evertonfc.cz\/index.php\/wp-json\/wp\/v2\/news-category?post=11148"}],"curies":[{"name":"wp","href":"https:\/\/api.w.org\/{rel}","templated":true}]}}