{"id":11160,"date":"2020-06-10T16:54:35","date_gmt":"2020-06-10T14:54:35","guid":{"rendered":"https:\/\/evertonfc.cz\/?post_type=news&#038;p=11160"},"modified":"2020-06-10T16:54:35","modified_gmt":"2020-06-10T14:54:35","slug":"walcott-po-operacii-gomes-netrenuje","status":"publish","type":"news","link":"https:\/\/evertonfc.cz\/index.php\/news\/walcott-po-operacii-gomes-netrenuje\/","title":{"rendered":"Walcott po oper\u00e1cii, Gomes netr\u00e9nuje"},"content":{"rendered":"<p><span lang=\"SK\">Theo Walcott s ur\u010ditos\u0165ou zme\u0161k\u00e1 re\u0161tart sez\u00f3ny Premier League. V pondelok ve\u010der toti\u017e podst\u00fapil oper\u00e1ciu v oblasti brucha. U 31-ro\u010dn\u00e9ho kr\u00eddeln\u00edka Evertonu sa objavili bli\u017e\u0161ie ne\u0161pecifikovan\u00e9 pr\u00edznaky po n\u00e1vrate do tr\u00e9ningu. Aktu\u00e1lne za\u010dal Angli\u010dan rehabilit\u00e1ciu pod doh\u013eadom lek\u00e1rskeho t\u00edmu klubu a o\u010dak\u00e1va sa, \u017ee sa do \u0161tyroch t\u00fd\u017ed\u0148ov vr\u00e1ti sp\u00e4\u0165 do tr\u00e9ningov\u00e9ho procesu.<\/span><\/p>\n<p><span lang=\"SK\">Walcott sa tak ne\u0161\u0165astne prip\u00e1ja k Yerrymu Minovi a Jean-Philippe Gbaminovi, ktor\u00ed sa taktie\u017e zranili. The Toffees s\u00fa na pravej strane aj bez pridru\u017een\u00fdch zranen\u00ed slabo vybaven\u00ed, ale Walcottova nepr\u00edtomnos\u0165 by mohla otvori\u0165 pr\u00edle\u017eitosti pre Iwobiho alebo Gordona. \u010ealej sa o\u010dak\u00e1va, \u017ee Andre Gomes sa do tr\u00e9ningu vr\u00e1ti na bud\u00faci t\u00fd\u017ede\u0148. Pred derby v Goodison Parku utrpel drobn\u00e9 zranenie, ktor\u00e9 klub nekonkretizoval.<\/span><\/p>\n","protected":false},"excerpt":{"rendered":"<p>Theo Walcott s ur\u010ditos\u0165ou zme\u0161k\u00e1 re\u0161tart sez\u00f3ny Premier League. V pondelok ve\u010der toti\u017e podst\u00fapil oper\u00e1ciu v oblasti brucha. U 31-ro\u010dn\u00e9ho&hellip;<\/p>\n","protected":false},"author":1,"featured_media":0,"comment_status":"open","ping_status":"closed","template":"","tags":[],"news-category":[18],"yoast_head":"<!-- This site is optimized with the Yoast SEO plugin v23.4 - https:\/\/yoast.com\/wordpress\/plugins\/seo\/ -->\n<title>Walcott po oper\u00e1cii, Gomes netr\u00e9nuje - Official Czech &amp; Slovak Everton Supporters&#039; Club<\/title>\n<meta name=\"robots\" content=\"index, follow, max-snippet:-1, max-image-preview:large, max-video-preview:-1\" \/>\n<link rel=\"canonical\" href=\"https:\/\/evertonfc.cz\/index.php\/news\/walcott-po-operacii-gomes-netrenuje\/\" \/>\n<meta property=\"og:locale\" content=\"cs_CZ\" \/>\n<meta property=\"og:type\" content=\"article\" \/>\n<meta property=\"og:title\" content=\"Walcott po oper\u00e1cii, Gomes netr\u00e9nuje - Official Czech &amp; Slovak Everton Supporters&#039; Club\" \/>\n<meta property=\"og:description\" content=\"Theo Walcott s ur\u010ditos\u0165ou zme\u0161k\u00e1 re\u0161tart sez\u00f3ny Premier League. V pondelok ve\u010der toti\u017e podst\u00fapil oper\u00e1ciu v oblasti brucha. U 31-ro\u010dn\u00e9ho&hellip;\" \/>\n<meta property=\"og:url\" content=\"https:\/\/evertonfc.cz\/index.php\/news\/walcott-po-operacii-gomes-netrenuje\/\" \/>\n<meta property=\"og:site_name\" content=\"Official Czech &amp; Slovak Everton Supporters&#039; Club\" \/>\n<meta property=\"article:publisher\" content=\"https:\/\/www.facebook.com\/everton.fans.cz.sk\" \/>\n<meta name=\"twitter:card\" content=\"summary_large_image\" \/>\n<meta name=\"twitter:label1\" content=\"Odhadovan\u00e1 doba \u010dten\u00ed\" \/>\n\t<meta name=\"twitter:data1\" content=\"1 minuta\" \/>\n<script type=\"application\/ld+json\" class=\"yoast-schema-graph\">{\"@context\":\"https:\/\/schema.org\",\"@graph\":[{\"@type\":\"WebPage\",\"@id\":\"https:\/\/evertonfc.cz\/index.php\/news\/walcott-po-operacii-gomes-netrenuje\/\",\"url\":\"https:\/\/evertonfc.cz\/index.php\/news\/walcott-po-operacii-gomes-netrenuje\/\",\"name\":\"Walcott po oper\u00e1cii, Gomes netr\u00e9nuje - Official Czech &amp; Slovak Everton Supporters&#039; Club\",\"isPartOf\":{\"@id\":\"https:\/\/evertonfc.cz\/#website\"},\"datePublished\":\"2020-06-10T14:54:35+00:00\",\"dateModified\":\"2020-06-10T14:54:35+00:00\",\"breadcrumb\":{\"@id\":\"https:\/\/evertonfc.cz\/index.php\/news\/walcott-po-operacii-gomes-netrenuje\/#breadcrumb\"},\"inLanguage\":\"cs\",\"potentialAction\":[{\"@type\":\"ReadAction\",\"target\":[\"https:\/\/evertonfc.cz\/index.php\/news\/walcott-po-operacii-gomes-netrenuje\/\"]}]},{\"@type\":\"BreadcrumbList\",\"@id\":\"https:\/\/evertonfc.cz\/index.php\/news\/walcott-po-operacii-gomes-netrenuje\/#breadcrumb\",\"itemListElement\":[{\"@type\":\"ListItem\",\"position\":1,\"name\":\"Home\",\"item\":\"https:\/\/evertonfc.cz\/\"},{\"@type\":\"ListItem\",\"position\":2,\"name\":\"News\",\"item\":\"https:\/\/evertonfc.cz\/index.php\/news\/\"},{\"@type\":\"ListItem\",\"position\":3,\"name\":\"Walcott po oper\u00e1cii, Gomes netr\u00e9nuje\"}]},{\"@type\":\"WebSite\",\"@id\":\"https:\/\/evertonfc.cz\/#website\",\"url\":\"https:\/\/evertonfc.cz\/\",\"name\":\"Official Czech &amp; Slovak Everton Supporters&#039; Club\",\"description\":\"\",\"publisher\":{\"@id\":\"https:\/\/evertonfc.cz\/#organization\"},\"potentialAction\":[{\"@type\":\"SearchAction\",\"target\":{\"@type\":\"EntryPoint\",\"urlTemplate\":\"https:\/\/evertonfc.cz\/?s={search_term_string}\"},\"query-input\":{\"@type\":\"PropertyValueSpecification\",\"valueRequired\":true,\"valueName\":\"search_term_string\"}}],\"inLanguage\":\"cs\"},{\"@type\":\"Organization\",\"@id\":\"https:\/\/evertonfc.cz\/#organization\",\"name\":\"Official Czech & Slovak Everton Supporters' Club\",\"url\":\"https:\/\/evertonfc.cz\/\",\"logo\":{\"@type\":\"ImageObject\",\"inLanguage\":\"cs\",\"@id\":\"https:\/\/evertonfc.cz\/#\/schema\/logo\/image\/\",\"url\":\"https:\/\/evertonfc.cz\/wp-content\/uploads\/2019\/05\/logo.png\",\"contentUrl\":\"https:\/\/evertonfc.cz\/wp-content\/uploads\/2019\/05\/logo.png\",\"width\":112,\"height\":112,\"caption\":\"Official Czech & Slovak Everton Supporters' Club\"},\"image\":{\"@id\":\"https:\/\/evertonfc.cz\/#\/schema\/logo\/image\/\"},\"sameAs\":[\"https:\/\/www.facebook.com\/everton.fans.cz.sk\"]}]}<\/script>\n<!-- \/ Yoast SEO plugin. -->","yoast_head_json":{"title":"Walcott po oper\u00e1cii, Gomes netr\u00e9nuje - Official Czech &amp; Slovak Everton Supporters&#039; Club","robots":{"index":"index","follow":"follow","max-snippet":"max-snippet:-1","max-image-preview":"max-image-preview:large","max-video-preview":"max-video-preview:-1"},"canonical":"https:\/\/evertonfc.cz\/index.php\/news\/walcott-po-operacii-gomes-netrenuje\/","og_locale":"cs_CZ","og_type":"article","og_title":"Walcott po oper\u00e1cii, Gomes netr\u00e9nuje - Official Czech &amp; Slovak Everton Supporters&#039; Club","og_description":"Theo Walcott s ur\u010ditos\u0165ou zme\u0161k\u00e1 re\u0161tart sez\u00f3ny Premier League. V pondelok ve\u010der toti\u017e podst\u00fapil oper\u00e1ciu v oblasti brucha. U 31-ro\u010dn\u00e9ho&hellip;","og_url":"https:\/\/evertonfc.cz\/index.php\/news\/walcott-po-operacii-gomes-netrenuje\/","og_site_name":"Official Czech &amp; Slovak Everton Supporters&#039; Club","article_publisher":"https:\/\/www.facebook.com\/everton.fans.cz.sk","twitter_card":"summary_large_image","twitter_misc":{"Odhadovan\u00e1 doba \u010dten\u00ed":"1 minuta"},"schema":{"@context":"https:\/\/schema.org","@graph":[{"@type":"WebPage","@id":"https:\/\/evertonfc.cz\/index.php\/news\/walcott-po-operacii-gomes-netrenuje\/","url":"https:\/\/evertonfc.cz\/index.php\/news\/walcott-po-operacii-gomes-netrenuje\/","name":"Walcott po oper\u00e1cii, Gomes netr\u00e9nuje - Official Czech &amp; Slovak Everton Supporters&#039; Club","isPartOf":{"@id":"https:\/\/evertonfc.cz\/#website"},"datePublished":"2020-06-10T14:54:35+00:00","dateModified":"2020-06-10T14:54:35+00:00","breadcrumb":{"@id":"https:\/\/evertonfc.cz\/index.php\/news\/walcott-po-operacii-gomes-netrenuje\/#breadcrumb"},"inLanguage":"cs","potentialAction":[{"@type":"ReadAction","target":["https:\/\/evertonfc.cz\/index.php\/news\/walcott-po-operacii-gomes-netrenuje\/"]}]},{"@type":"BreadcrumbList","@id":"https:\/\/evertonfc.cz\/index.php\/news\/walcott-po-operacii-gomes-netrenuje\/#breadcrumb","itemListElement":[{"@type":"ListItem","position":1,"name":"Home","item":"https:\/\/evertonfc.cz\/"},{"@type":"ListItem","position":2,"name":"News","item":"https:\/\/evertonfc.cz\/index.php\/news\/"},{"@type":"ListItem","position":3,"name":"Walcott po oper\u00e1cii, Gomes netr\u00e9nuje"}]},{"@type":"WebSite","@id":"https:\/\/evertonfc.cz\/#website","url":"https:\/\/evertonfc.cz\/","name":"Official Czech &amp; Slovak Everton Supporters&#039; Club","description":"","publisher":{"@id":"https:\/\/evertonfc.cz\/#organization"},"potentialAction":[{"@type":"SearchAction","target":{"@type":"EntryPoint","urlTemplate":"https:\/\/evertonfc.cz\/?s={search_term_string}"},"query-input":{"@type":"PropertyValueSpecification","valueRequired":true,"valueName":"search_term_string"}}],"inLanguage":"cs"},{"@type":"Organization","@id":"https:\/\/evertonfc.cz\/#organization","name":"Official Czech & Slovak Everton Supporters' Club","url":"https:\/\/evertonfc.cz\/","logo":{"@type":"ImageObject","inLanguage":"cs","@id":"https:\/\/evertonfc.cz\/#\/schema\/logo\/image\/","url":"https:\/\/evertonfc.cz\/wp-content\/uploads\/2019\/05\/logo.png","contentUrl":"https:\/\/evertonfc.cz\/wp-content\/uploads\/2019\/05\/logo.png","width":112,"height":112,"caption":"Official Czech & Slovak Everton Supporters' Club"},"image":{"@id":"https:\/\/evertonfc.cz\/#\/schema\/logo\/image\/"},"sameAs":["https:\/\/www.facebook.com\/everton.fans.cz.sk"]}]}},"_links":{"self":[{"href":"https:\/\/evertonfc.cz\/index.php\/wp-json\/wp\/v2\/news\/11160"}],"collection":[{"href":"https:\/\/evertonfc.cz\/index.php\/wp-json\/wp\/v2\/news"}],"about":[{"href":"https:\/\/evertonfc.cz\/index.php\/wp-json\/wp\/v2\/types\/news"}],"author":[{"embeddable":true,"href":"https:\/\/evertonfc.cz\/index.php\/wp-json\/wp\/v2\/users\/1"}],"replies":[{"embeddable":true,"href":"https:\/\/evertonfc.cz\/index.php\/wp-json\/wp\/v2\/comments?post=11160"}],"version-history":[{"count":0,"href":"https:\/\/evertonfc.cz\/index.php\/wp-json\/wp\/v2\/news\/11160\/revisions"}],"wp:attachment":[{"href":"https:\/\/evertonfc.cz\/index.php\/wp-json\/wp\/v2\/media?parent=11160"}],"wp:term":[{"taxonomy":"post_tag","embeddable":true,"href":"https:\/\/evertonfc.cz\/index.php\/wp-json\/wp\/v2\/tags?post=11160"},{"taxonomy":"news-category","embeddable":true,"href":"https:\/\/evertonfc.cz\/index.php\/wp-json\/wp\/v2\/news-category?post=11160"}],"curies":[{"name":"wp","href":"https:\/\/api.w.org\/{rel}","templated":true}]}}