{"id":11162,"date":"2020-06-11T10:38:38","date_gmt":"2020-06-11T08:38:38","guid":{"rendered":"https:\/\/evertonfc.cz\/?post_type=news&#038;p=11162"},"modified":"2020-06-11T16:08:55","modified_gmt":"2020-06-11T14:08:55","slug":"mccarthy-frustrovany-pod-silvom","status":"publish","type":"news","link":"https:\/\/evertonfc.cz\/index.php\/news\/mccarthy-frustrovany-pod-silvom\/","title":{"rendered":"McCarthy frustrovan\u00fd pod Silvom"},"content":{"rendered":"<p>James McCarthy, u\u017e b\u00fdval\u00fd hr\u00e1\u010d Evertonu od minul\u00e9ho leta, sa pre SkySports rozhovoril o\u00a0svojej no\u010dnej more, sp\u00f4sobenej zraneniami. Ke\u010f sa v\u00a0polovici minulej sez\u00f3ny vr\u00e1til do tr\u00e9ningu, poci\u0165oval ned\u00f4veru nov\u00e9ho mana\u017e\u00e9ra Marca Silvu, ktor\u00fd mu odmietal da\u0165 \u0161ancu vr\u00e1ti\u0165 sa plnohodnotne na tr\u00e1vnik:<\/p>\n<p><em>\u201eNa za\u010diatku bolo v\u0161etko fajn.\u201c <\/em>hovor\u00ed McCarthy.<em> \u201eHovoril mi, aby som nabral kond\u00edciu, a \u017ee ke\u010f sa vr\u00e1tim do tr\u00e9ningu, pozrieme sa na moju situ\u00e1ciu. Osobne som sa c\u00edtil dobre. Mal som pocit, \u017ee som tvrdo pracoval na tom, aby som sa dostal z tej zlomenej nohy a denne som tr\u00e9noval s t\u00edmom. Ale potom pri\u0161iel v\u00edkend a ja som nehr\u00e1val. Bolo to frustruj\u00face. Tr\u00e9nujete cel\u00fd t\u00fd\u017ede\u0148, aby ste sa ubezpe\u010dili, \u017ee si fit a te\u0161\u00edte sa na z\u00e1pas. Ale vtedy sa to jednoducho nedialo. Marco priniesol svojich vlastn\u00fdch hr\u00e1\u010dov a to re\u0161pektujem. Mana\u017e\u00e9ri si chc\u00fa prinies\u0165 svojich vlastn\u00fdch hr\u00e1\u010dov. Bohu\u017eia\u013e to v\u0161ak znamenalo, \u017ee som nehral.\u201c<\/em><\/p>\n<p>Po prestupe do Crystal Palace James znova hr\u00e1va a patr\u00ed medzi najlep\u0161\u00edch. Pod\u013ea port\u00e1lu Opta m\u00e1 v premiere za 90 min\u00fat viac \u00faspe\u0161n\u00fdch obrann\u00fdch z\u00e1krokov, ako ktor\u00fdko\u013evek in\u00fd hr\u00e1\u010d v Premier League t\u00fato sez\u00f3nu \u2013 4,76. Na tre\u0165om mieste je n\u00e1\u0161 Sidib\u00e9 so 4,28. McCarthyho v\u010faka patr\u00ed jeho nov\u00e9mu mana\u017e\u00e9rovi, Royovi Hodgsonovi:<\/p>\n<p><em>\u201eOd momentu, \u010do som sa dopo\u010dul, \u017ee sa o\u00a0m\u0148a zauj\u00edma, som nemal nad \u010d\u00edm rozm\u00fd\u0161\u013ea\u0165. Chcel som od\u00eds\u0165 a\u00a0znova hr\u00e1va\u0165. C\u00edtil som, \u017ee tam by som dostal \u0161ancu. Kou\u010d bol ku mne skvel\u00fd. Nehodil ma tam hne\u010f. Uistil sa, \u017ee som pracoval s chlapcami, aby som sa dostal do tempa a potom mi dal \u0161ancu. Je skvel\u00e9 hra\u0165 znova a som mu v\u010fa\u010dn\u00fd za d\u00f4veru, ktor\u00fa mi prejavil. D\u00fafajme, \u017ee mu ju dok\u00e1\u017eem spl\u00e1ca\u0165.\u201c<\/em><\/p>\n","protected":false},"excerpt":{"rendered":"<p>James McCarthy, u\u017e b\u00fdval\u00fd hr\u00e1\u010d Evertonu od minul\u00e9ho leta, sa pre SkySports rozhovoril o\u00a0svojej no\u010dnej more, sp\u00f4sobenej zraneniami. Ke\u010f sa&hellip;<\/p>\n","protected":false},"author":1,"featured_media":0,"comment_status":"open","ping_status":"closed","template":"","tags":[],"news-category":[18],"yoast_head":"<!-- This site is optimized with the Yoast SEO plugin v23.4 - https:\/\/yoast.com\/wordpress\/plugins\/seo\/ -->\n<title>McCarthy frustrovan\u00fd pod Silvom - Official Czech &amp; Slovak Everton Supporters&#039; Club<\/title>\n<meta name=\"robots\" content=\"index, follow, max-snippet:-1, max-image-preview:large, max-video-preview:-1\" \/>\n<link rel=\"canonical\" href=\"https:\/\/evertonfc.cz\/index.php\/news\/mccarthy-frustrovany-pod-silvom\/\" \/>\n<meta property=\"og:locale\" content=\"cs_CZ\" \/>\n<meta property=\"og:type\" content=\"article\" \/>\n<meta property=\"og:title\" content=\"McCarthy frustrovan\u00fd pod Silvom - Official Czech &amp; Slovak Everton Supporters&#039; Club\" \/>\n<meta property=\"og:description\" content=\"James McCarthy, u\u017e b\u00fdval\u00fd hr\u00e1\u010d Evertonu od minul\u00e9ho leta, sa pre SkySports rozhovoril o\u00a0svojej no\u010dnej more, sp\u00f4sobenej zraneniami. Ke\u010f sa&hellip;\" \/>\n<meta property=\"og:url\" content=\"https:\/\/evertonfc.cz\/index.php\/news\/mccarthy-frustrovany-pod-silvom\/\" \/>\n<meta property=\"og:site_name\" content=\"Official Czech &amp; Slovak Everton Supporters&#039; Club\" \/>\n<meta property=\"article:publisher\" content=\"https:\/\/www.facebook.com\/everton.fans.cz.sk\" \/>\n<meta property=\"article:modified_time\" content=\"2020-06-11T14:08:55+00:00\" \/>\n<meta name=\"twitter:card\" content=\"summary_large_image\" \/>\n<meta name=\"twitter:label1\" content=\"Odhadovan\u00e1 doba \u010dten\u00ed\" \/>\n\t<meta name=\"twitter:data1\" content=\"2 minuty\" \/>\n<script type=\"application\/ld+json\" class=\"yoast-schema-graph\">{\"@context\":\"https:\/\/schema.org\",\"@graph\":[{\"@type\":\"WebPage\",\"@id\":\"https:\/\/evertonfc.cz\/index.php\/news\/mccarthy-frustrovany-pod-silvom\/\",\"url\":\"https:\/\/evertonfc.cz\/index.php\/news\/mccarthy-frustrovany-pod-silvom\/\",\"name\":\"McCarthy frustrovan\u00fd pod Silvom - Official Czech &amp; Slovak Everton Supporters&#039; Club\",\"isPartOf\":{\"@id\":\"https:\/\/evertonfc.cz\/#website\"},\"datePublished\":\"2020-06-11T08:38:38+00:00\",\"dateModified\":\"2020-06-11T14:08:55+00:00\",\"breadcrumb\":{\"@id\":\"https:\/\/evertonfc.cz\/index.php\/news\/mccarthy-frustrovany-pod-silvom\/#breadcrumb\"},\"inLanguage\":\"cs\",\"potentialAction\":[{\"@type\":\"ReadAction\",\"target\":[\"https:\/\/evertonfc.cz\/index.php\/news\/mccarthy-frustrovany-pod-silvom\/\"]}]},{\"@type\":\"BreadcrumbList\",\"@id\":\"https:\/\/evertonfc.cz\/index.php\/news\/mccarthy-frustrovany-pod-silvom\/#breadcrumb\",\"itemListElement\":[{\"@type\":\"ListItem\",\"position\":1,\"name\":\"Home\",\"item\":\"https:\/\/evertonfc.cz\/\"},{\"@type\":\"ListItem\",\"position\":2,\"name\":\"News\",\"item\":\"https:\/\/evertonfc.cz\/index.php\/news\/\"},{\"@type\":\"ListItem\",\"position\":3,\"name\":\"McCarthy frustrovan\u00fd pod Silvom\"}]},{\"@type\":\"WebSite\",\"@id\":\"https:\/\/evertonfc.cz\/#website\",\"url\":\"https:\/\/evertonfc.cz\/\",\"name\":\"Official Czech &amp; Slovak Everton Supporters&#039; Club\",\"description\":\"\",\"publisher\":{\"@id\":\"https:\/\/evertonfc.cz\/#organization\"},\"potentialAction\":[{\"@type\":\"SearchAction\",\"target\":{\"@type\":\"EntryPoint\",\"urlTemplate\":\"https:\/\/evertonfc.cz\/?s={search_term_string}\"},\"query-input\":{\"@type\":\"PropertyValueSpecification\",\"valueRequired\":true,\"valueName\":\"search_term_string\"}}],\"inLanguage\":\"cs\"},{\"@type\":\"Organization\",\"@id\":\"https:\/\/evertonfc.cz\/#organization\",\"name\":\"Official Czech & Slovak Everton Supporters' Club\",\"url\":\"https:\/\/evertonfc.cz\/\",\"logo\":{\"@type\":\"ImageObject\",\"inLanguage\":\"cs\",\"@id\":\"https:\/\/evertonfc.cz\/#\/schema\/logo\/image\/\",\"url\":\"https:\/\/evertonfc.cz\/wp-content\/uploads\/2019\/05\/logo.png\",\"contentUrl\":\"https:\/\/evertonfc.cz\/wp-content\/uploads\/2019\/05\/logo.png\",\"width\":112,\"height\":112,\"caption\":\"Official Czech & Slovak Everton Supporters' Club\"},\"image\":{\"@id\":\"https:\/\/evertonfc.cz\/#\/schema\/logo\/image\/\"},\"sameAs\":[\"https:\/\/www.facebook.com\/everton.fans.cz.sk\"]}]}<\/script>\n<!-- \/ Yoast SEO plugin. -->","yoast_head_json":{"title":"McCarthy frustrovan\u00fd pod Silvom - Official Czech &amp; Slovak Everton Supporters&#039; Club","robots":{"index":"index","follow":"follow","max-snippet":"max-snippet:-1","max-image-preview":"max-image-preview:large","max-video-preview":"max-video-preview:-1"},"canonical":"https:\/\/evertonfc.cz\/index.php\/news\/mccarthy-frustrovany-pod-silvom\/","og_locale":"cs_CZ","og_type":"article","og_title":"McCarthy frustrovan\u00fd pod Silvom - Official Czech &amp; Slovak Everton Supporters&#039; Club","og_description":"James McCarthy, u\u017e b\u00fdval\u00fd hr\u00e1\u010d Evertonu od minul\u00e9ho leta, sa pre SkySports rozhovoril o\u00a0svojej no\u010dnej more, sp\u00f4sobenej zraneniami. Ke\u010f sa&hellip;","og_url":"https:\/\/evertonfc.cz\/index.php\/news\/mccarthy-frustrovany-pod-silvom\/","og_site_name":"Official Czech &amp; Slovak Everton Supporters&#039; Club","article_publisher":"https:\/\/www.facebook.com\/everton.fans.cz.sk","article_modified_time":"2020-06-11T14:08:55+00:00","twitter_card":"summary_large_image","twitter_misc":{"Odhadovan\u00e1 doba \u010dten\u00ed":"2 minuty"},"schema":{"@context":"https:\/\/schema.org","@graph":[{"@type":"WebPage","@id":"https:\/\/evertonfc.cz\/index.php\/news\/mccarthy-frustrovany-pod-silvom\/","url":"https:\/\/evertonfc.cz\/index.php\/news\/mccarthy-frustrovany-pod-silvom\/","name":"McCarthy frustrovan\u00fd pod Silvom - Official Czech &amp; Slovak Everton Supporters&#039; Club","isPartOf":{"@id":"https:\/\/evertonfc.cz\/#website"},"datePublished":"2020-06-11T08:38:38+00:00","dateModified":"2020-06-11T14:08:55+00:00","breadcrumb":{"@id":"https:\/\/evertonfc.cz\/index.php\/news\/mccarthy-frustrovany-pod-silvom\/#breadcrumb"},"inLanguage":"cs","potentialAction":[{"@type":"ReadAction","target":["https:\/\/evertonfc.cz\/index.php\/news\/mccarthy-frustrovany-pod-silvom\/"]}]},{"@type":"BreadcrumbList","@id":"https:\/\/evertonfc.cz\/index.php\/news\/mccarthy-frustrovany-pod-silvom\/#breadcrumb","itemListElement":[{"@type":"ListItem","position":1,"name":"Home","item":"https:\/\/evertonfc.cz\/"},{"@type":"ListItem","position":2,"name":"News","item":"https:\/\/evertonfc.cz\/index.php\/news\/"},{"@type":"ListItem","position":3,"name":"McCarthy frustrovan\u00fd pod Silvom"}]},{"@type":"WebSite","@id":"https:\/\/evertonfc.cz\/#website","url":"https:\/\/evertonfc.cz\/","name":"Official Czech &amp; Slovak Everton Supporters&#039; Club","description":"","publisher":{"@id":"https:\/\/evertonfc.cz\/#organization"},"potentialAction":[{"@type":"SearchAction","target":{"@type":"EntryPoint","urlTemplate":"https:\/\/evertonfc.cz\/?s={search_term_string}"},"query-input":{"@type":"PropertyValueSpecification","valueRequired":true,"valueName":"search_term_string"}}],"inLanguage":"cs"},{"@type":"Organization","@id":"https:\/\/evertonfc.cz\/#organization","name":"Official Czech & Slovak Everton Supporters' Club","url":"https:\/\/evertonfc.cz\/","logo":{"@type":"ImageObject","inLanguage":"cs","@id":"https:\/\/evertonfc.cz\/#\/schema\/logo\/image\/","url":"https:\/\/evertonfc.cz\/wp-content\/uploads\/2019\/05\/logo.png","contentUrl":"https:\/\/evertonfc.cz\/wp-content\/uploads\/2019\/05\/logo.png","width":112,"height":112,"caption":"Official Czech & Slovak Everton Supporters' Club"},"image":{"@id":"https:\/\/evertonfc.cz\/#\/schema\/logo\/image\/"},"sameAs":["https:\/\/www.facebook.com\/everton.fans.cz.sk"]}]}},"_links":{"self":[{"href":"https:\/\/evertonfc.cz\/index.php\/wp-json\/wp\/v2\/news\/11162"}],"collection":[{"href":"https:\/\/evertonfc.cz\/index.php\/wp-json\/wp\/v2\/news"}],"about":[{"href":"https:\/\/evertonfc.cz\/index.php\/wp-json\/wp\/v2\/types\/news"}],"author":[{"embeddable":true,"href":"https:\/\/evertonfc.cz\/index.php\/wp-json\/wp\/v2\/users\/1"}],"replies":[{"embeddable":true,"href":"https:\/\/evertonfc.cz\/index.php\/wp-json\/wp\/v2\/comments?post=11162"}],"version-history":[{"count":0,"href":"https:\/\/evertonfc.cz\/index.php\/wp-json\/wp\/v2\/news\/11162\/revisions"}],"wp:attachment":[{"href":"https:\/\/evertonfc.cz\/index.php\/wp-json\/wp\/v2\/media?parent=11162"}],"wp:term":[{"taxonomy":"post_tag","embeddable":true,"href":"https:\/\/evertonfc.cz\/index.php\/wp-json\/wp\/v2\/tags?post=11162"},{"taxonomy":"news-category","embeddable":true,"href":"https:\/\/evertonfc.cz\/index.php\/wp-json\/wp\/v2\/news-category?post=11162"}],"curies":[{"name":"wp","href":"https:\/\/api.w.org\/{rel}","templated":true}]}}