{"id":11172,"date":"2020-06-12T11:02:44","date_gmt":"2020-06-12T09:02:44","guid":{"rendered":"https:\/\/evertonfc.cz\/?post_type=news&#038;p=11172"},"modified":"2020-06-20T12:45:51","modified_gmt":"2020-06-20T10:45:51","slug":"aj-delph-na-zozname-zranenych","status":"publish","type":"news","link":"https:\/\/evertonfc.cz\/index.php\/news\/aj-delph-na-zozname-zranenych\/","title":{"rendered":"Aj Delph na zozname zranen\u00fdch"},"content":{"rendered":"<p><span lang=\"SK\">Fabian Delph sa najnov\u0161ie prid\u00e1va do lazaretu The Toffees pred nadch\u00e1dzaj\u00facim re\u0161tartom sez\u00f3ny 2019-20 potom, \u010do si poranil ne\u0161pecifikovan\u00fd sval. Tento t\u00fd\u017ede\u0148 preto nebude schopn\u00fd tr\u00e9nova\u0165, ke\u010f\u017ee zranenie sa zhor\u0161ilo. V tejto f\u00e1ze teda vis\u00ed ot\u00e1znik o jeho dostupnosti pre duel s\u00a0Liverpoolom o\u00a0t\u00fd\u017ede\u0148 v nede\u013eu.<\/span><\/p>\n<p><span lang=\"SK\">Tridsa\u0165ro\u010dn\u00fd anglick\u00fd z\u00e1lo\u017en\u00edk bojuje s n\u00e1sledkami men\u0161\u00edch zranen\u00ed m\u00e4kk\u00fdch tkan\u00edv u\u017e od minul\u00e9ho roku, ke\u010f sa pres\u0165ahoval z\u00a0Manchestru City do Evertonu za 8 mili\u00f3nov libier. Zdravotn\u00edcky person\u00e1l Evertonu ver\u00ed, \u017ee zranenie bude m\u00f4c\u0165 rozchodi\u0165 a pokra\u010dova\u0165 bud\u00faci t\u00fd\u017ede\u0148 v tr\u00e9ningovej pr\u00edprave.<\/span><\/p>\n<p><span lang=\"SK\">Obranca Yerry Mina, stredopoliari Jean-Philippe Gbamin a Morgan Schneiderlin, kr\u00eddeln\u00edk Theo Walcott a \u00fato\u010dn\u00edk Cenk Tosun s\u00fa v\u0161etci stredne a\u017e dlhodobo absentuj\u00faci a objavili sa spr\u00e1vy, \u017ee Andr\u00e9 Gomes musel tento t\u00fd\u017ede\u0148 tie\u017e pozastavi\u0165 tr\u00e9ning. Ak sa stav spom\u00ednan\u00fdch stredopoliarov pozit\u00edvne nezmen\u00ed, je mo\u017en\u00e9, \u017ee Everton nast\u00fapi proti rivalom so stredovou dvojicou Sigurdsson \u2013 Davies. Iwobi sa tie\u017e r\u00e1ta ako mo\u017enos\u0165.<\/span><\/p>\n","protected":false},"excerpt":{"rendered":"<p>Fabian Delph sa najnov\u0161ie prid\u00e1va do lazaretu The Toffees pred nadch\u00e1dzaj\u00facim re\u0161tartom sez\u00f3ny 2019-20 potom, \u010do si poranil ne\u0161pecifikovan\u00fd sval.&hellip;<\/p>\n","protected":false},"author":1,"featured_media":0,"comment_status":"open","ping_status":"closed","template":"","tags":[],"news-category":[18],"yoast_head":"<!-- This site is optimized with the Yoast SEO plugin v23.4 - https:\/\/yoast.com\/wordpress\/plugins\/seo\/ -->\n<title>Aj Delph na zozname zranen\u00fdch - Official Czech &amp; Slovak Everton Supporters&#039; Club<\/title>\n<meta name=\"robots\" content=\"index, follow, max-snippet:-1, max-image-preview:large, max-video-preview:-1\" \/>\n<link rel=\"canonical\" href=\"https:\/\/evertonfc.cz\/index.php\/news\/aj-delph-na-zozname-zranenych\/\" \/>\n<meta property=\"og:locale\" content=\"cs_CZ\" \/>\n<meta property=\"og:type\" content=\"article\" \/>\n<meta property=\"og:title\" content=\"Aj Delph na zozname zranen\u00fdch - Official Czech &amp; Slovak Everton Supporters&#039; Club\" \/>\n<meta property=\"og:description\" content=\"Fabian Delph sa najnov\u0161ie prid\u00e1va do lazaretu The Toffees pred nadch\u00e1dzaj\u00facim re\u0161tartom sez\u00f3ny 2019-20 potom, \u010do si poranil ne\u0161pecifikovan\u00fd sval.&hellip;\" \/>\n<meta property=\"og:url\" content=\"https:\/\/evertonfc.cz\/index.php\/news\/aj-delph-na-zozname-zranenych\/\" \/>\n<meta property=\"og:site_name\" content=\"Official Czech &amp; Slovak Everton Supporters&#039; Club\" \/>\n<meta property=\"article:publisher\" content=\"https:\/\/www.facebook.com\/everton.fans.cz.sk\" \/>\n<meta property=\"article:modified_time\" content=\"2020-06-20T10:45:51+00:00\" \/>\n<meta name=\"twitter:card\" content=\"summary_large_image\" \/>\n<meta name=\"twitter:label1\" content=\"Odhadovan\u00e1 doba \u010dten\u00ed\" \/>\n\t<meta name=\"twitter:data1\" content=\"1 minuta\" \/>\n<script type=\"application\/ld+json\" class=\"yoast-schema-graph\">{\"@context\":\"https:\/\/schema.org\",\"@graph\":[{\"@type\":\"WebPage\",\"@id\":\"https:\/\/evertonfc.cz\/index.php\/news\/aj-delph-na-zozname-zranenych\/\",\"url\":\"https:\/\/evertonfc.cz\/index.php\/news\/aj-delph-na-zozname-zranenych\/\",\"name\":\"Aj Delph na zozname zranen\u00fdch - Official Czech &amp; Slovak Everton Supporters&#039; Club\",\"isPartOf\":{\"@id\":\"https:\/\/evertonfc.cz\/#website\"},\"datePublished\":\"2020-06-12T09:02:44+00:00\",\"dateModified\":\"2020-06-20T10:45:51+00:00\",\"breadcrumb\":{\"@id\":\"https:\/\/evertonfc.cz\/index.php\/news\/aj-delph-na-zozname-zranenych\/#breadcrumb\"},\"inLanguage\":\"cs\",\"potentialAction\":[{\"@type\":\"ReadAction\",\"target\":[\"https:\/\/evertonfc.cz\/index.php\/news\/aj-delph-na-zozname-zranenych\/\"]}]},{\"@type\":\"BreadcrumbList\",\"@id\":\"https:\/\/evertonfc.cz\/index.php\/news\/aj-delph-na-zozname-zranenych\/#breadcrumb\",\"itemListElement\":[{\"@type\":\"ListItem\",\"position\":1,\"name\":\"Home\",\"item\":\"https:\/\/evertonfc.cz\/\"},{\"@type\":\"ListItem\",\"position\":2,\"name\":\"News\",\"item\":\"https:\/\/evertonfc.cz\/index.php\/news\/\"},{\"@type\":\"ListItem\",\"position\":3,\"name\":\"Aj Delph na zozname zranen\u00fdch\"}]},{\"@type\":\"WebSite\",\"@id\":\"https:\/\/evertonfc.cz\/#website\",\"url\":\"https:\/\/evertonfc.cz\/\",\"name\":\"Official Czech &amp; Slovak Everton Supporters&#039; Club\",\"description\":\"\",\"publisher\":{\"@id\":\"https:\/\/evertonfc.cz\/#organization\"},\"potentialAction\":[{\"@type\":\"SearchAction\",\"target\":{\"@type\":\"EntryPoint\",\"urlTemplate\":\"https:\/\/evertonfc.cz\/?s={search_term_string}\"},\"query-input\":{\"@type\":\"PropertyValueSpecification\",\"valueRequired\":true,\"valueName\":\"search_term_string\"}}],\"inLanguage\":\"cs\"},{\"@type\":\"Organization\",\"@id\":\"https:\/\/evertonfc.cz\/#organization\",\"name\":\"Official Czech & Slovak Everton Supporters' Club\",\"url\":\"https:\/\/evertonfc.cz\/\",\"logo\":{\"@type\":\"ImageObject\",\"inLanguage\":\"cs\",\"@id\":\"https:\/\/evertonfc.cz\/#\/schema\/logo\/image\/\",\"url\":\"https:\/\/evertonfc.cz\/wp-content\/uploads\/2019\/05\/logo.png\",\"contentUrl\":\"https:\/\/evertonfc.cz\/wp-content\/uploads\/2019\/05\/logo.png\",\"width\":112,\"height\":112,\"caption\":\"Official Czech & Slovak Everton Supporters' Club\"},\"image\":{\"@id\":\"https:\/\/evertonfc.cz\/#\/schema\/logo\/image\/\"},\"sameAs\":[\"https:\/\/www.facebook.com\/everton.fans.cz.sk\"]}]}<\/script>\n<!-- \/ Yoast SEO plugin. -->","yoast_head_json":{"title":"Aj Delph na zozname zranen\u00fdch - Official Czech &amp; Slovak Everton Supporters&#039; Club","robots":{"index":"index","follow":"follow","max-snippet":"max-snippet:-1","max-image-preview":"max-image-preview:large","max-video-preview":"max-video-preview:-1"},"canonical":"https:\/\/evertonfc.cz\/index.php\/news\/aj-delph-na-zozname-zranenych\/","og_locale":"cs_CZ","og_type":"article","og_title":"Aj Delph na zozname zranen\u00fdch - Official Czech &amp; Slovak Everton Supporters&#039; Club","og_description":"Fabian Delph sa najnov\u0161ie prid\u00e1va do lazaretu The Toffees pred nadch\u00e1dzaj\u00facim re\u0161tartom sez\u00f3ny 2019-20 potom, \u010do si poranil ne\u0161pecifikovan\u00fd sval.&hellip;","og_url":"https:\/\/evertonfc.cz\/index.php\/news\/aj-delph-na-zozname-zranenych\/","og_site_name":"Official Czech &amp; Slovak Everton Supporters&#039; Club","article_publisher":"https:\/\/www.facebook.com\/everton.fans.cz.sk","article_modified_time":"2020-06-20T10:45:51+00:00","twitter_card":"summary_large_image","twitter_misc":{"Odhadovan\u00e1 doba \u010dten\u00ed":"1 minuta"},"schema":{"@context":"https:\/\/schema.org","@graph":[{"@type":"WebPage","@id":"https:\/\/evertonfc.cz\/index.php\/news\/aj-delph-na-zozname-zranenych\/","url":"https:\/\/evertonfc.cz\/index.php\/news\/aj-delph-na-zozname-zranenych\/","name":"Aj Delph na zozname zranen\u00fdch - Official Czech &amp; Slovak Everton Supporters&#039; Club","isPartOf":{"@id":"https:\/\/evertonfc.cz\/#website"},"datePublished":"2020-06-12T09:02:44+00:00","dateModified":"2020-06-20T10:45:51+00:00","breadcrumb":{"@id":"https:\/\/evertonfc.cz\/index.php\/news\/aj-delph-na-zozname-zranenych\/#breadcrumb"},"inLanguage":"cs","potentialAction":[{"@type":"ReadAction","target":["https:\/\/evertonfc.cz\/index.php\/news\/aj-delph-na-zozname-zranenych\/"]}]},{"@type":"BreadcrumbList","@id":"https:\/\/evertonfc.cz\/index.php\/news\/aj-delph-na-zozname-zranenych\/#breadcrumb","itemListElement":[{"@type":"ListItem","position":1,"name":"Home","item":"https:\/\/evertonfc.cz\/"},{"@type":"ListItem","position":2,"name":"News","item":"https:\/\/evertonfc.cz\/index.php\/news\/"},{"@type":"ListItem","position":3,"name":"Aj Delph na zozname zranen\u00fdch"}]},{"@type":"WebSite","@id":"https:\/\/evertonfc.cz\/#website","url":"https:\/\/evertonfc.cz\/","name":"Official Czech &amp; Slovak Everton Supporters&#039; Club","description":"","publisher":{"@id":"https:\/\/evertonfc.cz\/#organization"},"potentialAction":[{"@type":"SearchAction","target":{"@type":"EntryPoint","urlTemplate":"https:\/\/evertonfc.cz\/?s={search_term_string}"},"query-input":{"@type":"PropertyValueSpecification","valueRequired":true,"valueName":"search_term_string"}}],"inLanguage":"cs"},{"@type":"Organization","@id":"https:\/\/evertonfc.cz\/#organization","name":"Official Czech & Slovak Everton Supporters' Club","url":"https:\/\/evertonfc.cz\/","logo":{"@type":"ImageObject","inLanguage":"cs","@id":"https:\/\/evertonfc.cz\/#\/schema\/logo\/image\/","url":"https:\/\/evertonfc.cz\/wp-content\/uploads\/2019\/05\/logo.png","contentUrl":"https:\/\/evertonfc.cz\/wp-content\/uploads\/2019\/05\/logo.png","width":112,"height":112,"caption":"Official Czech & Slovak Everton Supporters' Club"},"image":{"@id":"https:\/\/evertonfc.cz\/#\/schema\/logo\/image\/"},"sameAs":["https:\/\/www.facebook.com\/everton.fans.cz.sk"]}]}},"_links":{"self":[{"href":"https:\/\/evertonfc.cz\/index.php\/wp-json\/wp\/v2\/news\/11172"}],"collection":[{"href":"https:\/\/evertonfc.cz\/index.php\/wp-json\/wp\/v2\/news"}],"about":[{"href":"https:\/\/evertonfc.cz\/index.php\/wp-json\/wp\/v2\/types\/news"}],"author":[{"embeddable":true,"href":"https:\/\/evertonfc.cz\/index.php\/wp-json\/wp\/v2\/users\/1"}],"replies":[{"embeddable":true,"href":"https:\/\/evertonfc.cz\/index.php\/wp-json\/wp\/v2\/comments?post=11172"}],"version-history":[{"count":0,"href":"https:\/\/evertonfc.cz\/index.php\/wp-json\/wp\/v2\/news\/11172\/revisions"}],"wp:attachment":[{"href":"https:\/\/evertonfc.cz\/index.php\/wp-json\/wp\/v2\/media?parent=11172"}],"wp:term":[{"taxonomy":"post_tag","embeddable":true,"href":"https:\/\/evertonfc.cz\/index.php\/wp-json\/wp\/v2\/tags?post=11172"},{"taxonomy":"news-category","embeddable":true,"href":"https:\/\/evertonfc.cz\/index.php\/wp-json\/wp\/v2\/news-category?post=11172"}],"curies":[{"name":"wp","href":"https:\/\/api.w.org\/{rel}","templated":true}]}}