{"id":11278,"date":"2020-06-27T20:25:21","date_gmt":"2020-06-27T18:25:21","guid":{"rendered":"https:\/\/evertonfc.cz\/?post_type=news&#038;p=11278"},"modified":"2020-06-27T20:25:21","modified_gmt":"2020-06-27T18:25:21","slug":"kean-ma-doveru-fanusikov","status":"publish","type":"news","link":"https:\/\/evertonfc.cz\/index.php\/news\/kean-ma-doveru-fanusikov\/","title":{"rendered":"Kean m\u00e1 d\u00f4veru fan\u00fa\u0161ikov"},"content":{"rendered":"<p><span lang=\"SK\">Posledn\u00e9 dva mesiace sme sa \u010ditate\u013eov webu p\u00fdtali, ako vidia doteraj\u0161ie p\u00f4sobenie talianskeho \u00fato\u010dn\u00edka Moisa Keana. Ten sa zatia\u013e aj napriek nesporn\u00e9mu talentu nevie prebi\u0165 do z\u00e1kladnej zostavy a svojimi v\u00fdkonmi m\u00e1lokedy oh\u00fari. Everton pritom za\u0148ho vyplatil Juventusu 25 mili\u00f3nov libier.\u00a0 <\/span>Dvadsa\u0165ro\u010dn\u00fd mlad\u00edk zasiahol doposia\u013e do 25 ligov\u00fdch z\u00e1pasov a prip\u00edsal si jeden g\u00f3l a dve asistencie.<\/p>\n<p>Sk\u00f4r ne\u017e na tr\u00e1vniku ale Moise vynik\u00e1 mimo neho. S\u00fa zn\u00e1me jeho probl\u00e9my z minulosti, ke\u010f sa minul\u00fd rok spr\u00e1val neprofesion\u00e1lne a pri\u0161iel neskoro na tr\u00e9ning talianskej reprezent\u00e1cie, za \u010do bol potrestan\u00fd. Vo faux pas v\u0161ak pokra\u010duje aj v Liverpoole. V novembrovom z\u00e1pase proti Southamptonu bol vynechan\u00fd zo zostavy z d\u00f4vodu u\u017e druh\u00e9ho neskor\u00e9ho pr\u00edchodu na t\u00edmov\u00fd zraz. A po\u010das korona-karant\u00e9ny si spravil vo svojom apartm\u00e1ne v Cheshire p\u00e1rty, na ktorej sa z\u00fa\u010dastnili jeho priatelia spolu so \u017eenskou spolo\u010dnos\u0165ou.<\/p>\n<p>Kean sa patri\u010dne ospravedlnil a d\u00f4veryhodn\u00e9 zdroje tvrdia, \u017ee mu to bolo naozaj \u013e\u00fato, nako\u013eko si neuvedomil z\u00e1va\u017enos\u0165 situ\u00e1cie sp\u00f4sobenej vlastnou nevedomos\u0165ou. O soci\u00e1lnom di\u0161tancovan\u00ed sa aj v s\u00fakromnom prostred\u00ed vraj nevedel. Na\u0161i fan\u00fa\u0161ikovia Evertonu, ako sa uk\u00e1zalo, s n\u00edm st\u00e1le maj\u00fa trpezlivos\u0165. A\u017e nadpolovi\u010dn\u00e1 v\u00e4\u010d\u0161ina si mysl\u00ed, \u017ee so &#8222;st\u00e1le e\u0161te chlapcom&#8220; treba ma\u0165 trpezlivos\u0165 a v\u00fdsledky sa dostavia. Opa\u010dn\u00fd n\u00e1zor m\u00e1 \u0161tvrtina osloven\u00fdch \u013eud\u00ed. Kompletn\u00e9 v\u00fdsledky n\u00e1jdete ni\u017e\u0161ie:<\/p>\n<p><span style=\"text-decoration: underline;\">Moise Kean &#8211; Ste spokojn\u00ed s jeho doteraj\u0161\u00edm p\u00f4soben\u00edm v Evertone?<\/span><\/p>\n<ul>\n<li>33 hlasov (55 %) &#8211; <strong>\u00c1no, treba by\u0165 trpezliv\u00fd pri jeho potenci\u00e1li.<\/strong><\/li>\n<li>12 hlasov (20 %) &#8211; <strong>Na Premier League e\u0161te nevyzrel, mal by od\u00eds\u0165 na hos\u0165ovanie.<\/strong><\/li>\n<li>15 hlasov (25 %) &#8211; <strong>Zatia\u013e sklamanie pri cene \u00a325 mili\u00f3nov. Uva\u017eoval by som nad predajom.<\/strong><\/li>\n<\/ul>\n","protected":false},"excerpt":{"rendered":"<p>Posledn\u00e9 dva mesiace sme sa \u010ditate\u013eov webu p\u00fdtali, ako vidia doteraj\u0161ie p\u00f4sobenie talianskeho \u00fato\u010dn\u00edka Moisa Keana. Ten sa zatia\u013e aj&hellip;<\/p>\n","protected":false},"author":1,"featured_media":0,"comment_status":"open","ping_status":"closed","template":"","tags":[],"news-category":[18],"yoast_head":"<!-- This site is optimized with the Yoast SEO plugin v23.4 - https:\/\/yoast.com\/wordpress\/plugins\/seo\/ -->\n<title>Kean m\u00e1 d\u00f4veru fan\u00fa\u0161ikov - Official Czech &amp; Slovak Everton Supporters&#039; Club<\/title>\n<meta name=\"robots\" content=\"index, follow, max-snippet:-1, max-image-preview:large, max-video-preview:-1\" \/>\n<link rel=\"canonical\" href=\"https:\/\/evertonfc.cz\/index.php\/news\/kean-ma-doveru-fanusikov\/\" \/>\n<meta property=\"og:locale\" content=\"cs_CZ\" \/>\n<meta property=\"og:type\" content=\"article\" \/>\n<meta property=\"og:title\" content=\"Kean m\u00e1 d\u00f4veru fan\u00fa\u0161ikov - Official Czech &amp; Slovak Everton Supporters&#039; Club\" \/>\n<meta property=\"og:description\" content=\"Posledn\u00e9 dva mesiace sme sa \u010ditate\u013eov webu p\u00fdtali, ako vidia doteraj\u0161ie p\u00f4sobenie talianskeho \u00fato\u010dn\u00edka Moisa Keana. Ten sa zatia\u013e aj&hellip;\" \/>\n<meta property=\"og:url\" content=\"https:\/\/evertonfc.cz\/index.php\/news\/kean-ma-doveru-fanusikov\/\" \/>\n<meta property=\"og:site_name\" content=\"Official Czech &amp; Slovak Everton Supporters&#039; Club\" \/>\n<meta property=\"article:publisher\" content=\"https:\/\/www.facebook.com\/everton.fans.cz.sk\" \/>\n<meta name=\"twitter:card\" content=\"summary_large_image\" \/>\n<meta name=\"twitter:label1\" content=\"Odhadovan\u00e1 doba \u010dten\u00ed\" \/>\n\t<meta name=\"twitter:data1\" content=\"2 minuty\" \/>\n<script type=\"application\/ld+json\" class=\"yoast-schema-graph\">{\"@context\":\"https:\/\/schema.org\",\"@graph\":[{\"@type\":\"WebPage\",\"@id\":\"https:\/\/evertonfc.cz\/index.php\/news\/kean-ma-doveru-fanusikov\/\",\"url\":\"https:\/\/evertonfc.cz\/index.php\/news\/kean-ma-doveru-fanusikov\/\",\"name\":\"Kean m\u00e1 d\u00f4veru fan\u00fa\u0161ikov - Official Czech &amp; Slovak Everton Supporters&#039; Club\",\"isPartOf\":{\"@id\":\"https:\/\/evertonfc.cz\/#website\"},\"datePublished\":\"2020-06-27T18:25:21+00:00\",\"dateModified\":\"2020-06-27T18:25:21+00:00\",\"breadcrumb\":{\"@id\":\"https:\/\/evertonfc.cz\/index.php\/news\/kean-ma-doveru-fanusikov\/#breadcrumb\"},\"inLanguage\":\"cs\",\"potentialAction\":[{\"@type\":\"ReadAction\",\"target\":[\"https:\/\/evertonfc.cz\/index.php\/news\/kean-ma-doveru-fanusikov\/\"]}]},{\"@type\":\"BreadcrumbList\",\"@id\":\"https:\/\/evertonfc.cz\/index.php\/news\/kean-ma-doveru-fanusikov\/#breadcrumb\",\"itemListElement\":[{\"@type\":\"ListItem\",\"position\":1,\"name\":\"Home\",\"item\":\"https:\/\/evertonfc.cz\/\"},{\"@type\":\"ListItem\",\"position\":2,\"name\":\"News\",\"item\":\"https:\/\/evertonfc.cz\/index.php\/news\/\"},{\"@type\":\"ListItem\",\"position\":3,\"name\":\"Kean m\u00e1 d\u00f4veru fan\u00fa\u0161ikov\"}]},{\"@type\":\"WebSite\",\"@id\":\"https:\/\/evertonfc.cz\/#website\",\"url\":\"https:\/\/evertonfc.cz\/\",\"name\":\"Official Czech &amp; Slovak Everton Supporters&#039; Club\",\"description\":\"\",\"publisher\":{\"@id\":\"https:\/\/evertonfc.cz\/#organization\"},\"potentialAction\":[{\"@type\":\"SearchAction\",\"target\":{\"@type\":\"EntryPoint\",\"urlTemplate\":\"https:\/\/evertonfc.cz\/?s={search_term_string}\"},\"query-input\":{\"@type\":\"PropertyValueSpecification\",\"valueRequired\":true,\"valueName\":\"search_term_string\"}}],\"inLanguage\":\"cs\"},{\"@type\":\"Organization\",\"@id\":\"https:\/\/evertonfc.cz\/#organization\",\"name\":\"Official Czech & Slovak Everton Supporters' Club\",\"url\":\"https:\/\/evertonfc.cz\/\",\"logo\":{\"@type\":\"ImageObject\",\"inLanguage\":\"cs\",\"@id\":\"https:\/\/evertonfc.cz\/#\/schema\/logo\/image\/\",\"url\":\"https:\/\/evertonfc.cz\/wp-content\/uploads\/2019\/05\/logo.png\",\"contentUrl\":\"https:\/\/evertonfc.cz\/wp-content\/uploads\/2019\/05\/logo.png\",\"width\":112,\"height\":112,\"caption\":\"Official Czech & Slovak Everton Supporters' Club\"},\"image\":{\"@id\":\"https:\/\/evertonfc.cz\/#\/schema\/logo\/image\/\"},\"sameAs\":[\"https:\/\/www.facebook.com\/everton.fans.cz.sk\"]}]}<\/script>\n<!-- \/ Yoast SEO plugin. -->","yoast_head_json":{"title":"Kean m\u00e1 d\u00f4veru fan\u00fa\u0161ikov - Official Czech &amp; Slovak Everton Supporters&#039; Club","robots":{"index":"index","follow":"follow","max-snippet":"max-snippet:-1","max-image-preview":"max-image-preview:large","max-video-preview":"max-video-preview:-1"},"canonical":"https:\/\/evertonfc.cz\/index.php\/news\/kean-ma-doveru-fanusikov\/","og_locale":"cs_CZ","og_type":"article","og_title":"Kean m\u00e1 d\u00f4veru fan\u00fa\u0161ikov - Official Czech &amp; Slovak Everton Supporters&#039; Club","og_description":"Posledn\u00e9 dva mesiace sme sa \u010ditate\u013eov webu p\u00fdtali, ako vidia doteraj\u0161ie p\u00f4sobenie talianskeho \u00fato\u010dn\u00edka Moisa Keana. Ten sa zatia\u013e aj&hellip;","og_url":"https:\/\/evertonfc.cz\/index.php\/news\/kean-ma-doveru-fanusikov\/","og_site_name":"Official Czech &amp; Slovak Everton Supporters&#039; Club","article_publisher":"https:\/\/www.facebook.com\/everton.fans.cz.sk","twitter_card":"summary_large_image","twitter_misc":{"Odhadovan\u00e1 doba \u010dten\u00ed":"2 minuty"},"schema":{"@context":"https:\/\/schema.org","@graph":[{"@type":"WebPage","@id":"https:\/\/evertonfc.cz\/index.php\/news\/kean-ma-doveru-fanusikov\/","url":"https:\/\/evertonfc.cz\/index.php\/news\/kean-ma-doveru-fanusikov\/","name":"Kean m\u00e1 d\u00f4veru fan\u00fa\u0161ikov - Official Czech &amp; Slovak Everton Supporters&#039; Club","isPartOf":{"@id":"https:\/\/evertonfc.cz\/#website"},"datePublished":"2020-06-27T18:25:21+00:00","dateModified":"2020-06-27T18:25:21+00:00","breadcrumb":{"@id":"https:\/\/evertonfc.cz\/index.php\/news\/kean-ma-doveru-fanusikov\/#breadcrumb"},"inLanguage":"cs","potentialAction":[{"@type":"ReadAction","target":["https:\/\/evertonfc.cz\/index.php\/news\/kean-ma-doveru-fanusikov\/"]}]},{"@type":"BreadcrumbList","@id":"https:\/\/evertonfc.cz\/index.php\/news\/kean-ma-doveru-fanusikov\/#breadcrumb","itemListElement":[{"@type":"ListItem","position":1,"name":"Home","item":"https:\/\/evertonfc.cz\/"},{"@type":"ListItem","position":2,"name":"News","item":"https:\/\/evertonfc.cz\/index.php\/news\/"},{"@type":"ListItem","position":3,"name":"Kean m\u00e1 d\u00f4veru fan\u00fa\u0161ikov"}]},{"@type":"WebSite","@id":"https:\/\/evertonfc.cz\/#website","url":"https:\/\/evertonfc.cz\/","name":"Official Czech &amp; Slovak Everton Supporters&#039; Club","description":"","publisher":{"@id":"https:\/\/evertonfc.cz\/#organization"},"potentialAction":[{"@type":"SearchAction","target":{"@type":"EntryPoint","urlTemplate":"https:\/\/evertonfc.cz\/?s={search_term_string}"},"query-input":{"@type":"PropertyValueSpecification","valueRequired":true,"valueName":"search_term_string"}}],"inLanguage":"cs"},{"@type":"Organization","@id":"https:\/\/evertonfc.cz\/#organization","name":"Official Czech & Slovak Everton Supporters' Club","url":"https:\/\/evertonfc.cz\/","logo":{"@type":"ImageObject","inLanguage":"cs","@id":"https:\/\/evertonfc.cz\/#\/schema\/logo\/image\/","url":"https:\/\/evertonfc.cz\/wp-content\/uploads\/2019\/05\/logo.png","contentUrl":"https:\/\/evertonfc.cz\/wp-content\/uploads\/2019\/05\/logo.png","width":112,"height":112,"caption":"Official Czech & Slovak Everton Supporters' Club"},"image":{"@id":"https:\/\/evertonfc.cz\/#\/schema\/logo\/image\/"},"sameAs":["https:\/\/www.facebook.com\/everton.fans.cz.sk"]}]}},"_links":{"self":[{"href":"https:\/\/evertonfc.cz\/index.php\/wp-json\/wp\/v2\/news\/11278"}],"collection":[{"href":"https:\/\/evertonfc.cz\/index.php\/wp-json\/wp\/v2\/news"}],"about":[{"href":"https:\/\/evertonfc.cz\/index.php\/wp-json\/wp\/v2\/types\/news"}],"author":[{"embeddable":true,"href":"https:\/\/evertonfc.cz\/index.php\/wp-json\/wp\/v2\/users\/1"}],"replies":[{"embeddable":true,"href":"https:\/\/evertonfc.cz\/index.php\/wp-json\/wp\/v2\/comments?post=11278"}],"version-history":[{"count":0,"href":"https:\/\/evertonfc.cz\/index.php\/wp-json\/wp\/v2\/news\/11278\/revisions"}],"wp:attachment":[{"href":"https:\/\/evertonfc.cz\/index.php\/wp-json\/wp\/v2\/media?parent=11278"}],"wp:term":[{"taxonomy":"post_tag","embeddable":true,"href":"https:\/\/evertonfc.cz\/index.php\/wp-json\/wp\/v2\/tags?post=11278"},{"taxonomy":"news-category","embeddable":true,"href":"https:\/\/evertonfc.cz\/index.php\/wp-json\/wp\/v2\/news-category?post=11278"}],"curies":[{"name":"wp","href":"https:\/\/api.w.org\/{rel}","templated":true}]}}