{"id":11471,"date":"2020-07-25T13:14:43","date_gmt":"2020-07-25T11:14:43","guid":{"rendered":"https:\/\/evertonfc.cz\/?post_type=news&#038;p=11471"},"modified":"2020-07-25T13:14:43","modified_gmt":"2020-07-25T11:14:43","slug":"ligova-sezona-zacne-v-septembri","status":"publish","type":"news","link":"https:\/\/evertonfc.cz\/index.php\/news\/ligova-sezona-zacne-v-septembri\/","title":{"rendered":"Ligov\u00e1 sez\u00f3na za\u010dne v septembri"},"content":{"rendered":"<p>Akcion\u00e1ri Premier League sa v\u010dera zhodli na stanoven\u00ed za\u010diatku novej sez\u00f3ny Premier League. Ro\u010dn\u00edk 2020\/21 sa od\u0161tartuje prv\u00fdm kolom v sobotu 12. septembra. Posledn\u00e9 kolo sa odohr\u00e1 v nede\u013eu 23. m\u00e1ja.<\/p>\n<p>Fan\u00fa\u0161ikovia sa preto m\u00f4\u017eu te\u0161i\u0165 na hektick\u00fd a nahusten\u00fd program stretnut\u00ed. Ten zapr\u00ed\u010dinila pand\u00e9mia koronav\u00edrusu a preru\u0161ila s\u00fa\u010dasn\u00fa kampa\u0148 2019\/20 so 100-d\u0148ov\u00fdm pozastaven\u00edm.<\/p>\n<p>Vedenie Premier League bude na\u010falej konzultova\u0165 rozvrh v\u0161etk\u00fdch dom\u00e1cich s\u00fa\u0165a\u017e\u00ed s The FA a EFL. EFL potvrdila, \u017ee sez\u00f3ny Championship, League One and League Two sa za\u010dn\u00fa v ten ist\u00fd v\u00edkend a skon\u010dia v\u00edkendom 8. m\u00e1ja.<\/p>\n<p>Toto ozn\u00e1menie tie\u017e znamen\u00e1, \u017ee sez\u00f3na sa za\u010dne za zatvoren\u00fdmi dverami, pri\u010dom div\u00e1ci sa bud\u00fa m\u00f4c\u0165 od 1. okt\u00f3bra vraca\u0165 na \u0161tadi\u00f3ny postupne. Ale len pri zachovan\u00ed soci\u00e1lneho di\u0161tancovania.<\/p>\n<p>S\u00fa\u010dasn\u00e1 sez\u00f3na Premier League skon\u010d\u00ed v nede\u013eu predt\u00fdm, ako sa v sobotu 1. augusta uskuto\u010dn\u00ed fin\u00e1le FA Cupu. Fin\u00e1le play-off Championship potom ukon\u010d\u00ed anglick\u00fa sez\u00f3nu v utorok 4. augusta.<\/p>\n<p>Liga majstrov a Eur\u00f3pska liga sa bud\u00fa kona\u0165 oneskorene. Od 5. do 23. augusta, pri\u010dom fin\u00e1le Ligy majstrov sa uskuto\u010dn\u00ed len tri t\u00fd\u017edne pred nasleduj\u00facou sez\u00f3nou. Potvrden\u00fd nebol e\u0161te d\u00e1tum pre Community Shield, ktor\u00fd sa zvy\u010dajne konal t\u00fd\u017ede\u0148 pred za\u010diatkom sez\u00f3ny Premier League.<\/p>\n","protected":false},"excerpt":{"rendered":"<p>Akcion\u00e1ri Premier League sa v\u010dera zhodli na stanoven\u00ed za\u010diatku novej sez\u00f3ny Premier League. Ro\u010dn\u00edk 2020\/21 sa od\u0161tartuje prv\u00fdm kolom v&hellip;<\/p>\n","protected":false},"author":1,"featured_media":0,"comment_status":"open","ping_status":"closed","template":"","tags":[],"news-category":[18],"yoast_head":"<!-- This site is optimized with the Yoast SEO plugin v23.4 - https:\/\/yoast.com\/wordpress\/plugins\/seo\/ -->\n<title>Ligov\u00e1 sez\u00f3na za\u010dne v septembri - Official Czech &amp; Slovak Everton Supporters&#039; Club<\/title>\n<meta name=\"robots\" content=\"index, follow, max-snippet:-1, max-image-preview:large, max-video-preview:-1\" \/>\n<link rel=\"canonical\" href=\"https:\/\/evertonfc.cz\/index.php\/news\/ligova-sezona-zacne-v-septembri\/\" \/>\n<meta property=\"og:locale\" content=\"cs_CZ\" \/>\n<meta property=\"og:type\" content=\"article\" \/>\n<meta property=\"og:title\" content=\"Ligov\u00e1 sez\u00f3na za\u010dne v septembri - Official Czech &amp; Slovak Everton Supporters&#039; Club\" \/>\n<meta property=\"og:description\" content=\"Akcion\u00e1ri Premier League sa v\u010dera zhodli na stanoven\u00ed za\u010diatku novej sez\u00f3ny Premier League. Ro\u010dn\u00edk 2020\/21 sa od\u0161tartuje prv\u00fdm kolom v&hellip;\" \/>\n<meta property=\"og:url\" content=\"https:\/\/evertonfc.cz\/index.php\/news\/ligova-sezona-zacne-v-septembri\/\" \/>\n<meta property=\"og:site_name\" content=\"Official Czech &amp; Slovak Everton Supporters&#039; Club\" \/>\n<meta property=\"article:publisher\" content=\"https:\/\/www.facebook.com\/everton.fans.cz.sk\" \/>\n<meta name=\"twitter:card\" content=\"summary_large_image\" \/>\n<meta name=\"twitter:label1\" content=\"Odhadovan\u00e1 doba \u010dten\u00ed\" \/>\n\t<meta name=\"twitter:data1\" content=\"1 minuta\" \/>\n<script type=\"application\/ld+json\" class=\"yoast-schema-graph\">{\"@context\":\"https:\/\/schema.org\",\"@graph\":[{\"@type\":\"WebPage\",\"@id\":\"https:\/\/evertonfc.cz\/index.php\/news\/ligova-sezona-zacne-v-septembri\/\",\"url\":\"https:\/\/evertonfc.cz\/index.php\/news\/ligova-sezona-zacne-v-septembri\/\",\"name\":\"Ligov\u00e1 sez\u00f3na za\u010dne v septembri - Official Czech &amp; Slovak Everton Supporters&#039; Club\",\"isPartOf\":{\"@id\":\"https:\/\/evertonfc.cz\/#website\"},\"datePublished\":\"2020-07-25T11:14:43+00:00\",\"dateModified\":\"2020-07-25T11:14:43+00:00\",\"breadcrumb\":{\"@id\":\"https:\/\/evertonfc.cz\/index.php\/news\/ligova-sezona-zacne-v-septembri\/#breadcrumb\"},\"inLanguage\":\"cs\",\"potentialAction\":[{\"@type\":\"ReadAction\",\"target\":[\"https:\/\/evertonfc.cz\/index.php\/news\/ligova-sezona-zacne-v-septembri\/\"]}]},{\"@type\":\"BreadcrumbList\",\"@id\":\"https:\/\/evertonfc.cz\/index.php\/news\/ligova-sezona-zacne-v-septembri\/#breadcrumb\",\"itemListElement\":[{\"@type\":\"ListItem\",\"position\":1,\"name\":\"Home\",\"item\":\"https:\/\/evertonfc.cz\/\"},{\"@type\":\"ListItem\",\"position\":2,\"name\":\"News\",\"item\":\"https:\/\/evertonfc.cz\/index.php\/news\/\"},{\"@type\":\"ListItem\",\"position\":3,\"name\":\"Ligov\u00e1 sez\u00f3na za\u010dne v septembri\"}]},{\"@type\":\"WebSite\",\"@id\":\"https:\/\/evertonfc.cz\/#website\",\"url\":\"https:\/\/evertonfc.cz\/\",\"name\":\"Official Czech &amp; Slovak Everton Supporters&#039; Club\",\"description\":\"\",\"publisher\":{\"@id\":\"https:\/\/evertonfc.cz\/#organization\"},\"potentialAction\":[{\"@type\":\"SearchAction\",\"target\":{\"@type\":\"EntryPoint\",\"urlTemplate\":\"https:\/\/evertonfc.cz\/?s={search_term_string}\"},\"query-input\":{\"@type\":\"PropertyValueSpecification\",\"valueRequired\":true,\"valueName\":\"search_term_string\"}}],\"inLanguage\":\"cs\"},{\"@type\":\"Organization\",\"@id\":\"https:\/\/evertonfc.cz\/#organization\",\"name\":\"Official Czech & Slovak Everton Supporters' Club\",\"url\":\"https:\/\/evertonfc.cz\/\",\"logo\":{\"@type\":\"ImageObject\",\"inLanguage\":\"cs\",\"@id\":\"https:\/\/evertonfc.cz\/#\/schema\/logo\/image\/\",\"url\":\"https:\/\/evertonfc.cz\/wp-content\/uploads\/2019\/05\/logo.png\",\"contentUrl\":\"https:\/\/evertonfc.cz\/wp-content\/uploads\/2019\/05\/logo.png\",\"width\":112,\"height\":112,\"caption\":\"Official Czech & Slovak Everton Supporters' Club\"},\"image\":{\"@id\":\"https:\/\/evertonfc.cz\/#\/schema\/logo\/image\/\"},\"sameAs\":[\"https:\/\/www.facebook.com\/everton.fans.cz.sk\"]}]}<\/script>\n<!-- \/ Yoast SEO plugin. -->","yoast_head_json":{"title":"Ligov\u00e1 sez\u00f3na za\u010dne v septembri - Official Czech &amp; Slovak Everton Supporters&#039; Club","robots":{"index":"index","follow":"follow","max-snippet":"max-snippet:-1","max-image-preview":"max-image-preview:large","max-video-preview":"max-video-preview:-1"},"canonical":"https:\/\/evertonfc.cz\/index.php\/news\/ligova-sezona-zacne-v-septembri\/","og_locale":"cs_CZ","og_type":"article","og_title":"Ligov\u00e1 sez\u00f3na za\u010dne v septembri - Official Czech &amp; Slovak Everton Supporters&#039; Club","og_description":"Akcion\u00e1ri Premier League sa v\u010dera zhodli na stanoven\u00ed za\u010diatku novej sez\u00f3ny Premier League. Ro\u010dn\u00edk 2020\/21 sa od\u0161tartuje prv\u00fdm kolom v&hellip;","og_url":"https:\/\/evertonfc.cz\/index.php\/news\/ligova-sezona-zacne-v-septembri\/","og_site_name":"Official Czech &amp; Slovak Everton Supporters&#039; Club","article_publisher":"https:\/\/www.facebook.com\/everton.fans.cz.sk","twitter_card":"summary_large_image","twitter_misc":{"Odhadovan\u00e1 doba \u010dten\u00ed":"1 minuta"},"schema":{"@context":"https:\/\/schema.org","@graph":[{"@type":"WebPage","@id":"https:\/\/evertonfc.cz\/index.php\/news\/ligova-sezona-zacne-v-septembri\/","url":"https:\/\/evertonfc.cz\/index.php\/news\/ligova-sezona-zacne-v-septembri\/","name":"Ligov\u00e1 sez\u00f3na za\u010dne v septembri - Official Czech &amp; Slovak Everton Supporters&#039; Club","isPartOf":{"@id":"https:\/\/evertonfc.cz\/#website"},"datePublished":"2020-07-25T11:14:43+00:00","dateModified":"2020-07-25T11:14:43+00:00","breadcrumb":{"@id":"https:\/\/evertonfc.cz\/index.php\/news\/ligova-sezona-zacne-v-septembri\/#breadcrumb"},"inLanguage":"cs","potentialAction":[{"@type":"ReadAction","target":["https:\/\/evertonfc.cz\/index.php\/news\/ligova-sezona-zacne-v-septembri\/"]}]},{"@type":"BreadcrumbList","@id":"https:\/\/evertonfc.cz\/index.php\/news\/ligova-sezona-zacne-v-septembri\/#breadcrumb","itemListElement":[{"@type":"ListItem","position":1,"name":"Home","item":"https:\/\/evertonfc.cz\/"},{"@type":"ListItem","position":2,"name":"News","item":"https:\/\/evertonfc.cz\/index.php\/news\/"},{"@type":"ListItem","position":3,"name":"Ligov\u00e1 sez\u00f3na za\u010dne v septembri"}]},{"@type":"WebSite","@id":"https:\/\/evertonfc.cz\/#website","url":"https:\/\/evertonfc.cz\/","name":"Official Czech &amp; Slovak Everton Supporters&#039; Club","description":"","publisher":{"@id":"https:\/\/evertonfc.cz\/#organization"},"potentialAction":[{"@type":"SearchAction","target":{"@type":"EntryPoint","urlTemplate":"https:\/\/evertonfc.cz\/?s={search_term_string}"},"query-input":{"@type":"PropertyValueSpecification","valueRequired":true,"valueName":"search_term_string"}}],"inLanguage":"cs"},{"@type":"Organization","@id":"https:\/\/evertonfc.cz\/#organization","name":"Official Czech & Slovak Everton Supporters' Club","url":"https:\/\/evertonfc.cz\/","logo":{"@type":"ImageObject","inLanguage":"cs","@id":"https:\/\/evertonfc.cz\/#\/schema\/logo\/image\/","url":"https:\/\/evertonfc.cz\/wp-content\/uploads\/2019\/05\/logo.png","contentUrl":"https:\/\/evertonfc.cz\/wp-content\/uploads\/2019\/05\/logo.png","width":112,"height":112,"caption":"Official Czech & Slovak Everton Supporters' Club"},"image":{"@id":"https:\/\/evertonfc.cz\/#\/schema\/logo\/image\/"},"sameAs":["https:\/\/www.facebook.com\/everton.fans.cz.sk"]}]}},"_links":{"self":[{"href":"https:\/\/evertonfc.cz\/index.php\/wp-json\/wp\/v2\/news\/11471"}],"collection":[{"href":"https:\/\/evertonfc.cz\/index.php\/wp-json\/wp\/v2\/news"}],"about":[{"href":"https:\/\/evertonfc.cz\/index.php\/wp-json\/wp\/v2\/types\/news"}],"author":[{"embeddable":true,"href":"https:\/\/evertonfc.cz\/index.php\/wp-json\/wp\/v2\/users\/1"}],"replies":[{"embeddable":true,"href":"https:\/\/evertonfc.cz\/index.php\/wp-json\/wp\/v2\/comments?post=11471"}],"version-history":[{"count":0,"href":"https:\/\/evertonfc.cz\/index.php\/wp-json\/wp\/v2\/news\/11471\/revisions"}],"wp:attachment":[{"href":"https:\/\/evertonfc.cz\/index.php\/wp-json\/wp\/v2\/media?parent=11471"}],"wp:term":[{"taxonomy":"post_tag","embeddable":true,"href":"https:\/\/evertonfc.cz\/index.php\/wp-json\/wp\/v2\/tags?post=11471"},{"taxonomy":"news-category","embeddable":true,"href":"https:\/\/evertonfc.cz\/index.php\/wp-json\/wp\/v2\/news-category?post=11471"}],"curies":[{"name":"wp","href":"https:\/\/api.w.org\/{rel}","templated":true}]}}