{"id":11561,"date":"2020-07-30T12:36:15","date_gmt":"2020-07-30T10:36:15","guid":{"rendered":"https:\/\/evertonfc.cz\/?post_type=news&#038;p=11561"},"modified":"2020-07-30T12:39:22","modified_gmt":"2020-07-30T10:39:22","slug":"dowell-prestupuje-do-norwiche","status":"publish","type":"news","link":"https:\/\/evertonfc.cz\/index.php\/news\/dowell-prestupuje-do-norwiche\/","title":{"rendered":"Dowell p\u0159estupuje do Norwiche"},"content":{"rendered":"<p>Odchovanec <a href=\"https:\/\/evertonfc.cz\/index.php\/soupiska\/kieran-dowell\/\" target=\"_blank\" rel=\"noopener noreferrer\">Kieran Dowell<\/a> po 15 letech kon\u010d\u00ed v Evertonu, v n\u011bm\u017e p\u016fsobil od sv\u00fdch sedmi let. Jeho nov\u00fdm domovem se stal Norwich City, kam p\u0159estoupil rok p\u0159ed koncem smlouvy na Goodison Parku za nezve\u0159ejn\u011bnou \u010d\u00e1stku. Na Carrow Road Stadium podepsal t\u0159\u00edlet\u00fd kontrakt.<\/p>\n<p>22let\u00fd ofenzivn\u00ed z\u00e1lo\u017en\u00edk debutoval v dresu Toffees u\u017e jako 17let\u00fd v prosinci 2014 v Evropsk\u00e9 lize proti Krasnodaru. V n\u00e1sleduj\u00edc\u00edch letech ale sb\u00edral starty poskrovnu, celkem si jich p\u0159ipsal pouh\u00fdch sedm.<\/p>\n<p>V posledn\u00edch letech absolvoval n\u011bkolik v\u00edce, \u010di m\u00e9n\u011b poveden\u00fdch hostov\u00e1n\u00ed. Hr\u00e1l v Nottinghamu Forest, Sheffieldu United, Derby County a posledn\u00ed p\u016flrok ve Wiganu. Jako kmenov\u00fd hr\u00e1\u010d Norwiche \u2013 kter\u00fd v ned\u00e1vno skon\u010den\u00e9 sez\u00f3n\u011b sestoupil z Premier League, m\u00e1 v\u0161ak ambice rychle se vr\u00e1tit \u2013 by m\u011bl kone\u010dn\u011b dostat prostor natrvalo si vybojovat d\u016fle\u017eitou pozici v perspektivn\u00edm mu\u017estvu.<\/p>\n<blockquote class=\"twitter-tweet\">\n<p dir=\"ltr\" lang=\"und\">\u26a1\ufe0f K D \u26a1\ufe0f<\/p>\n<p>? <a href=\"https:\/\/twitter.com\/hashtag\/DowellDone?src=hash&amp;ref_src=twsrc%5Etfw\">#DowellDone<\/a> ? <a href=\"https:\/\/t.co\/32AGIhOWI4\">pic.twitter.com\/32AGIhOWI4<\/a><\/p>\n<p>\u2014 Norwich City FC (@NorwichCityFC) <a href=\"https:\/\/twitter.com\/NorwichCityFC\/status\/1288772572725870593?ref_src=twsrc%5Etfw\">July 30, 2020<\/a><\/p><\/blockquote>\n<p><script async src=\"https:\/\/platform.twitter.com\/widgets.js\" charset=\"utf-8\"><\/script><\/p>\n","protected":false},"excerpt":{"rendered":"<p>Odchovanec Kieran Dowell po 15 letech kon\u010d\u00ed v Evertonu, v n\u011bm\u017e p\u016fsobil od sv\u00fdch sedmi let. Jeho nov\u00fdm domovem se&hellip;<\/p>\n","protected":false},"author":6,"featured_media":0,"comment_status":"open","ping_status":"closed","template":"","tags":[],"news-category":[18],"yoast_head":"<!-- This site is optimized with the Yoast SEO plugin v23.4 - https:\/\/yoast.com\/wordpress\/plugins\/seo\/ -->\n<title>Dowell p\u0159estupuje do Norwiche - Official Czech &amp; Slovak Everton Supporters&#039; Club<\/title>\n<meta name=\"robots\" content=\"index, follow, max-snippet:-1, max-image-preview:large, max-video-preview:-1\" \/>\n<link rel=\"canonical\" href=\"https:\/\/evertonfc.cz\/index.php\/news\/dowell-prestupuje-do-norwiche\/\" \/>\n<meta property=\"og:locale\" content=\"cs_CZ\" \/>\n<meta property=\"og:type\" content=\"article\" \/>\n<meta property=\"og:title\" content=\"Dowell p\u0159estupuje do Norwiche - Official Czech &amp; Slovak Everton Supporters&#039; Club\" \/>\n<meta property=\"og:description\" content=\"Odchovanec Kieran Dowell po 15 letech kon\u010d\u00ed v Evertonu, v n\u011bm\u017e p\u016fsobil od sv\u00fdch sedmi let. Jeho nov\u00fdm domovem se&hellip;\" \/>\n<meta property=\"og:url\" content=\"https:\/\/evertonfc.cz\/index.php\/news\/dowell-prestupuje-do-norwiche\/\" \/>\n<meta property=\"og:site_name\" content=\"Official Czech &amp; Slovak Everton Supporters&#039; Club\" \/>\n<meta property=\"article:publisher\" content=\"https:\/\/www.facebook.com\/everton.fans.cz.sk\" \/>\n<meta property=\"article:modified_time\" content=\"2020-07-30T10:39:22+00:00\" \/>\n<meta name=\"twitter:card\" content=\"summary_large_image\" \/>\n<meta name=\"twitter:label1\" content=\"Odhadovan\u00e1 doba \u010dten\u00ed\" \/>\n\t<meta name=\"twitter:data1\" content=\"1 minuta\" \/>\n<script type=\"application\/ld+json\" class=\"yoast-schema-graph\">{\"@context\":\"https:\/\/schema.org\",\"@graph\":[{\"@type\":\"WebPage\",\"@id\":\"https:\/\/evertonfc.cz\/index.php\/news\/dowell-prestupuje-do-norwiche\/\",\"url\":\"https:\/\/evertonfc.cz\/index.php\/news\/dowell-prestupuje-do-norwiche\/\",\"name\":\"Dowell p\u0159estupuje do Norwiche - Official Czech &amp; Slovak Everton Supporters&#039; Club\",\"isPartOf\":{\"@id\":\"https:\/\/evertonfc.cz\/#website\"},\"datePublished\":\"2020-07-30T10:36:15+00:00\",\"dateModified\":\"2020-07-30T10:39:22+00:00\",\"breadcrumb\":{\"@id\":\"https:\/\/evertonfc.cz\/index.php\/news\/dowell-prestupuje-do-norwiche\/#breadcrumb\"},\"inLanguage\":\"cs\",\"potentialAction\":[{\"@type\":\"ReadAction\",\"target\":[\"https:\/\/evertonfc.cz\/index.php\/news\/dowell-prestupuje-do-norwiche\/\"]}]},{\"@type\":\"BreadcrumbList\",\"@id\":\"https:\/\/evertonfc.cz\/index.php\/news\/dowell-prestupuje-do-norwiche\/#breadcrumb\",\"itemListElement\":[{\"@type\":\"ListItem\",\"position\":1,\"name\":\"Home\",\"item\":\"https:\/\/evertonfc.cz\/\"},{\"@type\":\"ListItem\",\"position\":2,\"name\":\"News\",\"item\":\"https:\/\/evertonfc.cz\/index.php\/news\/\"},{\"@type\":\"ListItem\",\"position\":3,\"name\":\"Dowell p\u0159estupuje do Norwiche\"}]},{\"@type\":\"WebSite\",\"@id\":\"https:\/\/evertonfc.cz\/#website\",\"url\":\"https:\/\/evertonfc.cz\/\",\"name\":\"Official Czech &amp; Slovak Everton Supporters&#039; Club\",\"description\":\"\",\"publisher\":{\"@id\":\"https:\/\/evertonfc.cz\/#organization\"},\"potentialAction\":[{\"@type\":\"SearchAction\",\"target\":{\"@type\":\"EntryPoint\",\"urlTemplate\":\"https:\/\/evertonfc.cz\/?s={search_term_string}\"},\"query-input\":{\"@type\":\"PropertyValueSpecification\",\"valueRequired\":true,\"valueName\":\"search_term_string\"}}],\"inLanguage\":\"cs\"},{\"@type\":\"Organization\",\"@id\":\"https:\/\/evertonfc.cz\/#organization\",\"name\":\"Official Czech & Slovak Everton Supporters' Club\",\"url\":\"https:\/\/evertonfc.cz\/\",\"logo\":{\"@type\":\"ImageObject\",\"inLanguage\":\"cs\",\"@id\":\"https:\/\/evertonfc.cz\/#\/schema\/logo\/image\/\",\"url\":\"https:\/\/evertonfc.cz\/wp-content\/uploads\/2019\/05\/logo.png\",\"contentUrl\":\"https:\/\/evertonfc.cz\/wp-content\/uploads\/2019\/05\/logo.png\",\"width\":112,\"height\":112,\"caption\":\"Official Czech & Slovak Everton Supporters' Club\"},\"image\":{\"@id\":\"https:\/\/evertonfc.cz\/#\/schema\/logo\/image\/\"},\"sameAs\":[\"https:\/\/www.facebook.com\/everton.fans.cz.sk\"]}]}<\/script>\n<!-- \/ Yoast SEO plugin. -->","yoast_head_json":{"title":"Dowell p\u0159estupuje do Norwiche - Official Czech &amp; Slovak Everton Supporters&#039; Club","robots":{"index":"index","follow":"follow","max-snippet":"max-snippet:-1","max-image-preview":"max-image-preview:large","max-video-preview":"max-video-preview:-1"},"canonical":"https:\/\/evertonfc.cz\/index.php\/news\/dowell-prestupuje-do-norwiche\/","og_locale":"cs_CZ","og_type":"article","og_title":"Dowell p\u0159estupuje do Norwiche - Official Czech &amp; Slovak Everton Supporters&#039; Club","og_description":"Odchovanec Kieran Dowell po 15 letech kon\u010d\u00ed v Evertonu, v n\u011bm\u017e p\u016fsobil od sv\u00fdch sedmi let. Jeho nov\u00fdm domovem se&hellip;","og_url":"https:\/\/evertonfc.cz\/index.php\/news\/dowell-prestupuje-do-norwiche\/","og_site_name":"Official Czech &amp; Slovak Everton Supporters&#039; Club","article_publisher":"https:\/\/www.facebook.com\/everton.fans.cz.sk","article_modified_time":"2020-07-30T10:39:22+00:00","twitter_card":"summary_large_image","twitter_misc":{"Odhadovan\u00e1 doba \u010dten\u00ed":"1 minuta"},"schema":{"@context":"https:\/\/schema.org","@graph":[{"@type":"WebPage","@id":"https:\/\/evertonfc.cz\/index.php\/news\/dowell-prestupuje-do-norwiche\/","url":"https:\/\/evertonfc.cz\/index.php\/news\/dowell-prestupuje-do-norwiche\/","name":"Dowell p\u0159estupuje do Norwiche - Official Czech &amp; Slovak Everton Supporters&#039; Club","isPartOf":{"@id":"https:\/\/evertonfc.cz\/#website"},"datePublished":"2020-07-30T10:36:15+00:00","dateModified":"2020-07-30T10:39:22+00:00","breadcrumb":{"@id":"https:\/\/evertonfc.cz\/index.php\/news\/dowell-prestupuje-do-norwiche\/#breadcrumb"},"inLanguage":"cs","potentialAction":[{"@type":"ReadAction","target":["https:\/\/evertonfc.cz\/index.php\/news\/dowell-prestupuje-do-norwiche\/"]}]},{"@type":"BreadcrumbList","@id":"https:\/\/evertonfc.cz\/index.php\/news\/dowell-prestupuje-do-norwiche\/#breadcrumb","itemListElement":[{"@type":"ListItem","position":1,"name":"Home","item":"https:\/\/evertonfc.cz\/"},{"@type":"ListItem","position":2,"name":"News","item":"https:\/\/evertonfc.cz\/index.php\/news\/"},{"@type":"ListItem","position":3,"name":"Dowell p\u0159estupuje do Norwiche"}]},{"@type":"WebSite","@id":"https:\/\/evertonfc.cz\/#website","url":"https:\/\/evertonfc.cz\/","name":"Official Czech &amp; Slovak Everton Supporters&#039; Club","description":"","publisher":{"@id":"https:\/\/evertonfc.cz\/#organization"},"potentialAction":[{"@type":"SearchAction","target":{"@type":"EntryPoint","urlTemplate":"https:\/\/evertonfc.cz\/?s={search_term_string}"},"query-input":{"@type":"PropertyValueSpecification","valueRequired":true,"valueName":"search_term_string"}}],"inLanguage":"cs"},{"@type":"Organization","@id":"https:\/\/evertonfc.cz\/#organization","name":"Official Czech & Slovak Everton Supporters' Club","url":"https:\/\/evertonfc.cz\/","logo":{"@type":"ImageObject","inLanguage":"cs","@id":"https:\/\/evertonfc.cz\/#\/schema\/logo\/image\/","url":"https:\/\/evertonfc.cz\/wp-content\/uploads\/2019\/05\/logo.png","contentUrl":"https:\/\/evertonfc.cz\/wp-content\/uploads\/2019\/05\/logo.png","width":112,"height":112,"caption":"Official Czech & Slovak Everton Supporters' Club"},"image":{"@id":"https:\/\/evertonfc.cz\/#\/schema\/logo\/image\/"},"sameAs":["https:\/\/www.facebook.com\/everton.fans.cz.sk"]}]}},"_links":{"self":[{"href":"https:\/\/evertonfc.cz\/index.php\/wp-json\/wp\/v2\/news\/11561"}],"collection":[{"href":"https:\/\/evertonfc.cz\/index.php\/wp-json\/wp\/v2\/news"}],"about":[{"href":"https:\/\/evertonfc.cz\/index.php\/wp-json\/wp\/v2\/types\/news"}],"author":[{"embeddable":true,"href":"https:\/\/evertonfc.cz\/index.php\/wp-json\/wp\/v2\/users\/6"}],"replies":[{"embeddable":true,"href":"https:\/\/evertonfc.cz\/index.php\/wp-json\/wp\/v2\/comments?post=11561"}],"version-history":[{"count":0,"href":"https:\/\/evertonfc.cz\/index.php\/wp-json\/wp\/v2\/news\/11561\/revisions"}],"wp:attachment":[{"href":"https:\/\/evertonfc.cz\/index.php\/wp-json\/wp\/v2\/media?parent=11561"}],"wp:term":[{"taxonomy":"post_tag","embeddable":true,"href":"https:\/\/evertonfc.cz\/index.php\/wp-json\/wp\/v2\/tags?post=11561"},{"taxonomy":"news-category","embeddable":true,"href":"https:\/\/evertonfc.cz\/index.php\/wp-json\/wp\/v2\/news-category?post=11561"}],"curies":[{"name":"wp","href":"https:\/\/api.w.org\/{rel}","templated":true}]}}