{"id":11591,"date":"2020-08-06T15:36:26","date_gmt":"2020-08-06T13:36:26","guid":{"rendered":"https:\/\/evertonfc.cz\/?post_type=news&#038;p=11591"},"modified":"2020-08-06T15:36:26","modified_gmt":"2020-08-06T13:36:26","slug":"unsworth-chvali-nkounkoua","status":"publish","type":"news","link":"https:\/\/evertonfc.cz\/index.php\/news\/unsworth-chvali-nkounkoua\/","title":{"rendered":"Unsworth chv\u00e1li Nkounkoua"},"content":{"rendered":"<p>Nov\u00e1 posila Evertonu Niels Nkounkou sa u\u017e po prv\u00fdch d\u0148och v tr\u00e9ningu do\u010dkal pochvaly od re\u0161pektovanej postavy v klube. Mana\u017e\u00e9r v\u00fdberu U23 David Unsworth, pod ktor\u00e9ho zatia\u013e mlad\u00fd franc\u00fazsky reprezentant patr\u00ed, vyzdvihol jeho fyzick\u00fa pripravenos\u0165 a\u00a0pracovn\u00e9 nasadenie. To okam\u017eite preuk\u00e1zal po zapojen\u00ed sa do letnej pr\u00edpravy. T\u00e1 za\u010dala pre akad\u00e9miu tento pondelok, takmer p\u00e4\u0165 mesiacov po poslednom s\u00fa\u0165a\u017enom z\u00e1pase.<\/p>\n<blockquote><p><em>\u201eVyzer\u00e1 ako naozaj dobr\u00fd talent. V prv\u00fdch d\u0148och pracoval ve\u013emi, ve\u013emi tvrdo. Samozrejme existuje ve\u013ea vec\u00ed, na ktor\u00fdch e\u0161te popracuje, ale vyzer\u00e1 by\u0165 skvel\u00fd atl\u00e9t.<\/em><\/p><\/blockquote>\n<p>Unsworth odohral v\u00fdznamn\u00fa \u010das\u0165 zo svojich 350 z\u00e1pasov za Everton na poz\u00edcii \u013eav\u00e9ho obrancu. 19-ro\u010dn\u00fd odchovanec Stade Brest preto m\u00e1 ve\u013ek\u00fd vzor hodn\u00fd nasledovania. Sn\u00e1\u010f ho u\u017e \u010doskoro uvid\u00edme v prvom t\u00edme.<\/p>\n<blockquote><p><em>Te\u0161\u00edm sa, \u017ee ho budem tr\u00e9nova\u0165 &#8211; hr\u00e1 na poz\u00edci\u00ed, ktor\u00fa pozn\u00e1m ve\u013emi dobre &#8211; a pok\u00fasim sa mu pom\u00f4c\u0165 s taktick\u00fdm porozumen\u00edm a po\u017eiadavkami toho, \u010do je potrebn\u00e9 na najvy\u0161\u0161ej \u00farovni. Mysl\u00edm si, \u017ee to tu rob\u00edme ve\u013emi dobre &#8211; ukazujeme na\u0161im mlad\u00fdm hr\u00e1\u010dom, \u010do potrebuj\u00fa, aby boli hr\u00e1\u010dmi Evertonu.\u201c<\/em><\/p><\/blockquote>\n","protected":false},"excerpt":{"rendered":"<p>Nov\u00e1 posila Evertonu Niels Nkounkou sa u\u017e po prv\u00fdch d\u0148och v tr\u00e9ningu do\u010dkal pochvaly od re\u0161pektovanej postavy v klube. Mana\u017e\u00e9r&hellip;<\/p>\n","protected":false},"author":1,"featured_media":0,"comment_status":"open","ping_status":"closed","template":"","tags":[],"news-category":[18],"yoast_head":"<!-- This site is optimized with the Yoast SEO plugin v23.4 - https:\/\/yoast.com\/wordpress\/plugins\/seo\/ -->\n<title>Unsworth chv\u00e1li Nkounkoua - Official Czech &amp; Slovak Everton Supporters&#039; Club<\/title>\n<meta name=\"robots\" content=\"index, follow, max-snippet:-1, max-image-preview:large, max-video-preview:-1\" \/>\n<link rel=\"canonical\" href=\"https:\/\/evertonfc.cz\/index.php\/news\/unsworth-chvali-nkounkoua\/\" \/>\n<meta property=\"og:locale\" content=\"cs_CZ\" \/>\n<meta property=\"og:type\" content=\"article\" \/>\n<meta property=\"og:title\" content=\"Unsworth chv\u00e1li Nkounkoua - Official Czech &amp; Slovak Everton Supporters&#039; Club\" \/>\n<meta property=\"og:description\" content=\"Nov\u00e1 posila Evertonu Niels Nkounkou sa u\u017e po prv\u00fdch d\u0148och v tr\u00e9ningu do\u010dkal pochvaly od re\u0161pektovanej postavy v klube. Mana\u017e\u00e9r&hellip;\" \/>\n<meta property=\"og:url\" content=\"https:\/\/evertonfc.cz\/index.php\/news\/unsworth-chvali-nkounkoua\/\" \/>\n<meta property=\"og:site_name\" content=\"Official Czech &amp; Slovak Everton Supporters&#039; Club\" \/>\n<meta property=\"article:publisher\" content=\"https:\/\/www.facebook.com\/everton.fans.cz.sk\" \/>\n<meta name=\"twitter:card\" content=\"summary_large_image\" \/>\n<meta name=\"twitter:label1\" content=\"Odhadovan\u00e1 doba \u010dten\u00ed\" \/>\n\t<meta name=\"twitter:data1\" content=\"1 minuta\" \/>\n<script type=\"application\/ld+json\" class=\"yoast-schema-graph\">{\"@context\":\"https:\/\/schema.org\",\"@graph\":[{\"@type\":\"WebPage\",\"@id\":\"https:\/\/evertonfc.cz\/index.php\/news\/unsworth-chvali-nkounkoua\/\",\"url\":\"https:\/\/evertonfc.cz\/index.php\/news\/unsworth-chvali-nkounkoua\/\",\"name\":\"Unsworth chv\u00e1li Nkounkoua - Official Czech &amp; Slovak Everton Supporters&#039; Club\",\"isPartOf\":{\"@id\":\"https:\/\/evertonfc.cz\/#website\"},\"datePublished\":\"2020-08-06T13:36:26+00:00\",\"dateModified\":\"2020-08-06T13:36:26+00:00\",\"breadcrumb\":{\"@id\":\"https:\/\/evertonfc.cz\/index.php\/news\/unsworth-chvali-nkounkoua\/#breadcrumb\"},\"inLanguage\":\"cs\",\"potentialAction\":[{\"@type\":\"ReadAction\",\"target\":[\"https:\/\/evertonfc.cz\/index.php\/news\/unsworth-chvali-nkounkoua\/\"]}]},{\"@type\":\"BreadcrumbList\",\"@id\":\"https:\/\/evertonfc.cz\/index.php\/news\/unsworth-chvali-nkounkoua\/#breadcrumb\",\"itemListElement\":[{\"@type\":\"ListItem\",\"position\":1,\"name\":\"Home\",\"item\":\"https:\/\/evertonfc.cz\/\"},{\"@type\":\"ListItem\",\"position\":2,\"name\":\"News\",\"item\":\"https:\/\/evertonfc.cz\/index.php\/news\/\"},{\"@type\":\"ListItem\",\"position\":3,\"name\":\"Unsworth chv\u00e1li Nkounkoua\"}]},{\"@type\":\"WebSite\",\"@id\":\"https:\/\/evertonfc.cz\/#website\",\"url\":\"https:\/\/evertonfc.cz\/\",\"name\":\"Official Czech &amp; Slovak Everton Supporters&#039; Club\",\"description\":\"\",\"publisher\":{\"@id\":\"https:\/\/evertonfc.cz\/#organization\"},\"potentialAction\":[{\"@type\":\"SearchAction\",\"target\":{\"@type\":\"EntryPoint\",\"urlTemplate\":\"https:\/\/evertonfc.cz\/?s={search_term_string}\"},\"query-input\":{\"@type\":\"PropertyValueSpecification\",\"valueRequired\":true,\"valueName\":\"search_term_string\"}}],\"inLanguage\":\"cs\"},{\"@type\":\"Organization\",\"@id\":\"https:\/\/evertonfc.cz\/#organization\",\"name\":\"Official Czech & Slovak Everton Supporters' Club\",\"url\":\"https:\/\/evertonfc.cz\/\",\"logo\":{\"@type\":\"ImageObject\",\"inLanguage\":\"cs\",\"@id\":\"https:\/\/evertonfc.cz\/#\/schema\/logo\/image\/\",\"url\":\"https:\/\/evertonfc.cz\/wp-content\/uploads\/2019\/05\/logo.png\",\"contentUrl\":\"https:\/\/evertonfc.cz\/wp-content\/uploads\/2019\/05\/logo.png\",\"width\":112,\"height\":112,\"caption\":\"Official Czech & Slovak Everton Supporters' Club\"},\"image\":{\"@id\":\"https:\/\/evertonfc.cz\/#\/schema\/logo\/image\/\"},\"sameAs\":[\"https:\/\/www.facebook.com\/everton.fans.cz.sk\"]}]}<\/script>\n<!-- \/ Yoast SEO plugin. -->","yoast_head_json":{"title":"Unsworth chv\u00e1li Nkounkoua - Official Czech &amp; Slovak Everton Supporters&#039; Club","robots":{"index":"index","follow":"follow","max-snippet":"max-snippet:-1","max-image-preview":"max-image-preview:large","max-video-preview":"max-video-preview:-1"},"canonical":"https:\/\/evertonfc.cz\/index.php\/news\/unsworth-chvali-nkounkoua\/","og_locale":"cs_CZ","og_type":"article","og_title":"Unsworth chv\u00e1li Nkounkoua - Official Czech &amp; Slovak Everton Supporters&#039; Club","og_description":"Nov\u00e1 posila Evertonu Niels Nkounkou sa u\u017e po prv\u00fdch d\u0148och v tr\u00e9ningu do\u010dkal pochvaly od re\u0161pektovanej postavy v klube. Mana\u017e\u00e9r&hellip;","og_url":"https:\/\/evertonfc.cz\/index.php\/news\/unsworth-chvali-nkounkoua\/","og_site_name":"Official Czech &amp; Slovak Everton Supporters&#039; Club","article_publisher":"https:\/\/www.facebook.com\/everton.fans.cz.sk","twitter_card":"summary_large_image","twitter_misc":{"Odhadovan\u00e1 doba \u010dten\u00ed":"1 minuta"},"schema":{"@context":"https:\/\/schema.org","@graph":[{"@type":"WebPage","@id":"https:\/\/evertonfc.cz\/index.php\/news\/unsworth-chvali-nkounkoua\/","url":"https:\/\/evertonfc.cz\/index.php\/news\/unsworth-chvali-nkounkoua\/","name":"Unsworth chv\u00e1li Nkounkoua - Official Czech &amp; Slovak Everton Supporters&#039; Club","isPartOf":{"@id":"https:\/\/evertonfc.cz\/#website"},"datePublished":"2020-08-06T13:36:26+00:00","dateModified":"2020-08-06T13:36:26+00:00","breadcrumb":{"@id":"https:\/\/evertonfc.cz\/index.php\/news\/unsworth-chvali-nkounkoua\/#breadcrumb"},"inLanguage":"cs","potentialAction":[{"@type":"ReadAction","target":["https:\/\/evertonfc.cz\/index.php\/news\/unsworth-chvali-nkounkoua\/"]}]},{"@type":"BreadcrumbList","@id":"https:\/\/evertonfc.cz\/index.php\/news\/unsworth-chvali-nkounkoua\/#breadcrumb","itemListElement":[{"@type":"ListItem","position":1,"name":"Home","item":"https:\/\/evertonfc.cz\/"},{"@type":"ListItem","position":2,"name":"News","item":"https:\/\/evertonfc.cz\/index.php\/news\/"},{"@type":"ListItem","position":3,"name":"Unsworth chv\u00e1li Nkounkoua"}]},{"@type":"WebSite","@id":"https:\/\/evertonfc.cz\/#website","url":"https:\/\/evertonfc.cz\/","name":"Official Czech &amp; Slovak Everton Supporters&#039; Club","description":"","publisher":{"@id":"https:\/\/evertonfc.cz\/#organization"},"potentialAction":[{"@type":"SearchAction","target":{"@type":"EntryPoint","urlTemplate":"https:\/\/evertonfc.cz\/?s={search_term_string}"},"query-input":{"@type":"PropertyValueSpecification","valueRequired":true,"valueName":"search_term_string"}}],"inLanguage":"cs"},{"@type":"Organization","@id":"https:\/\/evertonfc.cz\/#organization","name":"Official Czech & Slovak Everton Supporters' Club","url":"https:\/\/evertonfc.cz\/","logo":{"@type":"ImageObject","inLanguage":"cs","@id":"https:\/\/evertonfc.cz\/#\/schema\/logo\/image\/","url":"https:\/\/evertonfc.cz\/wp-content\/uploads\/2019\/05\/logo.png","contentUrl":"https:\/\/evertonfc.cz\/wp-content\/uploads\/2019\/05\/logo.png","width":112,"height":112,"caption":"Official Czech & Slovak Everton Supporters' Club"},"image":{"@id":"https:\/\/evertonfc.cz\/#\/schema\/logo\/image\/"},"sameAs":["https:\/\/www.facebook.com\/everton.fans.cz.sk"]}]}},"_links":{"self":[{"href":"https:\/\/evertonfc.cz\/index.php\/wp-json\/wp\/v2\/news\/11591"}],"collection":[{"href":"https:\/\/evertonfc.cz\/index.php\/wp-json\/wp\/v2\/news"}],"about":[{"href":"https:\/\/evertonfc.cz\/index.php\/wp-json\/wp\/v2\/types\/news"}],"author":[{"embeddable":true,"href":"https:\/\/evertonfc.cz\/index.php\/wp-json\/wp\/v2\/users\/1"}],"replies":[{"embeddable":true,"href":"https:\/\/evertonfc.cz\/index.php\/wp-json\/wp\/v2\/comments?post=11591"}],"version-history":[{"count":0,"href":"https:\/\/evertonfc.cz\/index.php\/wp-json\/wp\/v2\/news\/11591\/revisions"}],"wp:attachment":[{"href":"https:\/\/evertonfc.cz\/index.php\/wp-json\/wp\/v2\/media?parent=11591"}],"wp:term":[{"taxonomy":"post_tag","embeddable":true,"href":"https:\/\/evertonfc.cz\/index.php\/wp-json\/wp\/v2\/tags?post=11591"},{"taxonomy":"news-category","embeddable":true,"href":"https:\/\/evertonfc.cz\/index.php\/wp-json\/wp\/v2\/news-category?post=11591"}],"curies":[{"name":"wp","href":"https:\/\/api.w.org\/{rel}","templated":true}]}}