{"id":11658,"date":"2020-08-18T16:35:29","date_gmt":"2020-08-18T14:35:29","guid":{"rendered":"https:\/\/evertonfc.cz\/?post_type=news&#038;p=11658"},"modified":"2020-08-18T16:35:29","modified_gmt":"2020-08-18T14:35:29","slug":"letna-priprava-u23","status":"publish","type":"news","link":"https:\/\/evertonfc.cz\/index.php\/news\/letna-priprava-u23\/","title":{"rendered":"Letn\u00e1 pr\u00edprava U23"},"content":{"rendered":"<p><span lang=\"SK\">Predsez\u00f3nna pr\u00edprava v\u00fdberu Evertonu do 23 rokov je plnom pr\u00fade. Bodaj by nie. Ve\u010f ligov\u00e9 s\u00fa\u0165a\u017ee klubov\u00fdch akad\u00e9mii skon\u010dili pred\u010dasne pred zhruba polrokom. B-t\u00edm Karameliek sa preto hl\u00e1sil v\u00a0tr\u00e9ningovom centre Finch Farm u\u017e tretieho augusta. O\u00a0pln\u00e9 dva t\u00fd\u017edne sk\u00f4r, ako ich kolegovia z\u00a0A\u010dka.<\/span><\/p>\n<p><span lang=\"SK\">Kv\u00f4li hygienick\u00fdm opatreniam sa v\u0161ak met\u00f3dy na ihrisk\u00e1ch v\u00a0Halewoode zmenili. Prv\u00e9 dni museli hr\u00e1\u010di tr\u00e9nova\u0165 len v\u00a0mal\u00fdch \u0161tvor\u010dlenn\u00fdch skupin\u00e1ch, a a\u017e po p\u00e1r d\u0148och ako celok. Zak\u00e1zan\u00e9 s\u00fa dvoj a\u00a0trojf\u00e1zov\u00e9 poobedn\u00e9 tr\u00e9ningy. Jedin\u00e1 mo\u017enos\u0165 je tak nas\u00faka\u0165 \u010do najviac drilov do 1,5 hodinov\u00e9ho tr\u00e9ningu doobeda.<\/span><\/p>\n<p><span lang=\"SK\">Kladie sa d\u00f4raz na techniku a\u00a0z\u00e1kladn\u00fa kond\u00edciu, aj t\u00fa v\u017edy s\u00a0loptou. Unsworth potvrdil, \u017ee mu\u017estvo sa vr\u00e1tilo po dlhej pauze v\u00a0skvelej kond\u00edcii. Pred\u010dasne za\u010dal s\u00a0ich skupinou tr\u00e9nova\u0165 aj Yannick Bolasie. Kr\u00eddeln\u00edk sa u\u017e v\u0161ak pripojil k\u00a0prv\u00e9mu t\u00edmu, po ich n\u00e1vrate z\u00a0dovoleniek, rovnako tak Muhamed Be\u0161i\u0107.<\/span><\/p>\n<p><span lang=\"SK\">Prv\u00fd priate\u013esk\u00fd duel m\u00e1 dokonca U23 za sebou. V\u00a0sobotu 15. augusta odohrala 90. min\u00fat na Finch Farm proti klubu z\u00a0Merseyside \u2013 Southport FC. Hostia zo severnej div\u00edzie \u0161iestej ligy (National League \u2013 North) zv\u00ed\u0165azili v\u00a0pomere 2:1. G\u00f3l za The Toffees vsietil Ellis Simms. Cel\u00fd program pr\u00edpravy n\u00e1jdete ni\u017e\u0161ie:<\/span><\/p>\n<ol>\n<li><strong><span lang=\"SK\">Sobota 15. august: Everton U23 vs Southport &#8211; (USM Finch Farm, 13:00) = <\/span><\/strong><em><span lang=\"SK\">1:2<\/span><\/em><strong><span lang=\"SK\"><br \/>\n<\/span><\/strong><\/li>\n<li><strong><span lang=\"SK\">Sobota 22. august: Everton U23 vs Runcorn Town (USM Finch Farm, 15:00)<br \/>\n<\/span><\/strong><\/li>\n<li><strong><span lang=\"SK\">Utorok 25. august: Everton U23 vs Chorley (USM Finch Farm, 20:00)<br \/>\n<\/span><\/strong><\/li>\n<li><strong><span lang=\"SK\">Sobota 29. august: Everton U23 vs Morecambe (USM Finch Farm, 15:00)<br \/>\n<\/span><\/strong><\/li>\n<li><strong><span lang=\"SK\">Sobota 5. september: Manchester United U23 vs Everton U23 (The Cliff, 14:00)<\/span><\/strong><\/li>\n<\/ol>\n","protected":false},"excerpt":{"rendered":"<p>Predsez\u00f3nna pr\u00edprava v\u00fdberu Evertonu do 23 rokov je plnom pr\u00fade. Bodaj by nie. Ve\u010f ligov\u00e9 s\u00fa\u0165a\u017ee klubov\u00fdch akad\u00e9mii skon\u010dili pred\u010dasne&hellip;<\/p>\n","protected":false},"author":1,"featured_media":0,"comment_status":"open","ping_status":"closed","template":"","tags":[],"news-category":[18],"yoast_head":"<!-- This site is optimized with the Yoast SEO plugin v23.4 - https:\/\/yoast.com\/wordpress\/plugins\/seo\/ -->\n<title>Letn\u00e1 pr\u00edprava U23 - Official Czech &amp; Slovak Everton Supporters&#039; Club<\/title>\n<meta name=\"robots\" content=\"index, follow, max-snippet:-1, max-image-preview:large, max-video-preview:-1\" \/>\n<link rel=\"canonical\" href=\"https:\/\/evertonfc.cz\/index.php\/news\/letna-priprava-u23\/\" \/>\n<meta property=\"og:locale\" content=\"cs_CZ\" \/>\n<meta property=\"og:type\" content=\"article\" \/>\n<meta property=\"og:title\" content=\"Letn\u00e1 pr\u00edprava U23 - Official Czech &amp; Slovak Everton Supporters&#039; Club\" \/>\n<meta property=\"og:description\" content=\"Predsez\u00f3nna pr\u00edprava v\u00fdberu Evertonu do 23 rokov je plnom pr\u00fade. Bodaj by nie. Ve\u010f ligov\u00e9 s\u00fa\u0165a\u017ee klubov\u00fdch akad\u00e9mii skon\u010dili pred\u010dasne&hellip;\" \/>\n<meta property=\"og:url\" content=\"https:\/\/evertonfc.cz\/index.php\/news\/letna-priprava-u23\/\" \/>\n<meta property=\"og:site_name\" content=\"Official Czech &amp; Slovak Everton Supporters&#039; Club\" \/>\n<meta property=\"article:publisher\" content=\"https:\/\/www.facebook.com\/everton.fans.cz.sk\" \/>\n<meta name=\"twitter:card\" content=\"summary_large_image\" \/>\n<meta name=\"twitter:label1\" content=\"Odhadovan\u00e1 doba \u010dten\u00ed\" \/>\n\t<meta name=\"twitter:data1\" content=\"1 minuta\" \/>\n<script type=\"application\/ld+json\" class=\"yoast-schema-graph\">{\"@context\":\"https:\/\/schema.org\",\"@graph\":[{\"@type\":\"WebPage\",\"@id\":\"https:\/\/evertonfc.cz\/index.php\/news\/letna-priprava-u23\/\",\"url\":\"https:\/\/evertonfc.cz\/index.php\/news\/letna-priprava-u23\/\",\"name\":\"Letn\u00e1 pr\u00edprava U23 - Official Czech &amp; Slovak Everton Supporters&#039; Club\",\"isPartOf\":{\"@id\":\"https:\/\/evertonfc.cz\/#website\"},\"datePublished\":\"2020-08-18T14:35:29+00:00\",\"dateModified\":\"2020-08-18T14:35:29+00:00\",\"breadcrumb\":{\"@id\":\"https:\/\/evertonfc.cz\/index.php\/news\/letna-priprava-u23\/#breadcrumb\"},\"inLanguage\":\"cs\",\"potentialAction\":[{\"@type\":\"ReadAction\",\"target\":[\"https:\/\/evertonfc.cz\/index.php\/news\/letna-priprava-u23\/\"]}]},{\"@type\":\"BreadcrumbList\",\"@id\":\"https:\/\/evertonfc.cz\/index.php\/news\/letna-priprava-u23\/#breadcrumb\",\"itemListElement\":[{\"@type\":\"ListItem\",\"position\":1,\"name\":\"Home\",\"item\":\"https:\/\/evertonfc.cz\/\"},{\"@type\":\"ListItem\",\"position\":2,\"name\":\"News\",\"item\":\"https:\/\/evertonfc.cz\/index.php\/news\/\"},{\"@type\":\"ListItem\",\"position\":3,\"name\":\"Letn\u00e1 pr\u00edprava U23\"}]},{\"@type\":\"WebSite\",\"@id\":\"https:\/\/evertonfc.cz\/#website\",\"url\":\"https:\/\/evertonfc.cz\/\",\"name\":\"Official Czech &amp; Slovak Everton Supporters&#039; Club\",\"description\":\"\",\"publisher\":{\"@id\":\"https:\/\/evertonfc.cz\/#organization\"},\"potentialAction\":[{\"@type\":\"SearchAction\",\"target\":{\"@type\":\"EntryPoint\",\"urlTemplate\":\"https:\/\/evertonfc.cz\/?s={search_term_string}\"},\"query-input\":{\"@type\":\"PropertyValueSpecification\",\"valueRequired\":true,\"valueName\":\"search_term_string\"}}],\"inLanguage\":\"cs\"},{\"@type\":\"Organization\",\"@id\":\"https:\/\/evertonfc.cz\/#organization\",\"name\":\"Official Czech & Slovak Everton Supporters' Club\",\"url\":\"https:\/\/evertonfc.cz\/\",\"logo\":{\"@type\":\"ImageObject\",\"inLanguage\":\"cs\",\"@id\":\"https:\/\/evertonfc.cz\/#\/schema\/logo\/image\/\",\"url\":\"https:\/\/evertonfc.cz\/wp-content\/uploads\/2019\/05\/logo.png\",\"contentUrl\":\"https:\/\/evertonfc.cz\/wp-content\/uploads\/2019\/05\/logo.png\",\"width\":112,\"height\":112,\"caption\":\"Official Czech & Slovak Everton Supporters' Club\"},\"image\":{\"@id\":\"https:\/\/evertonfc.cz\/#\/schema\/logo\/image\/\"},\"sameAs\":[\"https:\/\/www.facebook.com\/everton.fans.cz.sk\"]}]}<\/script>\n<!-- \/ Yoast SEO plugin. -->","yoast_head_json":{"title":"Letn\u00e1 pr\u00edprava U23 - Official Czech &amp; Slovak Everton Supporters&#039; Club","robots":{"index":"index","follow":"follow","max-snippet":"max-snippet:-1","max-image-preview":"max-image-preview:large","max-video-preview":"max-video-preview:-1"},"canonical":"https:\/\/evertonfc.cz\/index.php\/news\/letna-priprava-u23\/","og_locale":"cs_CZ","og_type":"article","og_title":"Letn\u00e1 pr\u00edprava U23 - Official Czech &amp; Slovak Everton Supporters&#039; Club","og_description":"Predsez\u00f3nna pr\u00edprava v\u00fdberu Evertonu do 23 rokov je plnom pr\u00fade. Bodaj by nie. Ve\u010f ligov\u00e9 s\u00fa\u0165a\u017ee klubov\u00fdch akad\u00e9mii skon\u010dili pred\u010dasne&hellip;","og_url":"https:\/\/evertonfc.cz\/index.php\/news\/letna-priprava-u23\/","og_site_name":"Official Czech &amp; Slovak Everton Supporters&#039; Club","article_publisher":"https:\/\/www.facebook.com\/everton.fans.cz.sk","twitter_card":"summary_large_image","twitter_misc":{"Odhadovan\u00e1 doba \u010dten\u00ed":"1 minuta"},"schema":{"@context":"https:\/\/schema.org","@graph":[{"@type":"WebPage","@id":"https:\/\/evertonfc.cz\/index.php\/news\/letna-priprava-u23\/","url":"https:\/\/evertonfc.cz\/index.php\/news\/letna-priprava-u23\/","name":"Letn\u00e1 pr\u00edprava U23 - Official Czech &amp; Slovak Everton Supporters&#039; Club","isPartOf":{"@id":"https:\/\/evertonfc.cz\/#website"},"datePublished":"2020-08-18T14:35:29+00:00","dateModified":"2020-08-18T14:35:29+00:00","breadcrumb":{"@id":"https:\/\/evertonfc.cz\/index.php\/news\/letna-priprava-u23\/#breadcrumb"},"inLanguage":"cs","potentialAction":[{"@type":"ReadAction","target":["https:\/\/evertonfc.cz\/index.php\/news\/letna-priprava-u23\/"]}]},{"@type":"BreadcrumbList","@id":"https:\/\/evertonfc.cz\/index.php\/news\/letna-priprava-u23\/#breadcrumb","itemListElement":[{"@type":"ListItem","position":1,"name":"Home","item":"https:\/\/evertonfc.cz\/"},{"@type":"ListItem","position":2,"name":"News","item":"https:\/\/evertonfc.cz\/index.php\/news\/"},{"@type":"ListItem","position":3,"name":"Letn\u00e1 pr\u00edprava U23"}]},{"@type":"WebSite","@id":"https:\/\/evertonfc.cz\/#website","url":"https:\/\/evertonfc.cz\/","name":"Official Czech &amp; Slovak Everton Supporters&#039; Club","description":"","publisher":{"@id":"https:\/\/evertonfc.cz\/#organization"},"potentialAction":[{"@type":"SearchAction","target":{"@type":"EntryPoint","urlTemplate":"https:\/\/evertonfc.cz\/?s={search_term_string}"},"query-input":{"@type":"PropertyValueSpecification","valueRequired":true,"valueName":"search_term_string"}}],"inLanguage":"cs"},{"@type":"Organization","@id":"https:\/\/evertonfc.cz\/#organization","name":"Official Czech & Slovak Everton Supporters' Club","url":"https:\/\/evertonfc.cz\/","logo":{"@type":"ImageObject","inLanguage":"cs","@id":"https:\/\/evertonfc.cz\/#\/schema\/logo\/image\/","url":"https:\/\/evertonfc.cz\/wp-content\/uploads\/2019\/05\/logo.png","contentUrl":"https:\/\/evertonfc.cz\/wp-content\/uploads\/2019\/05\/logo.png","width":112,"height":112,"caption":"Official Czech & Slovak Everton Supporters' Club"},"image":{"@id":"https:\/\/evertonfc.cz\/#\/schema\/logo\/image\/"},"sameAs":["https:\/\/www.facebook.com\/everton.fans.cz.sk"]}]}},"_links":{"self":[{"href":"https:\/\/evertonfc.cz\/index.php\/wp-json\/wp\/v2\/news\/11658"}],"collection":[{"href":"https:\/\/evertonfc.cz\/index.php\/wp-json\/wp\/v2\/news"}],"about":[{"href":"https:\/\/evertonfc.cz\/index.php\/wp-json\/wp\/v2\/types\/news"}],"author":[{"embeddable":true,"href":"https:\/\/evertonfc.cz\/index.php\/wp-json\/wp\/v2\/users\/1"}],"replies":[{"embeddable":true,"href":"https:\/\/evertonfc.cz\/index.php\/wp-json\/wp\/v2\/comments?post=11658"}],"version-history":[{"count":0,"href":"https:\/\/evertonfc.cz\/index.php\/wp-json\/wp\/v2\/news\/11658\/revisions"}],"wp:attachment":[{"href":"https:\/\/evertonfc.cz\/index.php\/wp-json\/wp\/v2\/media?parent=11658"}],"wp:term":[{"taxonomy":"post_tag","embeddable":true,"href":"https:\/\/evertonfc.cz\/index.php\/wp-json\/wp\/v2\/tags?post=11658"},{"taxonomy":"news-category","embeddable":true,"href":"https:\/\/evertonfc.cz\/index.php\/wp-json\/wp\/v2\/news-category?post=11658"}],"curies":[{"name":"wp","href":"https:\/\/api.w.org\/{rel}","templated":true}]}}