{"id":11718,"date":"2020-08-25T17:42:28","date_gmt":"2020-08-25T15:42:28","guid":{"rendered":"https:\/\/evertonfc.cz\/?post_type=news&#038;p=11718"},"modified":"2020-08-25T17:42:28","modified_gmt":"2020-08-25T15:42:28","slug":"posledny-preston-v-goodison-parku","status":"publish","type":"news","link":"https:\/\/evertonfc.cz\/index.php\/news\/posledny-preston-v-goodison-parku\/","title":{"rendered":"Posledn\u00fd Preston v Goodison Parku"},"content":{"rendered":"<p>Everton zverejnil d\u00e1tum, \u010das, miesto a\u00a0aj s\u00fapera pre posledn\u00fd pr\u00edpravn\u00fd z\u00e1pas pred za\u010diatkom ligov\u00e9ho ro\u010dn\u00edka 2020\/21. V\u00a0sobotu piateho septembra bud\u00fa hosti\u0165 Karamelky v\u00a0pr\u00e1zdnom Goodison Parku druholigov\u00fd Preston North End. Presne sedem dn\u00ed pred \u00favodn\u00fdm stretnut\u00edm na ihrisku Tottenhamu Hotspur.<\/p>\n<p>V\u00fdkop bude o\u00a016:00 stredoeur\u00f3pskeho \u010dasu. Man\u0161aft Alexa Neila skon\u010dil v\u00a0minulej sez\u00f3ne Championship deviaty, len \u0161tyri body od poz\u00edci\u00ed play-off. Posledn\u00fd spolo\u010dn\u00fd duel sa odohral naposledy v\u00a0roku 2004. Vtedy na Starej D\u00e1me vyhral Everton v\u00a0Ligovom poh\u00e1ri v\u00a0pomere 2:0, a\u00a0to z\u00e1sluhou Carsleyho a\u00a0Benta.<\/p>\n<p>Stretnutie bude op\u00e4\u0165 na\u017eivo vysielan\u00e9 ofici\u00e1lnym streamom webstr\u00e1nky Evertonu, ku ktor\u00e9mu z\u00edskate pr\u00edstup po zak\u00fapen\u00ed ro\u010dn\u00e9ho \u201eInternational\u201c \u010dlenstva. Cena aj tento rok ost\u00e1va rovnak\u00e1 \u2013 \u00a0\u00a330. \u010clenovia Supporters Clubu maj\u00fa dokonca mo\u017enos\u0165 z\u00edska\u0165 \u0161peci\u00e1lne zv\u00fdhodnen\u00e9 \u010dlenstvo za \u00a315. Pre viac inform\u00e1cii n\u00e1s pros\u00edm nev\u00e1hajte kontaktova\u0165 na na\u0161u mailov\u00fa adresu<strong><em> =\u00a0<\/em><\/strong><a href=\"mailto:czskevertonians@gmail.com\"><strong>czskevertonians@gmail.com<\/strong><\/a><\/p>\n","protected":false},"excerpt":{"rendered":"<p>Everton zverejnil d\u00e1tum, \u010das, miesto a\u00a0aj s\u00fapera pre posledn\u00fd pr\u00edpravn\u00fd z\u00e1pas pred za\u010diatkom ligov\u00e9ho ro\u010dn\u00edka 2020\/21. V\u00a0sobotu piateho septembra bud\u00fa&hellip;<\/p>\n","protected":false},"author":1,"featured_media":0,"comment_status":"open","ping_status":"closed","template":"","tags":[],"news-category":[18],"yoast_head":"<!-- This site is optimized with the Yoast SEO plugin v23.4 - https:\/\/yoast.com\/wordpress\/plugins\/seo\/ -->\n<title>Posledn\u00fd Preston v Goodison Parku - Official Czech &amp; Slovak Everton Supporters&#039; Club<\/title>\n<meta name=\"robots\" content=\"index, follow, max-snippet:-1, max-image-preview:large, max-video-preview:-1\" \/>\n<link rel=\"canonical\" href=\"https:\/\/evertonfc.cz\/index.php\/news\/posledny-preston-v-goodison-parku\/\" \/>\n<meta property=\"og:locale\" content=\"cs_CZ\" \/>\n<meta property=\"og:type\" content=\"article\" \/>\n<meta property=\"og:title\" content=\"Posledn\u00fd Preston v Goodison Parku - Official Czech &amp; Slovak Everton Supporters&#039; Club\" \/>\n<meta property=\"og:description\" content=\"Everton zverejnil d\u00e1tum, \u010das, miesto a\u00a0aj s\u00fapera pre posledn\u00fd pr\u00edpravn\u00fd z\u00e1pas pred za\u010diatkom ligov\u00e9ho ro\u010dn\u00edka 2020\/21. V\u00a0sobotu piateho septembra bud\u00fa&hellip;\" \/>\n<meta property=\"og:url\" content=\"https:\/\/evertonfc.cz\/index.php\/news\/posledny-preston-v-goodison-parku\/\" \/>\n<meta property=\"og:site_name\" content=\"Official Czech &amp; Slovak Everton Supporters&#039; Club\" \/>\n<meta property=\"article:publisher\" content=\"https:\/\/www.facebook.com\/everton.fans.cz.sk\" \/>\n<meta name=\"twitter:card\" content=\"summary_large_image\" \/>\n<meta name=\"twitter:label1\" content=\"Odhadovan\u00e1 doba \u010dten\u00ed\" \/>\n\t<meta name=\"twitter:data1\" content=\"1 minuta\" \/>\n<script type=\"application\/ld+json\" class=\"yoast-schema-graph\">{\"@context\":\"https:\/\/schema.org\",\"@graph\":[{\"@type\":\"WebPage\",\"@id\":\"https:\/\/evertonfc.cz\/index.php\/news\/posledny-preston-v-goodison-parku\/\",\"url\":\"https:\/\/evertonfc.cz\/index.php\/news\/posledny-preston-v-goodison-parku\/\",\"name\":\"Posledn\u00fd Preston v Goodison Parku - Official Czech &amp; Slovak Everton Supporters&#039; Club\",\"isPartOf\":{\"@id\":\"https:\/\/evertonfc.cz\/#website\"},\"datePublished\":\"2020-08-25T15:42:28+00:00\",\"dateModified\":\"2020-08-25T15:42:28+00:00\",\"breadcrumb\":{\"@id\":\"https:\/\/evertonfc.cz\/index.php\/news\/posledny-preston-v-goodison-parku\/#breadcrumb\"},\"inLanguage\":\"cs\",\"potentialAction\":[{\"@type\":\"ReadAction\",\"target\":[\"https:\/\/evertonfc.cz\/index.php\/news\/posledny-preston-v-goodison-parku\/\"]}]},{\"@type\":\"BreadcrumbList\",\"@id\":\"https:\/\/evertonfc.cz\/index.php\/news\/posledny-preston-v-goodison-parku\/#breadcrumb\",\"itemListElement\":[{\"@type\":\"ListItem\",\"position\":1,\"name\":\"Home\",\"item\":\"https:\/\/evertonfc.cz\/\"},{\"@type\":\"ListItem\",\"position\":2,\"name\":\"News\",\"item\":\"https:\/\/evertonfc.cz\/index.php\/news\/\"},{\"@type\":\"ListItem\",\"position\":3,\"name\":\"Posledn\u00fd Preston v Goodison Parku\"}]},{\"@type\":\"WebSite\",\"@id\":\"https:\/\/evertonfc.cz\/#website\",\"url\":\"https:\/\/evertonfc.cz\/\",\"name\":\"Official Czech &amp; Slovak Everton Supporters&#039; Club\",\"description\":\"\",\"publisher\":{\"@id\":\"https:\/\/evertonfc.cz\/#organization\"},\"potentialAction\":[{\"@type\":\"SearchAction\",\"target\":{\"@type\":\"EntryPoint\",\"urlTemplate\":\"https:\/\/evertonfc.cz\/?s={search_term_string}\"},\"query-input\":{\"@type\":\"PropertyValueSpecification\",\"valueRequired\":true,\"valueName\":\"search_term_string\"}}],\"inLanguage\":\"cs\"},{\"@type\":\"Organization\",\"@id\":\"https:\/\/evertonfc.cz\/#organization\",\"name\":\"Official Czech & Slovak Everton Supporters' Club\",\"url\":\"https:\/\/evertonfc.cz\/\",\"logo\":{\"@type\":\"ImageObject\",\"inLanguage\":\"cs\",\"@id\":\"https:\/\/evertonfc.cz\/#\/schema\/logo\/image\/\",\"url\":\"https:\/\/evertonfc.cz\/wp-content\/uploads\/2019\/05\/logo.png\",\"contentUrl\":\"https:\/\/evertonfc.cz\/wp-content\/uploads\/2019\/05\/logo.png\",\"width\":112,\"height\":112,\"caption\":\"Official Czech & Slovak Everton Supporters' Club\"},\"image\":{\"@id\":\"https:\/\/evertonfc.cz\/#\/schema\/logo\/image\/\"},\"sameAs\":[\"https:\/\/www.facebook.com\/everton.fans.cz.sk\"]}]}<\/script>\n<!-- \/ Yoast SEO plugin. -->","yoast_head_json":{"title":"Posledn\u00fd Preston v Goodison Parku - Official Czech &amp; Slovak Everton Supporters&#039; Club","robots":{"index":"index","follow":"follow","max-snippet":"max-snippet:-1","max-image-preview":"max-image-preview:large","max-video-preview":"max-video-preview:-1"},"canonical":"https:\/\/evertonfc.cz\/index.php\/news\/posledny-preston-v-goodison-parku\/","og_locale":"cs_CZ","og_type":"article","og_title":"Posledn\u00fd Preston v Goodison Parku - Official Czech &amp; Slovak Everton Supporters&#039; Club","og_description":"Everton zverejnil d\u00e1tum, \u010das, miesto a\u00a0aj s\u00fapera pre posledn\u00fd pr\u00edpravn\u00fd z\u00e1pas pred za\u010diatkom ligov\u00e9ho ro\u010dn\u00edka 2020\/21. V\u00a0sobotu piateho septembra bud\u00fa&hellip;","og_url":"https:\/\/evertonfc.cz\/index.php\/news\/posledny-preston-v-goodison-parku\/","og_site_name":"Official Czech &amp; Slovak Everton Supporters&#039; Club","article_publisher":"https:\/\/www.facebook.com\/everton.fans.cz.sk","twitter_card":"summary_large_image","twitter_misc":{"Odhadovan\u00e1 doba \u010dten\u00ed":"1 minuta"},"schema":{"@context":"https:\/\/schema.org","@graph":[{"@type":"WebPage","@id":"https:\/\/evertonfc.cz\/index.php\/news\/posledny-preston-v-goodison-parku\/","url":"https:\/\/evertonfc.cz\/index.php\/news\/posledny-preston-v-goodison-parku\/","name":"Posledn\u00fd Preston v Goodison Parku - Official Czech &amp; Slovak Everton Supporters&#039; Club","isPartOf":{"@id":"https:\/\/evertonfc.cz\/#website"},"datePublished":"2020-08-25T15:42:28+00:00","dateModified":"2020-08-25T15:42:28+00:00","breadcrumb":{"@id":"https:\/\/evertonfc.cz\/index.php\/news\/posledny-preston-v-goodison-parku\/#breadcrumb"},"inLanguage":"cs","potentialAction":[{"@type":"ReadAction","target":["https:\/\/evertonfc.cz\/index.php\/news\/posledny-preston-v-goodison-parku\/"]}]},{"@type":"BreadcrumbList","@id":"https:\/\/evertonfc.cz\/index.php\/news\/posledny-preston-v-goodison-parku\/#breadcrumb","itemListElement":[{"@type":"ListItem","position":1,"name":"Home","item":"https:\/\/evertonfc.cz\/"},{"@type":"ListItem","position":2,"name":"News","item":"https:\/\/evertonfc.cz\/index.php\/news\/"},{"@type":"ListItem","position":3,"name":"Posledn\u00fd Preston v Goodison Parku"}]},{"@type":"WebSite","@id":"https:\/\/evertonfc.cz\/#website","url":"https:\/\/evertonfc.cz\/","name":"Official Czech &amp; Slovak Everton Supporters&#039; Club","description":"","publisher":{"@id":"https:\/\/evertonfc.cz\/#organization"},"potentialAction":[{"@type":"SearchAction","target":{"@type":"EntryPoint","urlTemplate":"https:\/\/evertonfc.cz\/?s={search_term_string}"},"query-input":{"@type":"PropertyValueSpecification","valueRequired":true,"valueName":"search_term_string"}}],"inLanguage":"cs"},{"@type":"Organization","@id":"https:\/\/evertonfc.cz\/#organization","name":"Official Czech & Slovak Everton Supporters' Club","url":"https:\/\/evertonfc.cz\/","logo":{"@type":"ImageObject","inLanguage":"cs","@id":"https:\/\/evertonfc.cz\/#\/schema\/logo\/image\/","url":"https:\/\/evertonfc.cz\/wp-content\/uploads\/2019\/05\/logo.png","contentUrl":"https:\/\/evertonfc.cz\/wp-content\/uploads\/2019\/05\/logo.png","width":112,"height":112,"caption":"Official Czech & Slovak Everton Supporters' Club"},"image":{"@id":"https:\/\/evertonfc.cz\/#\/schema\/logo\/image\/"},"sameAs":["https:\/\/www.facebook.com\/everton.fans.cz.sk"]}]}},"_links":{"self":[{"href":"https:\/\/evertonfc.cz\/index.php\/wp-json\/wp\/v2\/news\/11718"}],"collection":[{"href":"https:\/\/evertonfc.cz\/index.php\/wp-json\/wp\/v2\/news"}],"about":[{"href":"https:\/\/evertonfc.cz\/index.php\/wp-json\/wp\/v2\/types\/news"}],"author":[{"embeddable":true,"href":"https:\/\/evertonfc.cz\/index.php\/wp-json\/wp\/v2\/users\/1"}],"replies":[{"embeddable":true,"href":"https:\/\/evertonfc.cz\/index.php\/wp-json\/wp\/v2\/comments?post=11718"}],"version-history":[{"count":0,"href":"https:\/\/evertonfc.cz\/index.php\/wp-json\/wp\/v2\/news\/11718\/revisions"}],"wp:attachment":[{"href":"https:\/\/evertonfc.cz\/index.php\/wp-json\/wp\/v2\/media?parent=11718"}],"wp:term":[{"taxonomy":"post_tag","embeddable":true,"href":"https:\/\/evertonfc.cz\/index.php\/wp-json\/wp\/v2\/tags?post=11718"},{"taxonomy":"news-category","embeddable":true,"href":"https:\/\/evertonfc.cz\/index.php\/wp-json\/wp\/v2\/news-category?post=11718"}],"curies":[{"name":"wp","href":"https:\/\/api.w.org\/{rel}","templated":true}]}}