{"id":11870,"date":"2020-09-06T16:08:37","date_gmt":"2020-09-06T14:08:37","guid":{"rendered":"https:\/\/evertonfc.cz\/?post_type=news&#038;p=11870"},"modified":"2020-09-17T08:02:43","modified_gmt":"2020-09-17T06:02:43","slug":"v-ligovem-poharu-se-salfordem","status":"publish","type":"news","link":"https:\/\/evertonfc.cz\/index.php\/news\/v-ligovem-poharu-se-salfordem\/","title":{"rendered":"V Ligov\u00e9m poh\u00e1ru se Salfordem"},"content":{"rendered":"<p>Dne\u0161n\u00ed los ur\u010dil, \u017ee Everton zah\u00e1j\u00ed svou pou\u0165 leto\u0161n\u00edm Ligov\u00e9m poh\u00e1rem utk\u00e1n\u00edm na dom\u00e1c\u00ed p\u016fd\u011b se Salfordem City, kter\u00fd p\u016fsob\u00ed ve \u010dtvrt\u00e9 anglick\u00e9 lize.<\/p>\n<p>Z\u00e1pas druh\u00e9 kola poh\u00e1ru se odehraje u\u017e ve st\u0159edu 16. z\u00e1\u0159\u00ed od 21:15. Kv\u016fli epidemiologick\u00e9 situaci z\u00e1vazn\u00e9 s koronavirem budou v hledi\u0161ti chyb\u011bt div\u00e1ci.<\/p>\n<p>Salford je \u010d\u00e1ste\u010dn\u011b vlastn\u011bn b\u00fdval\u00fdm kapit\u00e1nem Evertonu Philem Nevillem. Ten dr\u017e\u00ed deset procent klubu &#8211; stejn\u011b jako jeho exspoluhr\u00e1\u010di z Manchesteru United David Beckham, Ryan Giggs, Paul Scholes a Nicky Butt.<\/p>\n<p>Salford skon\u010dil v lo\u0148sk\u00e9 sez\u00f3n\u011b League Two na 11. m\u00edst\u011b. Od l\u00e9ta za n\u011bho chyt\u00e1 \u010desk\u00fd brank\u00e1\u0159 V\u00e1clav Hladk\u00fd.<\/p>\n<p>Do Ligov\u00e9ho poh\u00e1ru 2020\/21 nezas\u00e1hne nejlep\u0161\u00edch sedm mu\u017estev lo\u0148sk\u00e9 anglick\u00e9 ligy (Liverpool, Manchester City, Manchester United, Chelsea, Leicester City, Tottenham Hotspur a Wolverhampton Wanderers).<\/p>\n","protected":false},"excerpt":{"rendered":"<p>Dne\u0161n\u00ed los ur\u010dil, \u017ee Everton zah\u00e1j\u00ed svou pou\u0165 leto\u0161n\u00edm Ligov\u00e9m poh\u00e1rem utk\u00e1n\u00edm na dom\u00e1c\u00ed p\u016fd\u011b se Salfordem City, kter\u00fd p\u016fsob\u00ed&hellip;<\/p>\n","protected":false},"author":6,"featured_media":0,"comment_status":"open","ping_status":"closed","template":"","tags":[],"news-category":[18],"yoast_head":"<!-- This site is optimized with the Yoast SEO plugin v23.4 - https:\/\/yoast.com\/wordpress\/plugins\/seo\/ -->\n<title>V Ligov\u00e9m poh\u00e1ru se Salfordem - Official Czech &amp; Slovak Everton Supporters&#039; Club<\/title>\n<meta name=\"robots\" content=\"index, follow, max-snippet:-1, max-image-preview:large, max-video-preview:-1\" \/>\n<link rel=\"canonical\" href=\"https:\/\/evertonfc.cz\/index.php\/news\/v-ligovem-poharu-se-salfordem\/\" \/>\n<meta property=\"og:locale\" content=\"cs_CZ\" \/>\n<meta property=\"og:type\" content=\"article\" \/>\n<meta property=\"og:title\" content=\"V Ligov\u00e9m poh\u00e1ru se Salfordem - Official Czech &amp; Slovak Everton Supporters&#039; Club\" \/>\n<meta property=\"og:description\" content=\"Dne\u0161n\u00ed los ur\u010dil, \u017ee Everton zah\u00e1j\u00ed svou pou\u0165 leto\u0161n\u00edm Ligov\u00e9m poh\u00e1rem utk\u00e1n\u00edm na dom\u00e1c\u00ed p\u016fd\u011b se Salfordem City, kter\u00fd p\u016fsob\u00ed&hellip;\" \/>\n<meta property=\"og:url\" content=\"https:\/\/evertonfc.cz\/index.php\/news\/v-ligovem-poharu-se-salfordem\/\" \/>\n<meta property=\"og:site_name\" content=\"Official Czech &amp; Slovak Everton Supporters&#039; Club\" \/>\n<meta property=\"article:publisher\" content=\"https:\/\/www.facebook.com\/everton.fans.cz.sk\" \/>\n<meta property=\"article:modified_time\" content=\"2020-09-17T06:02:43+00:00\" \/>\n<meta name=\"twitter:card\" content=\"summary_large_image\" \/>\n<meta name=\"twitter:label1\" content=\"Odhadovan\u00e1 doba \u010dten\u00ed\" \/>\n\t<meta name=\"twitter:data1\" content=\"1 minuta\" \/>\n<script type=\"application\/ld+json\" class=\"yoast-schema-graph\">{\"@context\":\"https:\/\/schema.org\",\"@graph\":[{\"@type\":\"WebPage\",\"@id\":\"https:\/\/evertonfc.cz\/index.php\/news\/v-ligovem-poharu-se-salfordem\/\",\"url\":\"https:\/\/evertonfc.cz\/index.php\/news\/v-ligovem-poharu-se-salfordem\/\",\"name\":\"V Ligov\u00e9m poh\u00e1ru se Salfordem - Official Czech &amp; Slovak Everton Supporters&#039; Club\",\"isPartOf\":{\"@id\":\"https:\/\/evertonfc.cz\/#website\"},\"datePublished\":\"2020-09-06T14:08:37+00:00\",\"dateModified\":\"2020-09-17T06:02:43+00:00\",\"breadcrumb\":{\"@id\":\"https:\/\/evertonfc.cz\/index.php\/news\/v-ligovem-poharu-se-salfordem\/#breadcrumb\"},\"inLanguage\":\"cs\",\"potentialAction\":[{\"@type\":\"ReadAction\",\"target\":[\"https:\/\/evertonfc.cz\/index.php\/news\/v-ligovem-poharu-se-salfordem\/\"]}]},{\"@type\":\"BreadcrumbList\",\"@id\":\"https:\/\/evertonfc.cz\/index.php\/news\/v-ligovem-poharu-se-salfordem\/#breadcrumb\",\"itemListElement\":[{\"@type\":\"ListItem\",\"position\":1,\"name\":\"Home\",\"item\":\"https:\/\/evertonfc.cz\/\"},{\"@type\":\"ListItem\",\"position\":2,\"name\":\"News\",\"item\":\"https:\/\/evertonfc.cz\/index.php\/news\/\"},{\"@type\":\"ListItem\",\"position\":3,\"name\":\"V Ligov\u00e9m poh\u00e1ru se Salfordem\"}]},{\"@type\":\"WebSite\",\"@id\":\"https:\/\/evertonfc.cz\/#website\",\"url\":\"https:\/\/evertonfc.cz\/\",\"name\":\"Official Czech &amp; Slovak Everton Supporters&#039; Club\",\"description\":\"\",\"publisher\":{\"@id\":\"https:\/\/evertonfc.cz\/#organization\"},\"potentialAction\":[{\"@type\":\"SearchAction\",\"target\":{\"@type\":\"EntryPoint\",\"urlTemplate\":\"https:\/\/evertonfc.cz\/?s={search_term_string}\"},\"query-input\":{\"@type\":\"PropertyValueSpecification\",\"valueRequired\":true,\"valueName\":\"search_term_string\"}}],\"inLanguage\":\"cs\"},{\"@type\":\"Organization\",\"@id\":\"https:\/\/evertonfc.cz\/#organization\",\"name\":\"Official Czech & Slovak Everton Supporters' Club\",\"url\":\"https:\/\/evertonfc.cz\/\",\"logo\":{\"@type\":\"ImageObject\",\"inLanguage\":\"cs\",\"@id\":\"https:\/\/evertonfc.cz\/#\/schema\/logo\/image\/\",\"url\":\"https:\/\/evertonfc.cz\/wp-content\/uploads\/2019\/05\/logo.png\",\"contentUrl\":\"https:\/\/evertonfc.cz\/wp-content\/uploads\/2019\/05\/logo.png\",\"width\":112,\"height\":112,\"caption\":\"Official Czech & Slovak Everton Supporters' Club\"},\"image\":{\"@id\":\"https:\/\/evertonfc.cz\/#\/schema\/logo\/image\/\"},\"sameAs\":[\"https:\/\/www.facebook.com\/everton.fans.cz.sk\"]}]}<\/script>\n<!-- \/ Yoast SEO plugin. -->","yoast_head_json":{"title":"V Ligov\u00e9m poh\u00e1ru se Salfordem - Official Czech &amp; Slovak Everton Supporters&#039; Club","robots":{"index":"index","follow":"follow","max-snippet":"max-snippet:-1","max-image-preview":"max-image-preview:large","max-video-preview":"max-video-preview:-1"},"canonical":"https:\/\/evertonfc.cz\/index.php\/news\/v-ligovem-poharu-se-salfordem\/","og_locale":"cs_CZ","og_type":"article","og_title":"V Ligov\u00e9m poh\u00e1ru se Salfordem - Official Czech &amp; Slovak Everton Supporters&#039; Club","og_description":"Dne\u0161n\u00ed los ur\u010dil, \u017ee Everton zah\u00e1j\u00ed svou pou\u0165 leto\u0161n\u00edm Ligov\u00e9m poh\u00e1rem utk\u00e1n\u00edm na dom\u00e1c\u00ed p\u016fd\u011b se Salfordem City, kter\u00fd p\u016fsob\u00ed&hellip;","og_url":"https:\/\/evertonfc.cz\/index.php\/news\/v-ligovem-poharu-se-salfordem\/","og_site_name":"Official Czech &amp; Slovak Everton Supporters&#039; Club","article_publisher":"https:\/\/www.facebook.com\/everton.fans.cz.sk","article_modified_time":"2020-09-17T06:02:43+00:00","twitter_card":"summary_large_image","twitter_misc":{"Odhadovan\u00e1 doba \u010dten\u00ed":"1 minuta"},"schema":{"@context":"https:\/\/schema.org","@graph":[{"@type":"WebPage","@id":"https:\/\/evertonfc.cz\/index.php\/news\/v-ligovem-poharu-se-salfordem\/","url":"https:\/\/evertonfc.cz\/index.php\/news\/v-ligovem-poharu-se-salfordem\/","name":"V Ligov\u00e9m poh\u00e1ru se Salfordem - Official Czech &amp; Slovak Everton Supporters&#039; Club","isPartOf":{"@id":"https:\/\/evertonfc.cz\/#website"},"datePublished":"2020-09-06T14:08:37+00:00","dateModified":"2020-09-17T06:02:43+00:00","breadcrumb":{"@id":"https:\/\/evertonfc.cz\/index.php\/news\/v-ligovem-poharu-se-salfordem\/#breadcrumb"},"inLanguage":"cs","potentialAction":[{"@type":"ReadAction","target":["https:\/\/evertonfc.cz\/index.php\/news\/v-ligovem-poharu-se-salfordem\/"]}]},{"@type":"BreadcrumbList","@id":"https:\/\/evertonfc.cz\/index.php\/news\/v-ligovem-poharu-se-salfordem\/#breadcrumb","itemListElement":[{"@type":"ListItem","position":1,"name":"Home","item":"https:\/\/evertonfc.cz\/"},{"@type":"ListItem","position":2,"name":"News","item":"https:\/\/evertonfc.cz\/index.php\/news\/"},{"@type":"ListItem","position":3,"name":"V Ligov\u00e9m poh\u00e1ru se Salfordem"}]},{"@type":"WebSite","@id":"https:\/\/evertonfc.cz\/#website","url":"https:\/\/evertonfc.cz\/","name":"Official Czech &amp; Slovak Everton Supporters&#039; Club","description":"","publisher":{"@id":"https:\/\/evertonfc.cz\/#organization"},"potentialAction":[{"@type":"SearchAction","target":{"@type":"EntryPoint","urlTemplate":"https:\/\/evertonfc.cz\/?s={search_term_string}"},"query-input":{"@type":"PropertyValueSpecification","valueRequired":true,"valueName":"search_term_string"}}],"inLanguage":"cs"},{"@type":"Organization","@id":"https:\/\/evertonfc.cz\/#organization","name":"Official Czech & Slovak Everton Supporters' Club","url":"https:\/\/evertonfc.cz\/","logo":{"@type":"ImageObject","inLanguage":"cs","@id":"https:\/\/evertonfc.cz\/#\/schema\/logo\/image\/","url":"https:\/\/evertonfc.cz\/wp-content\/uploads\/2019\/05\/logo.png","contentUrl":"https:\/\/evertonfc.cz\/wp-content\/uploads\/2019\/05\/logo.png","width":112,"height":112,"caption":"Official Czech & Slovak Everton Supporters' Club"},"image":{"@id":"https:\/\/evertonfc.cz\/#\/schema\/logo\/image\/"},"sameAs":["https:\/\/www.facebook.com\/everton.fans.cz.sk"]}]}},"_links":{"self":[{"href":"https:\/\/evertonfc.cz\/index.php\/wp-json\/wp\/v2\/news\/11870"}],"collection":[{"href":"https:\/\/evertonfc.cz\/index.php\/wp-json\/wp\/v2\/news"}],"about":[{"href":"https:\/\/evertonfc.cz\/index.php\/wp-json\/wp\/v2\/types\/news"}],"author":[{"embeddable":true,"href":"https:\/\/evertonfc.cz\/index.php\/wp-json\/wp\/v2\/users\/6"}],"replies":[{"embeddable":true,"href":"https:\/\/evertonfc.cz\/index.php\/wp-json\/wp\/v2\/comments?post=11870"}],"version-history":[{"count":1,"href":"https:\/\/evertonfc.cz\/index.php\/wp-json\/wp\/v2\/news\/11870\/revisions"}],"predecessor-version":[{"id":11900,"href":"https:\/\/evertonfc.cz\/index.php\/wp-json\/wp\/v2\/news\/11870\/revisions\/11900"}],"wp:attachment":[{"href":"https:\/\/evertonfc.cz\/index.php\/wp-json\/wp\/v2\/media?parent=11870"}],"wp:term":[{"taxonomy":"post_tag","embeddable":true,"href":"https:\/\/evertonfc.cz\/index.php\/wp-json\/wp\/v2\/tags?post=11870"},{"taxonomy":"news-category","embeddable":true,"href":"https:\/\/evertonfc.cz\/index.php\/wp-json\/wp\/v2\/news-category?post=11870"}],"curies":[{"name":"wp","href":"https:\/\/api.w.org\/{rel}","templated":true}]}}