{"id":12024,"date":"2020-09-17T08:11:26","date_gmt":"2020-09-17T06:11:26","guid":{"rendered":"https:\/\/evertonfc.cz\/?post_type=news&#038;p=12024"},"modified":"2020-09-17T08:11:26","modified_gmt":"2020-09-17T06:11:26","slug":"v-3-kole-na-ihrisku-fleetwood-town","status":"publish","type":"news","link":"https:\/\/evertonfc.cz\/index.php\/news\/v-3-kole-na-ihrisku-fleetwood-town\/","title":{"rendered":"V 3. kole na ihrisku Fleetwood Town"},"content":{"rendered":"<p>Everton odcestuje na p\u00f4du Fleetwood Town v tre\u0165om kole Carabao Cupu v stredu 23. septembra. Stretnutie sa bude na\u017eivo vysiela\u0165 na stanici Sky Sports. The Toffees si zarezervovali miesto v tre\u0165om kole, ke\u010f g\u00f3ly Keanea, Sigurdssona a Keana priniesli v stredu v Goodison Parku <a href=\"https:\/\/evertonfc.cz\/index.php\/2020\/09\/17\/lc-everton-salford-city-30\/\" target=\"_blank\" rel=\"noopener noreferrer\">v\u00fdhru 3:0 nad Salfordom City<\/a>.<\/p>\n<p>Duel sa na Highbury Stadium vo Fleetwoode za\u010dne o 20:45. Fleetwood, celok League One, riadi b\u00fdval\u00fd stredopoliar Manchestru City a Newcastlu United Joey Barton. Naposledy v Ligovom poh\u00e1ri zv\u00ed\u0165azili nad klubom Port Vale z League Two v pomere 2:1. Zabezpe\u010dili si tak postup medzi posledn\u00fdch 32 t\u00edmov. Tento z\u00e1pas\u00a0bude v\u00f4bec prv\u00fdm stretnut\u00edm oboch klubov.<\/p>\n","protected":false},"excerpt":{"rendered":"<p>Everton odcestuje na p\u00f4du Fleetwood Town v tre\u0165om kole Carabao Cupu v stredu 23. septembra. Stretnutie sa bude na\u017eivo vysiela\u0165&hellip;<\/p>\n","protected":false},"author":1,"featured_media":0,"comment_status":"open","ping_status":"closed","template":"","tags":[],"news-category":[18],"yoast_head":"<!-- This site is optimized with the Yoast SEO plugin v23.4 - https:\/\/yoast.com\/wordpress\/plugins\/seo\/ -->\n<title>V 3. kole na ihrisku Fleetwood Town - Official Czech &amp; Slovak Everton Supporters&#039; Club<\/title>\n<meta name=\"robots\" content=\"index, follow, max-snippet:-1, max-image-preview:large, max-video-preview:-1\" \/>\n<link rel=\"canonical\" href=\"https:\/\/evertonfc.cz\/index.php\/news\/v-3-kole-na-ihrisku-fleetwood-town\/\" \/>\n<meta property=\"og:locale\" content=\"cs_CZ\" \/>\n<meta property=\"og:type\" content=\"article\" \/>\n<meta property=\"og:title\" content=\"V 3. kole na ihrisku Fleetwood Town - Official Czech &amp; Slovak Everton Supporters&#039; Club\" \/>\n<meta property=\"og:description\" content=\"Everton odcestuje na p\u00f4du Fleetwood Town v tre\u0165om kole Carabao Cupu v stredu 23. septembra. Stretnutie sa bude na\u017eivo vysiela\u0165&hellip;\" \/>\n<meta property=\"og:url\" content=\"https:\/\/evertonfc.cz\/index.php\/news\/v-3-kole-na-ihrisku-fleetwood-town\/\" \/>\n<meta property=\"og:site_name\" content=\"Official Czech &amp; Slovak Everton Supporters&#039; Club\" \/>\n<meta property=\"article:publisher\" content=\"https:\/\/www.facebook.com\/everton.fans.cz.sk\" \/>\n<meta name=\"twitter:card\" content=\"summary_large_image\" \/>\n<meta name=\"twitter:label1\" content=\"Odhadovan\u00e1 doba \u010dten\u00ed\" \/>\n\t<meta name=\"twitter:data1\" content=\"1 minuta\" \/>\n<script type=\"application\/ld+json\" class=\"yoast-schema-graph\">{\"@context\":\"https:\/\/schema.org\",\"@graph\":[{\"@type\":\"WebPage\",\"@id\":\"https:\/\/evertonfc.cz\/index.php\/news\/v-3-kole-na-ihrisku-fleetwood-town\/\",\"url\":\"https:\/\/evertonfc.cz\/index.php\/news\/v-3-kole-na-ihrisku-fleetwood-town\/\",\"name\":\"V 3. kole na ihrisku Fleetwood Town - Official Czech &amp; Slovak Everton Supporters&#039; Club\",\"isPartOf\":{\"@id\":\"https:\/\/evertonfc.cz\/#website\"},\"datePublished\":\"2020-09-17T06:11:26+00:00\",\"dateModified\":\"2020-09-17T06:11:26+00:00\",\"breadcrumb\":{\"@id\":\"https:\/\/evertonfc.cz\/index.php\/news\/v-3-kole-na-ihrisku-fleetwood-town\/#breadcrumb\"},\"inLanguage\":\"cs\",\"potentialAction\":[{\"@type\":\"ReadAction\",\"target\":[\"https:\/\/evertonfc.cz\/index.php\/news\/v-3-kole-na-ihrisku-fleetwood-town\/\"]}]},{\"@type\":\"BreadcrumbList\",\"@id\":\"https:\/\/evertonfc.cz\/index.php\/news\/v-3-kole-na-ihrisku-fleetwood-town\/#breadcrumb\",\"itemListElement\":[{\"@type\":\"ListItem\",\"position\":1,\"name\":\"Home\",\"item\":\"https:\/\/evertonfc.cz\/\"},{\"@type\":\"ListItem\",\"position\":2,\"name\":\"News\",\"item\":\"https:\/\/evertonfc.cz\/index.php\/news\/\"},{\"@type\":\"ListItem\",\"position\":3,\"name\":\"V 3. kole na ihrisku Fleetwood Town\"}]},{\"@type\":\"WebSite\",\"@id\":\"https:\/\/evertonfc.cz\/#website\",\"url\":\"https:\/\/evertonfc.cz\/\",\"name\":\"Official Czech &amp; Slovak Everton Supporters&#039; Club\",\"description\":\"\",\"publisher\":{\"@id\":\"https:\/\/evertonfc.cz\/#organization\"},\"potentialAction\":[{\"@type\":\"SearchAction\",\"target\":{\"@type\":\"EntryPoint\",\"urlTemplate\":\"https:\/\/evertonfc.cz\/?s={search_term_string}\"},\"query-input\":{\"@type\":\"PropertyValueSpecification\",\"valueRequired\":true,\"valueName\":\"search_term_string\"}}],\"inLanguage\":\"cs\"},{\"@type\":\"Organization\",\"@id\":\"https:\/\/evertonfc.cz\/#organization\",\"name\":\"Official Czech & Slovak Everton Supporters' Club\",\"url\":\"https:\/\/evertonfc.cz\/\",\"logo\":{\"@type\":\"ImageObject\",\"inLanguage\":\"cs\",\"@id\":\"https:\/\/evertonfc.cz\/#\/schema\/logo\/image\/\",\"url\":\"https:\/\/evertonfc.cz\/wp-content\/uploads\/2019\/05\/logo.png\",\"contentUrl\":\"https:\/\/evertonfc.cz\/wp-content\/uploads\/2019\/05\/logo.png\",\"width\":112,\"height\":112,\"caption\":\"Official Czech & Slovak Everton Supporters' Club\"},\"image\":{\"@id\":\"https:\/\/evertonfc.cz\/#\/schema\/logo\/image\/\"},\"sameAs\":[\"https:\/\/www.facebook.com\/everton.fans.cz.sk\"]}]}<\/script>\n<!-- \/ Yoast SEO plugin. -->","yoast_head_json":{"title":"V 3. kole na ihrisku Fleetwood Town - Official Czech &amp; Slovak Everton Supporters&#039; Club","robots":{"index":"index","follow":"follow","max-snippet":"max-snippet:-1","max-image-preview":"max-image-preview:large","max-video-preview":"max-video-preview:-1"},"canonical":"https:\/\/evertonfc.cz\/index.php\/news\/v-3-kole-na-ihrisku-fleetwood-town\/","og_locale":"cs_CZ","og_type":"article","og_title":"V 3. kole na ihrisku Fleetwood Town - Official Czech &amp; Slovak Everton Supporters&#039; Club","og_description":"Everton odcestuje na p\u00f4du Fleetwood Town v tre\u0165om kole Carabao Cupu v stredu 23. septembra. Stretnutie sa bude na\u017eivo vysiela\u0165&hellip;","og_url":"https:\/\/evertonfc.cz\/index.php\/news\/v-3-kole-na-ihrisku-fleetwood-town\/","og_site_name":"Official Czech &amp; Slovak Everton Supporters&#039; Club","article_publisher":"https:\/\/www.facebook.com\/everton.fans.cz.sk","twitter_card":"summary_large_image","twitter_misc":{"Odhadovan\u00e1 doba \u010dten\u00ed":"1 minuta"},"schema":{"@context":"https:\/\/schema.org","@graph":[{"@type":"WebPage","@id":"https:\/\/evertonfc.cz\/index.php\/news\/v-3-kole-na-ihrisku-fleetwood-town\/","url":"https:\/\/evertonfc.cz\/index.php\/news\/v-3-kole-na-ihrisku-fleetwood-town\/","name":"V 3. kole na ihrisku Fleetwood Town - Official Czech &amp; Slovak Everton Supporters&#039; Club","isPartOf":{"@id":"https:\/\/evertonfc.cz\/#website"},"datePublished":"2020-09-17T06:11:26+00:00","dateModified":"2020-09-17T06:11:26+00:00","breadcrumb":{"@id":"https:\/\/evertonfc.cz\/index.php\/news\/v-3-kole-na-ihrisku-fleetwood-town\/#breadcrumb"},"inLanguage":"cs","potentialAction":[{"@type":"ReadAction","target":["https:\/\/evertonfc.cz\/index.php\/news\/v-3-kole-na-ihrisku-fleetwood-town\/"]}]},{"@type":"BreadcrumbList","@id":"https:\/\/evertonfc.cz\/index.php\/news\/v-3-kole-na-ihrisku-fleetwood-town\/#breadcrumb","itemListElement":[{"@type":"ListItem","position":1,"name":"Home","item":"https:\/\/evertonfc.cz\/"},{"@type":"ListItem","position":2,"name":"News","item":"https:\/\/evertonfc.cz\/index.php\/news\/"},{"@type":"ListItem","position":3,"name":"V 3. kole na ihrisku Fleetwood Town"}]},{"@type":"WebSite","@id":"https:\/\/evertonfc.cz\/#website","url":"https:\/\/evertonfc.cz\/","name":"Official Czech &amp; Slovak Everton Supporters&#039; Club","description":"","publisher":{"@id":"https:\/\/evertonfc.cz\/#organization"},"potentialAction":[{"@type":"SearchAction","target":{"@type":"EntryPoint","urlTemplate":"https:\/\/evertonfc.cz\/?s={search_term_string}"},"query-input":{"@type":"PropertyValueSpecification","valueRequired":true,"valueName":"search_term_string"}}],"inLanguage":"cs"},{"@type":"Organization","@id":"https:\/\/evertonfc.cz\/#organization","name":"Official Czech & Slovak Everton Supporters' Club","url":"https:\/\/evertonfc.cz\/","logo":{"@type":"ImageObject","inLanguage":"cs","@id":"https:\/\/evertonfc.cz\/#\/schema\/logo\/image\/","url":"https:\/\/evertonfc.cz\/wp-content\/uploads\/2019\/05\/logo.png","contentUrl":"https:\/\/evertonfc.cz\/wp-content\/uploads\/2019\/05\/logo.png","width":112,"height":112,"caption":"Official Czech & Slovak Everton Supporters' Club"},"image":{"@id":"https:\/\/evertonfc.cz\/#\/schema\/logo\/image\/"},"sameAs":["https:\/\/www.facebook.com\/everton.fans.cz.sk"]}]}},"_links":{"self":[{"href":"https:\/\/evertonfc.cz\/index.php\/wp-json\/wp\/v2\/news\/12024"}],"collection":[{"href":"https:\/\/evertonfc.cz\/index.php\/wp-json\/wp\/v2\/news"}],"about":[{"href":"https:\/\/evertonfc.cz\/index.php\/wp-json\/wp\/v2\/types\/news"}],"author":[{"embeddable":true,"href":"https:\/\/evertonfc.cz\/index.php\/wp-json\/wp\/v2\/users\/1"}],"replies":[{"embeddable":true,"href":"https:\/\/evertonfc.cz\/index.php\/wp-json\/wp\/v2\/comments?post=12024"}],"version-history":[{"count":0,"href":"https:\/\/evertonfc.cz\/index.php\/wp-json\/wp\/v2\/news\/12024\/revisions"}],"wp:attachment":[{"href":"https:\/\/evertonfc.cz\/index.php\/wp-json\/wp\/v2\/media?parent=12024"}],"wp:term":[{"taxonomy":"post_tag","embeddable":true,"href":"https:\/\/evertonfc.cz\/index.php\/wp-json\/wp\/v2\/tags?post=12024"},{"taxonomy":"news-category","embeddable":true,"href":"https:\/\/evertonfc.cz\/index.php\/wp-json\/wp\/v2\/news-category?post=12024"}],"curies":[{"name":"wp","href":"https:\/\/api.w.org\/{rel}","templated":true}]}}