{"id":12095,"date":"2020-09-22T13:50:43","date_gmt":"2020-09-22T11:50:43","guid":{"rendered":"https:\/\/evertonfc.cz\/?post_type=news&#038;p=12095"},"modified":"2020-09-22T13:50:43","modified_gmt":"2020-09-22T11:50:43","slug":"navrat-fanusikov-pozastaveny","status":"publish","type":"news","link":"https:\/\/evertonfc.cz\/index.php\/news\/navrat-fanusikov-pozastaveny\/","title":{"rendered":"N\u00e1vrat fan\u00fa\u0161ikov pozastaven\u00fd"},"content":{"rendered":"<p>Pl\u00e1ny umo\u017e\u0148uj\u00face riaden\u00fd n\u00e1vrat fan\u00fa\u0161ikov na \u0161tadi\u00f3ny 1. okt\u00f3bra sa maj\u00fa \u201epozastavi\u0165\u201c. Britsk\u00e1 vl\u00e1da sa tak pok\u00fasi vyrie\u0161i\u0165 n\u00e1rast pr\u00edpadov n\u00e1kazy Covid-19. Nieko\u013eko pracovn\u00fdch skup\u00edn pre r\u00f4zne \u0161portov\u00e9 odvetvia vypracovalo predned\u00e1vnom pl\u00e1ny, ktor\u00e9 by umo\u017enili bezpe\u010dn\u00fd n\u00e1vrat fan\u00fa\u0161ikov na sledovanie \u0161portu na\u017eivo.<\/p>\n<p>Koordin\u00e1ciu tejto pr\u00e1ce malo za \u00falohu ministerstvo pre digitalitu, kult\u00faru, m\u00e9di\u00e1 a \u0161port. Pri nieko\u013ek\u00fdch pr\u00edle\u017eitostiach informovalo, \u017ee 1. okt\u00f3ber je \u201ea\u0161pira\u010dn\u00fdm\u201c d\u00e1tumom, na ktorom sa v\u0161etci bud\u00fa usilova\u0165. Av\u0161ak vzh\u013eadom na ostr\u00e9 varovanie dvoch popredn\u00fdch vl\u00e1dnych lek\u00e1rskych poradcov pre Covid 19 pred pokra\u010duj\u00facim n\u00e1rastom pr\u00edpadov, predseda vl\u00e1dy Boris Johnson spr\u00edsni obmedzenia, ktor\u00e9 maj\u00fa tomuto n\u00e1rastu \u010deli\u0165.<\/p>\n<p>Za\u010diatkom tohto mesiaca Premier League adresovala list vl\u00e1de, kde vysvet\u013euje, \u017ee kluby v celej lige stratia okolo 100 mili\u00f3nov libier mesa\u010dne, ak z\u00e1pasy bud\u00fa pokra\u010dova\u0165 za zatvoren\u00fdmi dverami.<\/p>\n","protected":false},"excerpt":{"rendered":"<p>Pl\u00e1ny umo\u017e\u0148uj\u00face riaden\u00fd n\u00e1vrat fan\u00fa\u0161ikov na \u0161tadi\u00f3ny 1. okt\u00f3bra sa maj\u00fa \u201epozastavi\u0165\u201c. Britsk\u00e1 vl\u00e1da sa tak pok\u00fasi vyrie\u0161i\u0165 n\u00e1rast pr\u00edpadov&hellip;<\/p>\n","protected":false},"author":1,"featured_media":0,"comment_status":"open","ping_status":"closed","template":"","tags":[],"news-category":[18],"yoast_head":"<!-- This site is optimized with the Yoast SEO plugin v23.4 - https:\/\/yoast.com\/wordpress\/plugins\/seo\/ -->\n<title>N\u00e1vrat fan\u00fa\u0161ikov pozastaven\u00fd - Official Czech &amp; Slovak Everton Supporters&#039; Club<\/title>\n<meta name=\"robots\" content=\"index, follow, max-snippet:-1, max-image-preview:large, max-video-preview:-1\" \/>\n<link rel=\"canonical\" href=\"https:\/\/evertonfc.cz\/index.php\/news\/navrat-fanusikov-pozastaveny\/\" \/>\n<meta property=\"og:locale\" content=\"cs_CZ\" \/>\n<meta property=\"og:type\" content=\"article\" \/>\n<meta property=\"og:title\" content=\"N\u00e1vrat fan\u00fa\u0161ikov pozastaven\u00fd - Official Czech &amp; Slovak Everton Supporters&#039; Club\" \/>\n<meta property=\"og:description\" content=\"Pl\u00e1ny umo\u017e\u0148uj\u00face riaden\u00fd n\u00e1vrat fan\u00fa\u0161ikov na \u0161tadi\u00f3ny 1. okt\u00f3bra sa maj\u00fa \u201epozastavi\u0165\u201c. Britsk\u00e1 vl\u00e1da sa tak pok\u00fasi vyrie\u0161i\u0165 n\u00e1rast pr\u00edpadov&hellip;\" \/>\n<meta property=\"og:url\" content=\"https:\/\/evertonfc.cz\/index.php\/news\/navrat-fanusikov-pozastaveny\/\" \/>\n<meta property=\"og:site_name\" content=\"Official Czech &amp; Slovak Everton Supporters&#039; Club\" \/>\n<meta property=\"article:publisher\" content=\"https:\/\/www.facebook.com\/everton.fans.cz.sk\" \/>\n<meta name=\"twitter:card\" content=\"summary_large_image\" \/>\n<meta name=\"twitter:label1\" content=\"Odhadovan\u00e1 doba \u010dten\u00ed\" \/>\n\t<meta name=\"twitter:data1\" content=\"1 minuta\" \/>\n<script type=\"application\/ld+json\" class=\"yoast-schema-graph\">{\"@context\":\"https:\/\/schema.org\",\"@graph\":[{\"@type\":\"WebPage\",\"@id\":\"https:\/\/evertonfc.cz\/index.php\/news\/navrat-fanusikov-pozastaveny\/\",\"url\":\"https:\/\/evertonfc.cz\/index.php\/news\/navrat-fanusikov-pozastaveny\/\",\"name\":\"N\u00e1vrat fan\u00fa\u0161ikov pozastaven\u00fd - Official Czech &amp; Slovak Everton Supporters&#039; Club\",\"isPartOf\":{\"@id\":\"https:\/\/evertonfc.cz\/#website\"},\"datePublished\":\"2020-09-22T11:50:43+00:00\",\"dateModified\":\"2020-09-22T11:50:43+00:00\",\"breadcrumb\":{\"@id\":\"https:\/\/evertonfc.cz\/index.php\/news\/navrat-fanusikov-pozastaveny\/#breadcrumb\"},\"inLanguage\":\"cs\",\"potentialAction\":[{\"@type\":\"ReadAction\",\"target\":[\"https:\/\/evertonfc.cz\/index.php\/news\/navrat-fanusikov-pozastaveny\/\"]}]},{\"@type\":\"BreadcrumbList\",\"@id\":\"https:\/\/evertonfc.cz\/index.php\/news\/navrat-fanusikov-pozastaveny\/#breadcrumb\",\"itemListElement\":[{\"@type\":\"ListItem\",\"position\":1,\"name\":\"Home\",\"item\":\"https:\/\/evertonfc.cz\/\"},{\"@type\":\"ListItem\",\"position\":2,\"name\":\"News\",\"item\":\"https:\/\/evertonfc.cz\/index.php\/news\/\"},{\"@type\":\"ListItem\",\"position\":3,\"name\":\"N\u00e1vrat fan\u00fa\u0161ikov pozastaven\u00fd\"}]},{\"@type\":\"WebSite\",\"@id\":\"https:\/\/evertonfc.cz\/#website\",\"url\":\"https:\/\/evertonfc.cz\/\",\"name\":\"Official Czech &amp; Slovak Everton Supporters&#039; Club\",\"description\":\"\",\"publisher\":{\"@id\":\"https:\/\/evertonfc.cz\/#organization\"},\"potentialAction\":[{\"@type\":\"SearchAction\",\"target\":{\"@type\":\"EntryPoint\",\"urlTemplate\":\"https:\/\/evertonfc.cz\/?s={search_term_string}\"},\"query-input\":{\"@type\":\"PropertyValueSpecification\",\"valueRequired\":true,\"valueName\":\"search_term_string\"}}],\"inLanguage\":\"cs\"},{\"@type\":\"Organization\",\"@id\":\"https:\/\/evertonfc.cz\/#organization\",\"name\":\"Official Czech & Slovak Everton Supporters' Club\",\"url\":\"https:\/\/evertonfc.cz\/\",\"logo\":{\"@type\":\"ImageObject\",\"inLanguage\":\"cs\",\"@id\":\"https:\/\/evertonfc.cz\/#\/schema\/logo\/image\/\",\"url\":\"https:\/\/evertonfc.cz\/wp-content\/uploads\/2019\/05\/logo.png\",\"contentUrl\":\"https:\/\/evertonfc.cz\/wp-content\/uploads\/2019\/05\/logo.png\",\"width\":112,\"height\":112,\"caption\":\"Official Czech & Slovak Everton Supporters' Club\"},\"image\":{\"@id\":\"https:\/\/evertonfc.cz\/#\/schema\/logo\/image\/\"},\"sameAs\":[\"https:\/\/www.facebook.com\/everton.fans.cz.sk\"]}]}<\/script>\n<!-- \/ Yoast SEO plugin. -->","yoast_head_json":{"title":"N\u00e1vrat fan\u00fa\u0161ikov pozastaven\u00fd - Official Czech &amp; Slovak Everton Supporters&#039; Club","robots":{"index":"index","follow":"follow","max-snippet":"max-snippet:-1","max-image-preview":"max-image-preview:large","max-video-preview":"max-video-preview:-1"},"canonical":"https:\/\/evertonfc.cz\/index.php\/news\/navrat-fanusikov-pozastaveny\/","og_locale":"cs_CZ","og_type":"article","og_title":"N\u00e1vrat fan\u00fa\u0161ikov pozastaven\u00fd - Official Czech &amp; Slovak Everton Supporters&#039; Club","og_description":"Pl\u00e1ny umo\u017e\u0148uj\u00face riaden\u00fd n\u00e1vrat fan\u00fa\u0161ikov na \u0161tadi\u00f3ny 1. okt\u00f3bra sa maj\u00fa \u201epozastavi\u0165\u201c. Britsk\u00e1 vl\u00e1da sa tak pok\u00fasi vyrie\u0161i\u0165 n\u00e1rast pr\u00edpadov&hellip;","og_url":"https:\/\/evertonfc.cz\/index.php\/news\/navrat-fanusikov-pozastaveny\/","og_site_name":"Official Czech &amp; Slovak Everton Supporters&#039; Club","article_publisher":"https:\/\/www.facebook.com\/everton.fans.cz.sk","twitter_card":"summary_large_image","twitter_misc":{"Odhadovan\u00e1 doba \u010dten\u00ed":"1 minuta"},"schema":{"@context":"https:\/\/schema.org","@graph":[{"@type":"WebPage","@id":"https:\/\/evertonfc.cz\/index.php\/news\/navrat-fanusikov-pozastaveny\/","url":"https:\/\/evertonfc.cz\/index.php\/news\/navrat-fanusikov-pozastaveny\/","name":"N\u00e1vrat fan\u00fa\u0161ikov pozastaven\u00fd - Official Czech &amp; Slovak Everton Supporters&#039; Club","isPartOf":{"@id":"https:\/\/evertonfc.cz\/#website"},"datePublished":"2020-09-22T11:50:43+00:00","dateModified":"2020-09-22T11:50:43+00:00","breadcrumb":{"@id":"https:\/\/evertonfc.cz\/index.php\/news\/navrat-fanusikov-pozastaveny\/#breadcrumb"},"inLanguage":"cs","potentialAction":[{"@type":"ReadAction","target":["https:\/\/evertonfc.cz\/index.php\/news\/navrat-fanusikov-pozastaveny\/"]}]},{"@type":"BreadcrumbList","@id":"https:\/\/evertonfc.cz\/index.php\/news\/navrat-fanusikov-pozastaveny\/#breadcrumb","itemListElement":[{"@type":"ListItem","position":1,"name":"Home","item":"https:\/\/evertonfc.cz\/"},{"@type":"ListItem","position":2,"name":"News","item":"https:\/\/evertonfc.cz\/index.php\/news\/"},{"@type":"ListItem","position":3,"name":"N\u00e1vrat fan\u00fa\u0161ikov pozastaven\u00fd"}]},{"@type":"WebSite","@id":"https:\/\/evertonfc.cz\/#website","url":"https:\/\/evertonfc.cz\/","name":"Official Czech &amp; Slovak Everton Supporters&#039; Club","description":"","publisher":{"@id":"https:\/\/evertonfc.cz\/#organization"},"potentialAction":[{"@type":"SearchAction","target":{"@type":"EntryPoint","urlTemplate":"https:\/\/evertonfc.cz\/?s={search_term_string}"},"query-input":{"@type":"PropertyValueSpecification","valueRequired":true,"valueName":"search_term_string"}}],"inLanguage":"cs"},{"@type":"Organization","@id":"https:\/\/evertonfc.cz\/#organization","name":"Official Czech & Slovak Everton Supporters' Club","url":"https:\/\/evertonfc.cz\/","logo":{"@type":"ImageObject","inLanguage":"cs","@id":"https:\/\/evertonfc.cz\/#\/schema\/logo\/image\/","url":"https:\/\/evertonfc.cz\/wp-content\/uploads\/2019\/05\/logo.png","contentUrl":"https:\/\/evertonfc.cz\/wp-content\/uploads\/2019\/05\/logo.png","width":112,"height":112,"caption":"Official Czech & Slovak Everton Supporters' Club"},"image":{"@id":"https:\/\/evertonfc.cz\/#\/schema\/logo\/image\/"},"sameAs":["https:\/\/www.facebook.com\/everton.fans.cz.sk"]}]}},"_links":{"self":[{"href":"https:\/\/evertonfc.cz\/index.php\/wp-json\/wp\/v2\/news\/12095"}],"collection":[{"href":"https:\/\/evertonfc.cz\/index.php\/wp-json\/wp\/v2\/news"}],"about":[{"href":"https:\/\/evertonfc.cz\/index.php\/wp-json\/wp\/v2\/types\/news"}],"author":[{"embeddable":true,"href":"https:\/\/evertonfc.cz\/index.php\/wp-json\/wp\/v2\/users\/1"}],"replies":[{"embeddable":true,"href":"https:\/\/evertonfc.cz\/index.php\/wp-json\/wp\/v2\/comments?post=12095"}],"version-history":[{"count":0,"href":"https:\/\/evertonfc.cz\/index.php\/wp-json\/wp\/v2\/news\/12095\/revisions"}],"wp:attachment":[{"href":"https:\/\/evertonfc.cz\/index.php\/wp-json\/wp\/v2\/media?parent=12095"}],"wp:term":[{"taxonomy":"post_tag","embeddable":true,"href":"https:\/\/evertonfc.cz\/index.php\/wp-json\/wp\/v2\/tags?post=12095"},{"taxonomy":"news-category","embeddable":true,"href":"https:\/\/evertonfc.cz\/index.php\/wp-json\/wp\/v2\/news-category?post=12095"}],"curies":[{"name":"wp","href":"https:\/\/api.w.org\/{rel}","templated":true}]}}