{"id":12097,"date":"2020-09-22T21:20:23","date_gmt":"2020-09-22T19:20:23","guid":{"rendered":"https:\/\/evertonfc.cz\/?post_type=news&#038;p=12097"},"modified":"2020-09-23T08:05:20","modified_gmt":"2020-09-23T06:05:20","slug":"4-rocny-kontrakt-pre-virginiu","status":"publish","type":"news","link":"https:\/\/evertonfc.cz\/index.php\/news\/4-rocny-kontrakt-pre-virginiu\/","title":{"rendered":"4 ro\u010dn\u00fd kontrakt pre Virginiu"},"content":{"rendered":"<p>Joao Virginia o\u010dak\u00e1va v Evertone \u201esvetl\u00fa bud\u00facnos\u0165\u201c. Talentovan\u00fd portugalsk\u00fd brank\u00e1r podp\u00edsal s klubom nov\u00fa zmluvu do konca j\u00fana 2024. A to len t\u00fd\u017ed\u0148om potom, \u010do si 20-ro\u010dn\u00fd mlad\u00edk vo svojom prvom z\u00e1reze za A mu\u017estvo udr\u017eal \u010dist\u00e9 konto pri v\u00ed\u0165azstve v druhom kole Ligov\u00e9ho poh\u00e1ra nad Salfordom City.<\/p>\n<p>Z Arsenalu na Merseyside prest\u00fapil pred dvoma rokmi &#8211; kr\u00e1tko po vymenovan\u00ed nov\u00e9ho \u0161portov\u00e9ho riadite\u013ea Marcela Brandsa. N\u00e1sledne zohral d\u00f4le\u017eit\u00fa \u00falohu pri \u00faspechu titulu Premier League 2 s t\u00edmom do 23 rokov. Vychytal a\u017e 9 \u010dist\u00fdch \u0161t\u00edtov v 12 vyst\u00fapeniach.<\/p>\n<p>V minulej sez\u00f3ne str\u00e1vil polroka na hos\u0165ovan\u00ed v Readingu. V janu\u00e1ri sa z Championship vr\u00e1til. Po pr\u00edchode Carla Ancelottiho na poz\u00edciu mana\u017e\u00e9ra potom pravidelne tr\u00e9noval s Jordanom Pickfordom a tr\u00e9nerom brank\u00e1rov prv\u00e9ho t\u00edmu Alanom Kellym. Aktu\u00e1lne pre zranenie L\u00f6ssla zastupuje na poz\u00edcii brank\u00e1rskej dvojky.<\/p>\n","protected":false},"excerpt":{"rendered":"<p>Joao Virginia o\u010dak\u00e1va v Evertone \u201esvetl\u00fa bud\u00facnos\u0165\u201c. Talentovan\u00fd portugalsk\u00fd brank\u00e1r podp\u00edsal s klubom nov\u00fa zmluvu do konca j\u00fana 2024. A&hellip;<\/p>\n","protected":false},"author":1,"featured_media":0,"comment_status":"open","ping_status":"closed","template":"","tags":[],"news-category":[18],"yoast_head":"<!-- This site is optimized with the Yoast SEO plugin v23.4 - https:\/\/yoast.com\/wordpress\/plugins\/seo\/ -->\n<title>4 ro\u010dn\u00fd kontrakt pre Virginiu - Official Czech &amp; Slovak Everton Supporters&#039; Club<\/title>\n<meta name=\"robots\" content=\"index, follow, max-snippet:-1, max-image-preview:large, max-video-preview:-1\" \/>\n<link rel=\"canonical\" href=\"https:\/\/evertonfc.cz\/index.php\/news\/4-rocny-kontrakt-pre-virginiu\/\" \/>\n<meta property=\"og:locale\" content=\"cs_CZ\" \/>\n<meta property=\"og:type\" content=\"article\" \/>\n<meta property=\"og:title\" content=\"4 ro\u010dn\u00fd kontrakt pre Virginiu - Official Czech &amp; Slovak Everton Supporters&#039; Club\" \/>\n<meta property=\"og:description\" content=\"Joao Virginia o\u010dak\u00e1va v Evertone \u201esvetl\u00fa bud\u00facnos\u0165\u201c. Talentovan\u00fd portugalsk\u00fd brank\u00e1r podp\u00edsal s klubom nov\u00fa zmluvu do konca j\u00fana 2024. A&hellip;\" \/>\n<meta property=\"og:url\" content=\"https:\/\/evertonfc.cz\/index.php\/news\/4-rocny-kontrakt-pre-virginiu\/\" \/>\n<meta property=\"og:site_name\" content=\"Official Czech &amp; Slovak Everton Supporters&#039; Club\" \/>\n<meta property=\"article:publisher\" content=\"https:\/\/www.facebook.com\/everton.fans.cz.sk\" \/>\n<meta property=\"article:modified_time\" content=\"2020-09-23T06:05:20+00:00\" \/>\n<meta name=\"twitter:card\" content=\"summary_large_image\" \/>\n<meta name=\"twitter:label1\" content=\"Odhadovan\u00e1 doba \u010dten\u00ed\" \/>\n\t<meta name=\"twitter:data1\" content=\"1 minuta\" \/>\n<script type=\"application\/ld+json\" class=\"yoast-schema-graph\">{\"@context\":\"https:\/\/schema.org\",\"@graph\":[{\"@type\":\"WebPage\",\"@id\":\"https:\/\/evertonfc.cz\/index.php\/news\/4-rocny-kontrakt-pre-virginiu\/\",\"url\":\"https:\/\/evertonfc.cz\/index.php\/news\/4-rocny-kontrakt-pre-virginiu\/\",\"name\":\"4 ro\u010dn\u00fd kontrakt pre Virginiu - Official Czech &amp; Slovak Everton Supporters&#039; Club\",\"isPartOf\":{\"@id\":\"https:\/\/evertonfc.cz\/#website\"},\"datePublished\":\"2020-09-22T19:20:23+00:00\",\"dateModified\":\"2020-09-23T06:05:20+00:00\",\"breadcrumb\":{\"@id\":\"https:\/\/evertonfc.cz\/index.php\/news\/4-rocny-kontrakt-pre-virginiu\/#breadcrumb\"},\"inLanguage\":\"cs\",\"potentialAction\":[{\"@type\":\"ReadAction\",\"target\":[\"https:\/\/evertonfc.cz\/index.php\/news\/4-rocny-kontrakt-pre-virginiu\/\"]}]},{\"@type\":\"BreadcrumbList\",\"@id\":\"https:\/\/evertonfc.cz\/index.php\/news\/4-rocny-kontrakt-pre-virginiu\/#breadcrumb\",\"itemListElement\":[{\"@type\":\"ListItem\",\"position\":1,\"name\":\"Home\",\"item\":\"https:\/\/evertonfc.cz\/\"},{\"@type\":\"ListItem\",\"position\":2,\"name\":\"News\",\"item\":\"https:\/\/evertonfc.cz\/index.php\/news\/\"},{\"@type\":\"ListItem\",\"position\":3,\"name\":\"4 ro\u010dn\u00fd kontrakt pre Virginiu\"}]},{\"@type\":\"WebSite\",\"@id\":\"https:\/\/evertonfc.cz\/#website\",\"url\":\"https:\/\/evertonfc.cz\/\",\"name\":\"Official Czech &amp; Slovak Everton Supporters&#039; Club\",\"description\":\"\",\"publisher\":{\"@id\":\"https:\/\/evertonfc.cz\/#organization\"},\"potentialAction\":[{\"@type\":\"SearchAction\",\"target\":{\"@type\":\"EntryPoint\",\"urlTemplate\":\"https:\/\/evertonfc.cz\/?s={search_term_string}\"},\"query-input\":{\"@type\":\"PropertyValueSpecification\",\"valueRequired\":true,\"valueName\":\"search_term_string\"}}],\"inLanguage\":\"cs\"},{\"@type\":\"Organization\",\"@id\":\"https:\/\/evertonfc.cz\/#organization\",\"name\":\"Official Czech & Slovak Everton Supporters' Club\",\"url\":\"https:\/\/evertonfc.cz\/\",\"logo\":{\"@type\":\"ImageObject\",\"inLanguage\":\"cs\",\"@id\":\"https:\/\/evertonfc.cz\/#\/schema\/logo\/image\/\",\"url\":\"https:\/\/evertonfc.cz\/wp-content\/uploads\/2019\/05\/logo.png\",\"contentUrl\":\"https:\/\/evertonfc.cz\/wp-content\/uploads\/2019\/05\/logo.png\",\"width\":112,\"height\":112,\"caption\":\"Official Czech & Slovak Everton Supporters' Club\"},\"image\":{\"@id\":\"https:\/\/evertonfc.cz\/#\/schema\/logo\/image\/\"},\"sameAs\":[\"https:\/\/www.facebook.com\/everton.fans.cz.sk\"]}]}<\/script>\n<!-- \/ Yoast SEO plugin. -->","yoast_head_json":{"title":"4 ro\u010dn\u00fd kontrakt pre Virginiu - Official Czech &amp; Slovak Everton Supporters&#039; Club","robots":{"index":"index","follow":"follow","max-snippet":"max-snippet:-1","max-image-preview":"max-image-preview:large","max-video-preview":"max-video-preview:-1"},"canonical":"https:\/\/evertonfc.cz\/index.php\/news\/4-rocny-kontrakt-pre-virginiu\/","og_locale":"cs_CZ","og_type":"article","og_title":"4 ro\u010dn\u00fd kontrakt pre Virginiu - Official Czech &amp; Slovak Everton Supporters&#039; Club","og_description":"Joao Virginia o\u010dak\u00e1va v Evertone \u201esvetl\u00fa bud\u00facnos\u0165\u201c. Talentovan\u00fd portugalsk\u00fd brank\u00e1r podp\u00edsal s klubom nov\u00fa zmluvu do konca j\u00fana 2024. A&hellip;","og_url":"https:\/\/evertonfc.cz\/index.php\/news\/4-rocny-kontrakt-pre-virginiu\/","og_site_name":"Official Czech &amp; Slovak Everton Supporters&#039; Club","article_publisher":"https:\/\/www.facebook.com\/everton.fans.cz.sk","article_modified_time":"2020-09-23T06:05:20+00:00","twitter_card":"summary_large_image","twitter_misc":{"Odhadovan\u00e1 doba \u010dten\u00ed":"1 minuta"},"schema":{"@context":"https:\/\/schema.org","@graph":[{"@type":"WebPage","@id":"https:\/\/evertonfc.cz\/index.php\/news\/4-rocny-kontrakt-pre-virginiu\/","url":"https:\/\/evertonfc.cz\/index.php\/news\/4-rocny-kontrakt-pre-virginiu\/","name":"4 ro\u010dn\u00fd kontrakt pre Virginiu - Official Czech &amp; Slovak Everton Supporters&#039; Club","isPartOf":{"@id":"https:\/\/evertonfc.cz\/#website"},"datePublished":"2020-09-22T19:20:23+00:00","dateModified":"2020-09-23T06:05:20+00:00","breadcrumb":{"@id":"https:\/\/evertonfc.cz\/index.php\/news\/4-rocny-kontrakt-pre-virginiu\/#breadcrumb"},"inLanguage":"cs","potentialAction":[{"@type":"ReadAction","target":["https:\/\/evertonfc.cz\/index.php\/news\/4-rocny-kontrakt-pre-virginiu\/"]}]},{"@type":"BreadcrumbList","@id":"https:\/\/evertonfc.cz\/index.php\/news\/4-rocny-kontrakt-pre-virginiu\/#breadcrumb","itemListElement":[{"@type":"ListItem","position":1,"name":"Home","item":"https:\/\/evertonfc.cz\/"},{"@type":"ListItem","position":2,"name":"News","item":"https:\/\/evertonfc.cz\/index.php\/news\/"},{"@type":"ListItem","position":3,"name":"4 ro\u010dn\u00fd kontrakt pre Virginiu"}]},{"@type":"WebSite","@id":"https:\/\/evertonfc.cz\/#website","url":"https:\/\/evertonfc.cz\/","name":"Official Czech &amp; Slovak Everton Supporters&#039; Club","description":"","publisher":{"@id":"https:\/\/evertonfc.cz\/#organization"},"potentialAction":[{"@type":"SearchAction","target":{"@type":"EntryPoint","urlTemplate":"https:\/\/evertonfc.cz\/?s={search_term_string}"},"query-input":{"@type":"PropertyValueSpecification","valueRequired":true,"valueName":"search_term_string"}}],"inLanguage":"cs"},{"@type":"Organization","@id":"https:\/\/evertonfc.cz\/#organization","name":"Official Czech & Slovak Everton Supporters' Club","url":"https:\/\/evertonfc.cz\/","logo":{"@type":"ImageObject","inLanguage":"cs","@id":"https:\/\/evertonfc.cz\/#\/schema\/logo\/image\/","url":"https:\/\/evertonfc.cz\/wp-content\/uploads\/2019\/05\/logo.png","contentUrl":"https:\/\/evertonfc.cz\/wp-content\/uploads\/2019\/05\/logo.png","width":112,"height":112,"caption":"Official Czech & Slovak Everton Supporters' Club"},"image":{"@id":"https:\/\/evertonfc.cz\/#\/schema\/logo\/image\/"},"sameAs":["https:\/\/www.facebook.com\/everton.fans.cz.sk"]}]}},"_links":{"self":[{"href":"https:\/\/evertonfc.cz\/index.php\/wp-json\/wp\/v2\/news\/12097"}],"collection":[{"href":"https:\/\/evertonfc.cz\/index.php\/wp-json\/wp\/v2\/news"}],"about":[{"href":"https:\/\/evertonfc.cz\/index.php\/wp-json\/wp\/v2\/types\/news"}],"author":[{"embeddable":true,"href":"https:\/\/evertonfc.cz\/index.php\/wp-json\/wp\/v2\/users\/1"}],"replies":[{"embeddable":true,"href":"https:\/\/evertonfc.cz\/index.php\/wp-json\/wp\/v2\/comments?post=12097"}],"version-history":[{"count":0,"href":"https:\/\/evertonfc.cz\/index.php\/wp-json\/wp\/v2\/news\/12097\/revisions"}],"wp:attachment":[{"href":"https:\/\/evertonfc.cz\/index.php\/wp-json\/wp\/v2\/media?parent=12097"}],"wp:term":[{"taxonomy":"post_tag","embeddable":true,"href":"https:\/\/evertonfc.cz\/index.php\/wp-json\/wp\/v2\/tags?post=12097"},{"taxonomy":"news-category","embeddable":true,"href":"https:\/\/evertonfc.cz\/index.php\/wp-json\/wp\/v2\/news-category?post=12097"}],"curies":[{"name":"wp","href":"https:\/\/api.w.org\/{rel}","templated":true}]}}