{"id":12133,"date":"2020-09-24T14:44:34","date_gmt":"2020-09-24T12:44:34","guid":{"rendered":"https:\/\/evertonfc.cz\/?post_type=news&#038;p=12133"},"modified":"2020-09-24T14:44:34","modified_gmt":"2020-09-24T12:44:34","slug":"west-ham-v-ligovom-pohari-v-stredu","status":"publish","type":"news","link":"https:\/\/evertonfc.cz\/index.php\/news\/west-ham-v-ligovom-pohari-v-stredu\/","title":{"rendered":"West Ham v Ligovom poh\u00e1ri v stredu"},"content":{"rendered":"<p>\u0160tvrt\u00e9 kolo Carabao Cupu proti West Hamu United sa uskuto\u010dn\u00ed v stredu 30. septembra. \u010cas v\u00fdkopu je o 20:45 (CET). Stretnutie v Goodison Parku sa nebude vysiela\u0165 na\u017eivo v \u017eiadnej britskej telev\u00edzii. Bude sa v\u0161ak dostupn\u00e9 britsk\u00e9mu a \u00edrskemu publiku prostredn\u00edctvom <a href=\"https:\/\/carabaocup.live\/\" target=\"_blank\" rel=\"noopener noreferrer\">platen\u00e9ho online prehr\u00e1va\u010da EFL.<\/a><\/p>\n<p>\u017div\u00fd koment\u00e1r z\u00e1pasu, textov\u00e9 aktualiz\u00e1cie a \u0161tatistiky duelu bud\u00fa k dispoz\u00edcii aj na str\u00e1nke evertonfc.com a v ofici\u00e1lnej aplik\u00e1cii Evertonu. West Ham Davida Moyesa sa prebojoval medzi posledn\u00fdch 16 t\u00edmov po v\u00fdhrach nad Charltonom Athletic a Hull City (obaja League One).<\/p>\n","protected":false},"excerpt":{"rendered":"<p>\u0160tvrt\u00e9 kolo Carabao Cupu proti West Hamu United sa uskuto\u010dn\u00ed v stredu 30. septembra. \u010cas v\u00fdkopu je o 20:45 (CET).&hellip;<\/p>\n","protected":false},"author":1,"featured_media":0,"comment_status":"open","ping_status":"closed","template":"","tags":[],"news-category":[18],"yoast_head":"<!-- This site is optimized with the Yoast SEO plugin v23.4 - https:\/\/yoast.com\/wordpress\/plugins\/seo\/ -->\n<title>West Ham v Ligovom poh\u00e1ri v stredu - Official Czech &amp; Slovak Everton Supporters&#039; Club<\/title>\n<meta name=\"robots\" content=\"index, follow, max-snippet:-1, max-image-preview:large, max-video-preview:-1\" \/>\n<link rel=\"canonical\" href=\"https:\/\/evertonfc.cz\/index.php\/news\/west-ham-v-ligovom-pohari-v-stredu\/\" \/>\n<meta property=\"og:locale\" content=\"cs_CZ\" \/>\n<meta property=\"og:type\" content=\"article\" \/>\n<meta property=\"og:title\" content=\"West Ham v Ligovom poh\u00e1ri v stredu - Official Czech &amp; Slovak Everton Supporters&#039; Club\" \/>\n<meta property=\"og:description\" content=\"\u0160tvrt\u00e9 kolo Carabao Cupu proti West Hamu United sa uskuto\u010dn\u00ed v stredu 30. septembra. \u010cas v\u00fdkopu je o 20:45 (CET).&hellip;\" \/>\n<meta property=\"og:url\" content=\"https:\/\/evertonfc.cz\/index.php\/news\/west-ham-v-ligovom-pohari-v-stredu\/\" \/>\n<meta property=\"og:site_name\" content=\"Official Czech &amp; Slovak Everton Supporters&#039; Club\" \/>\n<meta property=\"article:publisher\" content=\"https:\/\/www.facebook.com\/everton.fans.cz.sk\" \/>\n<meta name=\"twitter:card\" content=\"summary_large_image\" \/>\n<meta name=\"twitter:label1\" content=\"Odhadovan\u00e1 doba \u010dten\u00ed\" \/>\n\t<meta name=\"twitter:data1\" content=\"1 minuta\" \/>\n<script type=\"application\/ld+json\" class=\"yoast-schema-graph\">{\"@context\":\"https:\/\/schema.org\",\"@graph\":[{\"@type\":\"WebPage\",\"@id\":\"https:\/\/evertonfc.cz\/index.php\/news\/west-ham-v-ligovom-pohari-v-stredu\/\",\"url\":\"https:\/\/evertonfc.cz\/index.php\/news\/west-ham-v-ligovom-pohari-v-stredu\/\",\"name\":\"West Ham v Ligovom poh\u00e1ri v stredu - Official Czech &amp; Slovak Everton Supporters&#039; Club\",\"isPartOf\":{\"@id\":\"https:\/\/evertonfc.cz\/#website\"},\"datePublished\":\"2020-09-24T12:44:34+00:00\",\"dateModified\":\"2020-09-24T12:44:34+00:00\",\"breadcrumb\":{\"@id\":\"https:\/\/evertonfc.cz\/index.php\/news\/west-ham-v-ligovom-pohari-v-stredu\/#breadcrumb\"},\"inLanguage\":\"cs\",\"potentialAction\":[{\"@type\":\"ReadAction\",\"target\":[\"https:\/\/evertonfc.cz\/index.php\/news\/west-ham-v-ligovom-pohari-v-stredu\/\"]}]},{\"@type\":\"BreadcrumbList\",\"@id\":\"https:\/\/evertonfc.cz\/index.php\/news\/west-ham-v-ligovom-pohari-v-stredu\/#breadcrumb\",\"itemListElement\":[{\"@type\":\"ListItem\",\"position\":1,\"name\":\"Home\",\"item\":\"https:\/\/evertonfc.cz\/\"},{\"@type\":\"ListItem\",\"position\":2,\"name\":\"News\",\"item\":\"https:\/\/evertonfc.cz\/index.php\/news\/\"},{\"@type\":\"ListItem\",\"position\":3,\"name\":\"West Ham v Ligovom poh\u00e1ri v stredu\"}]},{\"@type\":\"WebSite\",\"@id\":\"https:\/\/evertonfc.cz\/#website\",\"url\":\"https:\/\/evertonfc.cz\/\",\"name\":\"Official Czech &amp; Slovak Everton Supporters&#039; Club\",\"description\":\"\",\"publisher\":{\"@id\":\"https:\/\/evertonfc.cz\/#organization\"},\"potentialAction\":[{\"@type\":\"SearchAction\",\"target\":{\"@type\":\"EntryPoint\",\"urlTemplate\":\"https:\/\/evertonfc.cz\/?s={search_term_string}\"},\"query-input\":{\"@type\":\"PropertyValueSpecification\",\"valueRequired\":true,\"valueName\":\"search_term_string\"}}],\"inLanguage\":\"cs\"},{\"@type\":\"Organization\",\"@id\":\"https:\/\/evertonfc.cz\/#organization\",\"name\":\"Official Czech & Slovak Everton Supporters' Club\",\"url\":\"https:\/\/evertonfc.cz\/\",\"logo\":{\"@type\":\"ImageObject\",\"inLanguage\":\"cs\",\"@id\":\"https:\/\/evertonfc.cz\/#\/schema\/logo\/image\/\",\"url\":\"https:\/\/evertonfc.cz\/wp-content\/uploads\/2019\/05\/logo.png\",\"contentUrl\":\"https:\/\/evertonfc.cz\/wp-content\/uploads\/2019\/05\/logo.png\",\"width\":112,\"height\":112,\"caption\":\"Official Czech & Slovak Everton Supporters' Club\"},\"image\":{\"@id\":\"https:\/\/evertonfc.cz\/#\/schema\/logo\/image\/\"},\"sameAs\":[\"https:\/\/www.facebook.com\/everton.fans.cz.sk\"]}]}<\/script>\n<!-- \/ Yoast SEO plugin. -->","yoast_head_json":{"title":"West Ham v Ligovom poh\u00e1ri v stredu - Official Czech &amp; Slovak Everton Supporters&#039; Club","robots":{"index":"index","follow":"follow","max-snippet":"max-snippet:-1","max-image-preview":"max-image-preview:large","max-video-preview":"max-video-preview:-1"},"canonical":"https:\/\/evertonfc.cz\/index.php\/news\/west-ham-v-ligovom-pohari-v-stredu\/","og_locale":"cs_CZ","og_type":"article","og_title":"West Ham v Ligovom poh\u00e1ri v stredu - Official Czech &amp; Slovak Everton Supporters&#039; Club","og_description":"\u0160tvrt\u00e9 kolo Carabao Cupu proti West Hamu United sa uskuto\u010dn\u00ed v stredu 30. septembra. \u010cas v\u00fdkopu je o 20:45 (CET).&hellip;","og_url":"https:\/\/evertonfc.cz\/index.php\/news\/west-ham-v-ligovom-pohari-v-stredu\/","og_site_name":"Official Czech &amp; Slovak Everton Supporters&#039; Club","article_publisher":"https:\/\/www.facebook.com\/everton.fans.cz.sk","twitter_card":"summary_large_image","twitter_misc":{"Odhadovan\u00e1 doba \u010dten\u00ed":"1 minuta"},"schema":{"@context":"https:\/\/schema.org","@graph":[{"@type":"WebPage","@id":"https:\/\/evertonfc.cz\/index.php\/news\/west-ham-v-ligovom-pohari-v-stredu\/","url":"https:\/\/evertonfc.cz\/index.php\/news\/west-ham-v-ligovom-pohari-v-stredu\/","name":"West Ham v Ligovom poh\u00e1ri v stredu - Official Czech &amp; Slovak Everton Supporters&#039; Club","isPartOf":{"@id":"https:\/\/evertonfc.cz\/#website"},"datePublished":"2020-09-24T12:44:34+00:00","dateModified":"2020-09-24T12:44:34+00:00","breadcrumb":{"@id":"https:\/\/evertonfc.cz\/index.php\/news\/west-ham-v-ligovom-pohari-v-stredu\/#breadcrumb"},"inLanguage":"cs","potentialAction":[{"@type":"ReadAction","target":["https:\/\/evertonfc.cz\/index.php\/news\/west-ham-v-ligovom-pohari-v-stredu\/"]}]},{"@type":"BreadcrumbList","@id":"https:\/\/evertonfc.cz\/index.php\/news\/west-ham-v-ligovom-pohari-v-stredu\/#breadcrumb","itemListElement":[{"@type":"ListItem","position":1,"name":"Home","item":"https:\/\/evertonfc.cz\/"},{"@type":"ListItem","position":2,"name":"News","item":"https:\/\/evertonfc.cz\/index.php\/news\/"},{"@type":"ListItem","position":3,"name":"West Ham v Ligovom poh\u00e1ri v stredu"}]},{"@type":"WebSite","@id":"https:\/\/evertonfc.cz\/#website","url":"https:\/\/evertonfc.cz\/","name":"Official Czech &amp; Slovak Everton Supporters&#039; Club","description":"","publisher":{"@id":"https:\/\/evertonfc.cz\/#organization"},"potentialAction":[{"@type":"SearchAction","target":{"@type":"EntryPoint","urlTemplate":"https:\/\/evertonfc.cz\/?s={search_term_string}"},"query-input":{"@type":"PropertyValueSpecification","valueRequired":true,"valueName":"search_term_string"}}],"inLanguage":"cs"},{"@type":"Organization","@id":"https:\/\/evertonfc.cz\/#organization","name":"Official Czech & Slovak Everton Supporters' Club","url":"https:\/\/evertonfc.cz\/","logo":{"@type":"ImageObject","inLanguage":"cs","@id":"https:\/\/evertonfc.cz\/#\/schema\/logo\/image\/","url":"https:\/\/evertonfc.cz\/wp-content\/uploads\/2019\/05\/logo.png","contentUrl":"https:\/\/evertonfc.cz\/wp-content\/uploads\/2019\/05\/logo.png","width":112,"height":112,"caption":"Official Czech & Slovak Everton Supporters' Club"},"image":{"@id":"https:\/\/evertonfc.cz\/#\/schema\/logo\/image\/"},"sameAs":["https:\/\/www.facebook.com\/everton.fans.cz.sk"]}]}},"_links":{"self":[{"href":"https:\/\/evertonfc.cz\/index.php\/wp-json\/wp\/v2\/news\/12133"}],"collection":[{"href":"https:\/\/evertonfc.cz\/index.php\/wp-json\/wp\/v2\/news"}],"about":[{"href":"https:\/\/evertonfc.cz\/index.php\/wp-json\/wp\/v2\/types\/news"}],"author":[{"embeddable":true,"href":"https:\/\/evertonfc.cz\/index.php\/wp-json\/wp\/v2\/users\/1"}],"replies":[{"embeddable":true,"href":"https:\/\/evertonfc.cz\/index.php\/wp-json\/wp\/v2\/comments?post=12133"}],"version-history":[{"count":0,"href":"https:\/\/evertonfc.cz\/index.php\/wp-json\/wp\/v2\/news\/12133\/revisions"}],"wp:attachment":[{"href":"https:\/\/evertonfc.cz\/index.php\/wp-json\/wp\/v2\/media?parent=12133"}],"wp:term":[{"taxonomy":"post_tag","embeddable":true,"href":"https:\/\/evertonfc.cz\/index.php\/wp-json\/wp\/v2\/tags?post=12133"},{"taxonomy":"news-category","embeddable":true,"href":"https:\/\/evertonfc.cz\/index.php\/wp-json\/wp\/v2\/news-category?post=12133"}],"curies":[{"name":"wp","href":"https:\/\/api.w.org\/{rel}","templated":true}]}}