{"id":12153,"date":"2020-09-25T19:48:52","date_gmt":"2020-09-25T17:48:52","guid":{"rendered":"https:\/\/evertonfc.cz\/?post_type=news&#038;p=12153"},"modified":"2020-09-25T19:51:27","modified_gmt":"2020-09-25T17:51:27","slug":"adeniran-hostuje-ve-wycombe","status":"publish","type":"news","link":"https:\/\/evertonfc.cz\/index.php\/news\/adeniran-hostuje-ve-wycombe\/","title":{"rendered":"Adeniran hostuje ve Wycombe"},"content":{"rendered":"<p>21let\u00fd st\u0159edopola\u0159 Dennis Adeniran ode\u0161el na sez\u00f3nn\u00ed hostov\u00e1n\u00ed do Wycombe Wanderers, kter\u00fd p\u0159ed sez\u00f3nou postoupil do Championship.<\/p>\n<p>Odchovanec Fulhamu zam\u00ed\u0159il do Evertonu jako 18let\u00fd v l\u00e9t\u011b 2017 pr\u00e1v\u011b z Craven Cottage. Podle m\u00e9di\u00ed mohla \u010d\u00e1stka p\u0159estupu dos\u00e1hnout s bonusy a\u017e \u010dty\u0159ech mili\u00f3n\u016f liber. Adeniran v dob\u011b transferu platil za talenta, jen\u017e u\u017e m\u011bl na kont\u011b p\u011bt z\u00e1pas\u016f za prvn\u00ed t\u00fdm Fulhamu.<\/p>\n<p>V Evertonu ale na prvn\u00ed t\u00fdm (zat\u00edm) nedos\u00e1hl. B\u011bhem t\u0159\u00ed let nastupoval pouze v klubov\u00e9m v\u00fdb\u011bru do 23 let, v jeho\u017e slu\u017eb\u00e1ch sice pod\u00e1val kvalitn\u00ed v\u00fdkony a slavil zisk double v roce 2019, jeho potenci\u00e1l ho ale p\u0159edur\u010doval k lep\u0161\u00edmu startu do profesion\u00e1ln\u00ed kari\u00e9ry.<\/p>\n<p>Adeniran m\u00e1 v\u00a0Evertonu smlouvu do l\u00e9ta 2021, je tedy mo\u017en\u00e9, \u017ee p\u0159\u00ed\u0161t\u00ed rok opust\u00ed klub jako voln\u00fd hr\u00e1\u010d.<\/p>\n","protected":false},"excerpt":{"rendered":"<p>21let\u00fd st\u0159edopola\u0159 Dennis Adeniran ode\u0161el na sez\u00f3nn\u00ed hostov\u00e1n\u00ed do Wycombe Wanderers, kter\u00fd p\u0159ed sez\u00f3nou postoupil do Championship. Odchovanec Fulhamu zam\u00ed\u0159il&hellip;<\/p>\n","protected":false},"author":6,"featured_media":0,"comment_status":"open","ping_status":"closed","template":"","tags":[],"news-category":[18],"yoast_head":"<!-- This site is optimized with the Yoast SEO plugin v23.4 - https:\/\/yoast.com\/wordpress\/plugins\/seo\/ -->\n<title>Adeniran hostuje ve Wycombe - Official Czech &amp; Slovak Everton Supporters&#039; Club<\/title>\n<meta name=\"robots\" content=\"index, follow, max-snippet:-1, max-image-preview:large, max-video-preview:-1\" \/>\n<link rel=\"canonical\" href=\"https:\/\/evertonfc.cz\/index.php\/news\/adeniran-hostuje-ve-wycombe\/\" \/>\n<meta property=\"og:locale\" content=\"cs_CZ\" \/>\n<meta property=\"og:type\" content=\"article\" \/>\n<meta property=\"og:title\" content=\"Adeniran hostuje ve Wycombe - Official Czech &amp; Slovak Everton Supporters&#039; Club\" \/>\n<meta property=\"og:description\" content=\"21let\u00fd st\u0159edopola\u0159 Dennis Adeniran ode\u0161el na sez\u00f3nn\u00ed hostov\u00e1n\u00ed do Wycombe Wanderers, kter\u00fd p\u0159ed sez\u00f3nou postoupil do Championship. Odchovanec Fulhamu zam\u00ed\u0159il&hellip;\" \/>\n<meta property=\"og:url\" content=\"https:\/\/evertonfc.cz\/index.php\/news\/adeniran-hostuje-ve-wycombe\/\" \/>\n<meta property=\"og:site_name\" content=\"Official Czech &amp; Slovak Everton Supporters&#039; Club\" \/>\n<meta property=\"article:publisher\" content=\"https:\/\/www.facebook.com\/everton.fans.cz.sk\" \/>\n<meta property=\"article:modified_time\" content=\"2020-09-25T17:51:27+00:00\" \/>\n<meta name=\"twitter:card\" content=\"summary_large_image\" \/>\n<meta name=\"twitter:label1\" content=\"Odhadovan\u00e1 doba \u010dten\u00ed\" \/>\n\t<meta name=\"twitter:data1\" content=\"1 minuta\" \/>\n<script type=\"application\/ld+json\" class=\"yoast-schema-graph\">{\"@context\":\"https:\/\/schema.org\",\"@graph\":[{\"@type\":\"WebPage\",\"@id\":\"https:\/\/evertonfc.cz\/index.php\/news\/adeniran-hostuje-ve-wycombe\/\",\"url\":\"https:\/\/evertonfc.cz\/index.php\/news\/adeniran-hostuje-ve-wycombe\/\",\"name\":\"Adeniran hostuje ve Wycombe - Official Czech &amp; Slovak Everton Supporters&#039; Club\",\"isPartOf\":{\"@id\":\"https:\/\/evertonfc.cz\/#website\"},\"datePublished\":\"2020-09-25T17:48:52+00:00\",\"dateModified\":\"2020-09-25T17:51:27+00:00\",\"breadcrumb\":{\"@id\":\"https:\/\/evertonfc.cz\/index.php\/news\/adeniran-hostuje-ve-wycombe\/#breadcrumb\"},\"inLanguage\":\"cs\",\"potentialAction\":[{\"@type\":\"ReadAction\",\"target\":[\"https:\/\/evertonfc.cz\/index.php\/news\/adeniran-hostuje-ve-wycombe\/\"]}]},{\"@type\":\"BreadcrumbList\",\"@id\":\"https:\/\/evertonfc.cz\/index.php\/news\/adeniran-hostuje-ve-wycombe\/#breadcrumb\",\"itemListElement\":[{\"@type\":\"ListItem\",\"position\":1,\"name\":\"Home\",\"item\":\"https:\/\/evertonfc.cz\/\"},{\"@type\":\"ListItem\",\"position\":2,\"name\":\"News\",\"item\":\"https:\/\/evertonfc.cz\/index.php\/news\/\"},{\"@type\":\"ListItem\",\"position\":3,\"name\":\"Adeniran hostuje ve Wycombe\"}]},{\"@type\":\"WebSite\",\"@id\":\"https:\/\/evertonfc.cz\/#website\",\"url\":\"https:\/\/evertonfc.cz\/\",\"name\":\"Official Czech &amp; Slovak Everton Supporters&#039; Club\",\"description\":\"\",\"publisher\":{\"@id\":\"https:\/\/evertonfc.cz\/#organization\"},\"potentialAction\":[{\"@type\":\"SearchAction\",\"target\":{\"@type\":\"EntryPoint\",\"urlTemplate\":\"https:\/\/evertonfc.cz\/?s={search_term_string}\"},\"query-input\":{\"@type\":\"PropertyValueSpecification\",\"valueRequired\":true,\"valueName\":\"search_term_string\"}}],\"inLanguage\":\"cs\"},{\"@type\":\"Organization\",\"@id\":\"https:\/\/evertonfc.cz\/#organization\",\"name\":\"Official Czech & Slovak Everton Supporters' Club\",\"url\":\"https:\/\/evertonfc.cz\/\",\"logo\":{\"@type\":\"ImageObject\",\"inLanguage\":\"cs\",\"@id\":\"https:\/\/evertonfc.cz\/#\/schema\/logo\/image\/\",\"url\":\"https:\/\/evertonfc.cz\/wp-content\/uploads\/2019\/05\/logo.png\",\"contentUrl\":\"https:\/\/evertonfc.cz\/wp-content\/uploads\/2019\/05\/logo.png\",\"width\":112,\"height\":112,\"caption\":\"Official Czech & Slovak Everton Supporters' Club\"},\"image\":{\"@id\":\"https:\/\/evertonfc.cz\/#\/schema\/logo\/image\/\"},\"sameAs\":[\"https:\/\/www.facebook.com\/everton.fans.cz.sk\"]}]}<\/script>\n<!-- \/ Yoast SEO plugin. -->","yoast_head_json":{"title":"Adeniran hostuje ve Wycombe - Official Czech &amp; Slovak Everton Supporters&#039; Club","robots":{"index":"index","follow":"follow","max-snippet":"max-snippet:-1","max-image-preview":"max-image-preview:large","max-video-preview":"max-video-preview:-1"},"canonical":"https:\/\/evertonfc.cz\/index.php\/news\/adeniran-hostuje-ve-wycombe\/","og_locale":"cs_CZ","og_type":"article","og_title":"Adeniran hostuje ve Wycombe - Official Czech &amp; Slovak Everton Supporters&#039; Club","og_description":"21let\u00fd st\u0159edopola\u0159 Dennis Adeniran ode\u0161el na sez\u00f3nn\u00ed hostov\u00e1n\u00ed do Wycombe Wanderers, kter\u00fd p\u0159ed sez\u00f3nou postoupil do Championship. Odchovanec Fulhamu zam\u00ed\u0159il&hellip;","og_url":"https:\/\/evertonfc.cz\/index.php\/news\/adeniran-hostuje-ve-wycombe\/","og_site_name":"Official Czech &amp; Slovak Everton Supporters&#039; Club","article_publisher":"https:\/\/www.facebook.com\/everton.fans.cz.sk","article_modified_time":"2020-09-25T17:51:27+00:00","twitter_card":"summary_large_image","twitter_misc":{"Odhadovan\u00e1 doba \u010dten\u00ed":"1 minuta"},"schema":{"@context":"https:\/\/schema.org","@graph":[{"@type":"WebPage","@id":"https:\/\/evertonfc.cz\/index.php\/news\/adeniran-hostuje-ve-wycombe\/","url":"https:\/\/evertonfc.cz\/index.php\/news\/adeniran-hostuje-ve-wycombe\/","name":"Adeniran hostuje ve Wycombe - Official Czech &amp; Slovak Everton Supporters&#039; Club","isPartOf":{"@id":"https:\/\/evertonfc.cz\/#website"},"datePublished":"2020-09-25T17:48:52+00:00","dateModified":"2020-09-25T17:51:27+00:00","breadcrumb":{"@id":"https:\/\/evertonfc.cz\/index.php\/news\/adeniran-hostuje-ve-wycombe\/#breadcrumb"},"inLanguage":"cs","potentialAction":[{"@type":"ReadAction","target":["https:\/\/evertonfc.cz\/index.php\/news\/adeniran-hostuje-ve-wycombe\/"]}]},{"@type":"BreadcrumbList","@id":"https:\/\/evertonfc.cz\/index.php\/news\/adeniran-hostuje-ve-wycombe\/#breadcrumb","itemListElement":[{"@type":"ListItem","position":1,"name":"Home","item":"https:\/\/evertonfc.cz\/"},{"@type":"ListItem","position":2,"name":"News","item":"https:\/\/evertonfc.cz\/index.php\/news\/"},{"@type":"ListItem","position":3,"name":"Adeniran hostuje ve Wycombe"}]},{"@type":"WebSite","@id":"https:\/\/evertonfc.cz\/#website","url":"https:\/\/evertonfc.cz\/","name":"Official Czech &amp; Slovak Everton Supporters&#039; Club","description":"","publisher":{"@id":"https:\/\/evertonfc.cz\/#organization"},"potentialAction":[{"@type":"SearchAction","target":{"@type":"EntryPoint","urlTemplate":"https:\/\/evertonfc.cz\/?s={search_term_string}"},"query-input":{"@type":"PropertyValueSpecification","valueRequired":true,"valueName":"search_term_string"}}],"inLanguage":"cs"},{"@type":"Organization","@id":"https:\/\/evertonfc.cz\/#organization","name":"Official Czech & Slovak Everton Supporters' Club","url":"https:\/\/evertonfc.cz\/","logo":{"@type":"ImageObject","inLanguage":"cs","@id":"https:\/\/evertonfc.cz\/#\/schema\/logo\/image\/","url":"https:\/\/evertonfc.cz\/wp-content\/uploads\/2019\/05\/logo.png","contentUrl":"https:\/\/evertonfc.cz\/wp-content\/uploads\/2019\/05\/logo.png","width":112,"height":112,"caption":"Official Czech & Slovak Everton Supporters' Club"},"image":{"@id":"https:\/\/evertonfc.cz\/#\/schema\/logo\/image\/"},"sameAs":["https:\/\/www.facebook.com\/everton.fans.cz.sk"]}]}},"_links":{"self":[{"href":"https:\/\/evertonfc.cz\/index.php\/wp-json\/wp\/v2\/news\/12153"}],"collection":[{"href":"https:\/\/evertonfc.cz\/index.php\/wp-json\/wp\/v2\/news"}],"about":[{"href":"https:\/\/evertonfc.cz\/index.php\/wp-json\/wp\/v2\/types\/news"}],"author":[{"embeddable":true,"href":"https:\/\/evertonfc.cz\/index.php\/wp-json\/wp\/v2\/users\/6"}],"replies":[{"embeddable":true,"href":"https:\/\/evertonfc.cz\/index.php\/wp-json\/wp\/v2\/comments?post=12153"}],"version-history":[{"count":1,"href":"https:\/\/evertonfc.cz\/index.php\/wp-json\/wp\/v2\/news\/12153\/revisions"}],"predecessor-version":[{"id":12154,"href":"https:\/\/evertonfc.cz\/index.php\/wp-json\/wp\/v2\/news\/12153\/revisions\/12154"}],"wp:attachment":[{"href":"https:\/\/evertonfc.cz\/index.php\/wp-json\/wp\/v2\/media?parent=12153"}],"wp:term":[{"taxonomy":"post_tag","embeddable":true,"href":"https:\/\/evertonfc.cz\/index.php\/wp-json\/wp\/v2\/tags?post=12153"},{"taxonomy":"news-category","embeddable":true,"href":"https:\/\/evertonfc.cz\/index.php\/wp-json\/wp\/v2\/news-category?post=12153"}],"curies":[{"name":"wp","href":"https:\/\/api.w.org\/{rel}","templated":true}]}}