{"id":12545,"date":"2020-10-16T18:19:00","date_gmt":"2020-10-16T16:19:00","guid":{"rendered":"https:\/\/evertonfc.cz\/?post_type=news&#038;p=12545"},"modified":"2020-10-16T18:19:00","modified_gmt":"2020-10-16T16:19:00","slug":"connolly-opet-ve-fleetwoodu","status":"publish","type":"news","link":"https:\/\/evertonfc.cz\/index.php\/news\/connolly-opet-ve-fleetwoodu\/","title":{"rendered":"Connolly op\u011bt ve Fleetwoodu"},"content":{"rendered":"<p>23let\u00fd defenzivn\u00ed univerz\u00e1l Callum Connolly str\u00e1v\u00ed aktu\u00e1ln\u00ed sez\u00f3nu na hostov\u00e1n\u00ed ve t\u0159etiligov\u00e9m celku Fleetwood Town, kde u\u017e \u00fasp\u011b\u0161n\u011b p\u016fsobil ve druh\u00e9 poloviny lo\u0148sk\u00e9ho ro\u010dn\u00edku.<\/p>\n<p>Odchovanec Toffees s jedn\u00edm startem v prvn\u00edm t\u00fdmu m\u00e1 v klubu platnou smlouvu do l\u00e9ta 2021.<\/p>\n","protected":false},"excerpt":{"rendered":"<p>23let\u00fd defenzivn\u00ed univerz\u00e1l Callum Connolly str\u00e1v\u00ed aktu\u00e1ln\u00ed sez\u00f3nu na hostov\u00e1n\u00ed ve t\u0159etiligov\u00e9m celku Fleetwood Town, kde u\u017e \u00fasp\u011b\u0161n\u011b p\u016fsobil ve&hellip;<\/p>\n","protected":false},"author":6,"featured_media":0,"comment_status":"open","ping_status":"closed","template":"","tags":[],"news-category":[18],"yoast_head":"<!-- This site is optimized with the Yoast SEO plugin v23.4 - https:\/\/yoast.com\/wordpress\/plugins\/seo\/ -->\n<title>Connolly op\u011bt ve Fleetwoodu - Official Czech &amp; Slovak Everton Supporters&#039; Club<\/title>\n<meta name=\"robots\" content=\"index, follow, max-snippet:-1, max-image-preview:large, max-video-preview:-1\" \/>\n<link rel=\"canonical\" href=\"https:\/\/evertonfc.cz\/index.php\/news\/connolly-opet-ve-fleetwoodu\/\" \/>\n<meta property=\"og:locale\" content=\"cs_CZ\" \/>\n<meta property=\"og:type\" content=\"article\" \/>\n<meta property=\"og:title\" content=\"Connolly op\u011bt ve Fleetwoodu - Official Czech &amp; Slovak Everton Supporters&#039; Club\" \/>\n<meta property=\"og:description\" content=\"23let\u00fd defenzivn\u00ed univerz\u00e1l Callum Connolly str\u00e1v\u00ed aktu\u00e1ln\u00ed sez\u00f3nu na hostov\u00e1n\u00ed ve t\u0159etiligov\u00e9m celku Fleetwood Town, kde u\u017e \u00fasp\u011b\u0161n\u011b p\u016fsobil ve&hellip;\" \/>\n<meta property=\"og:url\" content=\"https:\/\/evertonfc.cz\/index.php\/news\/connolly-opet-ve-fleetwoodu\/\" \/>\n<meta property=\"og:site_name\" content=\"Official Czech &amp; Slovak Everton Supporters&#039; Club\" \/>\n<meta property=\"article:publisher\" content=\"https:\/\/www.facebook.com\/everton.fans.cz.sk\" \/>\n<meta name=\"twitter:card\" content=\"summary_large_image\" \/>\n<script type=\"application\/ld+json\" class=\"yoast-schema-graph\">{\"@context\":\"https:\/\/schema.org\",\"@graph\":[{\"@type\":\"WebPage\",\"@id\":\"https:\/\/evertonfc.cz\/index.php\/news\/connolly-opet-ve-fleetwoodu\/\",\"url\":\"https:\/\/evertonfc.cz\/index.php\/news\/connolly-opet-ve-fleetwoodu\/\",\"name\":\"Connolly op\u011bt ve Fleetwoodu - Official Czech &amp; Slovak Everton Supporters&#039; Club\",\"isPartOf\":{\"@id\":\"https:\/\/evertonfc.cz\/#website\"},\"datePublished\":\"2020-10-16T16:19:00+00:00\",\"dateModified\":\"2020-10-16T16:19:00+00:00\",\"breadcrumb\":{\"@id\":\"https:\/\/evertonfc.cz\/index.php\/news\/connolly-opet-ve-fleetwoodu\/#breadcrumb\"},\"inLanguage\":\"cs\",\"potentialAction\":[{\"@type\":\"ReadAction\",\"target\":[\"https:\/\/evertonfc.cz\/index.php\/news\/connolly-opet-ve-fleetwoodu\/\"]}]},{\"@type\":\"BreadcrumbList\",\"@id\":\"https:\/\/evertonfc.cz\/index.php\/news\/connolly-opet-ve-fleetwoodu\/#breadcrumb\",\"itemListElement\":[{\"@type\":\"ListItem\",\"position\":1,\"name\":\"Home\",\"item\":\"https:\/\/evertonfc.cz\/\"},{\"@type\":\"ListItem\",\"position\":2,\"name\":\"News\",\"item\":\"https:\/\/evertonfc.cz\/index.php\/news\/\"},{\"@type\":\"ListItem\",\"position\":3,\"name\":\"Connolly op\u011bt ve Fleetwoodu\"}]},{\"@type\":\"WebSite\",\"@id\":\"https:\/\/evertonfc.cz\/#website\",\"url\":\"https:\/\/evertonfc.cz\/\",\"name\":\"Official Czech &amp; Slovak Everton Supporters&#039; Club\",\"description\":\"\",\"publisher\":{\"@id\":\"https:\/\/evertonfc.cz\/#organization\"},\"potentialAction\":[{\"@type\":\"SearchAction\",\"target\":{\"@type\":\"EntryPoint\",\"urlTemplate\":\"https:\/\/evertonfc.cz\/?s={search_term_string}\"},\"query-input\":{\"@type\":\"PropertyValueSpecification\",\"valueRequired\":true,\"valueName\":\"search_term_string\"}}],\"inLanguage\":\"cs\"},{\"@type\":\"Organization\",\"@id\":\"https:\/\/evertonfc.cz\/#organization\",\"name\":\"Official Czech & Slovak Everton Supporters' Club\",\"url\":\"https:\/\/evertonfc.cz\/\",\"logo\":{\"@type\":\"ImageObject\",\"inLanguage\":\"cs\",\"@id\":\"https:\/\/evertonfc.cz\/#\/schema\/logo\/image\/\",\"url\":\"https:\/\/evertonfc.cz\/wp-content\/uploads\/2019\/05\/logo.png\",\"contentUrl\":\"https:\/\/evertonfc.cz\/wp-content\/uploads\/2019\/05\/logo.png\",\"width\":112,\"height\":112,\"caption\":\"Official Czech & Slovak Everton Supporters' Club\"},\"image\":{\"@id\":\"https:\/\/evertonfc.cz\/#\/schema\/logo\/image\/\"},\"sameAs\":[\"https:\/\/www.facebook.com\/everton.fans.cz.sk\"]}]}<\/script>\n<!-- \/ Yoast SEO plugin. -->","yoast_head_json":{"title":"Connolly op\u011bt ve Fleetwoodu - Official Czech &amp; Slovak Everton Supporters&#039; Club","robots":{"index":"index","follow":"follow","max-snippet":"max-snippet:-1","max-image-preview":"max-image-preview:large","max-video-preview":"max-video-preview:-1"},"canonical":"https:\/\/evertonfc.cz\/index.php\/news\/connolly-opet-ve-fleetwoodu\/","og_locale":"cs_CZ","og_type":"article","og_title":"Connolly op\u011bt ve Fleetwoodu - Official Czech &amp; Slovak Everton Supporters&#039; Club","og_description":"23let\u00fd defenzivn\u00ed univerz\u00e1l Callum Connolly str\u00e1v\u00ed aktu\u00e1ln\u00ed sez\u00f3nu na hostov\u00e1n\u00ed ve t\u0159etiligov\u00e9m celku Fleetwood Town, kde u\u017e \u00fasp\u011b\u0161n\u011b p\u016fsobil ve&hellip;","og_url":"https:\/\/evertonfc.cz\/index.php\/news\/connolly-opet-ve-fleetwoodu\/","og_site_name":"Official Czech &amp; Slovak Everton Supporters&#039; Club","article_publisher":"https:\/\/www.facebook.com\/everton.fans.cz.sk","twitter_card":"summary_large_image","schema":{"@context":"https:\/\/schema.org","@graph":[{"@type":"WebPage","@id":"https:\/\/evertonfc.cz\/index.php\/news\/connolly-opet-ve-fleetwoodu\/","url":"https:\/\/evertonfc.cz\/index.php\/news\/connolly-opet-ve-fleetwoodu\/","name":"Connolly op\u011bt ve Fleetwoodu - Official Czech &amp; Slovak Everton Supporters&#039; Club","isPartOf":{"@id":"https:\/\/evertonfc.cz\/#website"},"datePublished":"2020-10-16T16:19:00+00:00","dateModified":"2020-10-16T16:19:00+00:00","breadcrumb":{"@id":"https:\/\/evertonfc.cz\/index.php\/news\/connolly-opet-ve-fleetwoodu\/#breadcrumb"},"inLanguage":"cs","potentialAction":[{"@type":"ReadAction","target":["https:\/\/evertonfc.cz\/index.php\/news\/connolly-opet-ve-fleetwoodu\/"]}]},{"@type":"BreadcrumbList","@id":"https:\/\/evertonfc.cz\/index.php\/news\/connolly-opet-ve-fleetwoodu\/#breadcrumb","itemListElement":[{"@type":"ListItem","position":1,"name":"Home","item":"https:\/\/evertonfc.cz\/"},{"@type":"ListItem","position":2,"name":"News","item":"https:\/\/evertonfc.cz\/index.php\/news\/"},{"@type":"ListItem","position":3,"name":"Connolly op\u011bt ve Fleetwoodu"}]},{"@type":"WebSite","@id":"https:\/\/evertonfc.cz\/#website","url":"https:\/\/evertonfc.cz\/","name":"Official Czech &amp; Slovak Everton Supporters&#039; Club","description":"","publisher":{"@id":"https:\/\/evertonfc.cz\/#organization"},"potentialAction":[{"@type":"SearchAction","target":{"@type":"EntryPoint","urlTemplate":"https:\/\/evertonfc.cz\/?s={search_term_string}"},"query-input":{"@type":"PropertyValueSpecification","valueRequired":true,"valueName":"search_term_string"}}],"inLanguage":"cs"},{"@type":"Organization","@id":"https:\/\/evertonfc.cz\/#organization","name":"Official Czech & Slovak Everton Supporters' Club","url":"https:\/\/evertonfc.cz\/","logo":{"@type":"ImageObject","inLanguage":"cs","@id":"https:\/\/evertonfc.cz\/#\/schema\/logo\/image\/","url":"https:\/\/evertonfc.cz\/wp-content\/uploads\/2019\/05\/logo.png","contentUrl":"https:\/\/evertonfc.cz\/wp-content\/uploads\/2019\/05\/logo.png","width":112,"height":112,"caption":"Official Czech & Slovak Everton Supporters' Club"},"image":{"@id":"https:\/\/evertonfc.cz\/#\/schema\/logo\/image\/"},"sameAs":["https:\/\/www.facebook.com\/everton.fans.cz.sk"]}]}},"_links":{"self":[{"href":"https:\/\/evertonfc.cz\/index.php\/wp-json\/wp\/v2\/news\/12545"}],"collection":[{"href":"https:\/\/evertonfc.cz\/index.php\/wp-json\/wp\/v2\/news"}],"about":[{"href":"https:\/\/evertonfc.cz\/index.php\/wp-json\/wp\/v2\/types\/news"}],"author":[{"embeddable":true,"href":"https:\/\/evertonfc.cz\/index.php\/wp-json\/wp\/v2\/users\/6"}],"replies":[{"embeddable":true,"href":"https:\/\/evertonfc.cz\/index.php\/wp-json\/wp\/v2\/comments?post=12545"}],"version-history":[{"count":0,"href":"https:\/\/evertonfc.cz\/index.php\/wp-json\/wp\/v2\/news\/12545\/revisions"}],"wp:attachment":[{"href":"https:\/\/evertonfc.cz\/index.php\/wp-json\/wp\/v2\/media?parent=12545"}],"wp:term":[{"taxonomy":"post_tag","embeddable":true,"href":"https:\/\/evertonfc.cz\/index.php\/wp-json\/wp\/v2\/tags?post=12545"},{"taxonomy":"news-category","embeddable":true,"href":"https:\/\/evertonfc.cz\/index.php\/wp-json\/wp\/v2\/news-category?post=12545"}],"curies":[{"name":"wp","href":"https:\/\/api.w.org\/{rel}","templated":true}]}}