{"id":12915,"date":"2020-11-14T18:22:34","date_gmt":"2020-11-14T17:22:34","guid":{"rendered":"https:\/\/evertonfc.cz\/?post_type=news&#038;p=12915"},"modified":"2020-11-14T18:22:34","modified_gmt":"2020-11-14T17:22:34","slug":"skoncil-zakaz-prestupov-akademie","status":"publish","type":"news","link":"https:\/\/evertonfc.cz\/index.php\/news\/skoncil-zakaz-prestupov-akademie\/","title":{"rendered":"Skon\u010dil z\u00e1kaz prestupov akad\u00e9mie"},"content":{"rendered":"<p>Everton dostal e\u0161te v roku 2018 dvojro\u010dn\u00e9 n\u00e1borov\u00e9 sankcie po tom, \u010do bol klub uznan\u00fd vinn\u00fdm z neleg\u00e1lneho pr\u00edstupu k mlad\u00fdm hr\u00e1\u010dom. Tie\u017e dostal pokutu 500 000 libier. Z\u00e1kaz znamenal, \u017ee The Toffees neboli schopn\u00ed na dva roky podp\u00edsa\u0165 hr\u00e1\u010da, ktor\u00fd bol za posledn\u00fdch 18 mesiacov zaregistrovan\u00fd v inom klube Premier League alebo EFL. Ale tento trest u\u017e uplynul. Akad\u00e9mia m\u00f4\u017ee za\u010da\u0165 s n\u00e1borom hr\u00e1\u010dov.<\/p>\n<p>Everton obvinenie priznal. Zamestnanci akad\u00e9mie pon\u00fakli ist\u00e9mu hr\u00e1\u010dovi a jeho rodine stimuly, aby hr\u00e1\u010da povzbudili k prestupu v klubu. A po vlastnom vy\u0161etrovan\u00ed sa \u010falej zistilo, \u017ee akad\u00e9mia je vinn\u00e1 z poru\u0161enia podobn\u00fdch pravidiel n\u00e1boru minim\u00e1lne pri \u010fal\u0161\u00edch \u0161iestich hr\u00e1\u010doch.<\/p>\n<p>Premier League tie\u017e potvrdila, \u017ee Everton predt\u00fdm poskytoval nepravdiv\u00e9 inform\u00e1cie pri dotazoch, ako boli niektor\u00ed hr\u00e1\u010di zaregistrovan\u00ed v akad\u00e9mii. Marcel Brands zatia\u013e pokra\u010duje v re\u0161trukturaliz\u00e1cii akad\u00e9mie. U\u017e vykonal nieko\u013eko v\u00fdznamn\u00fdch zmien, vr\u00e1tane pov\u00fd\u0161enia Davida Unswortha na riadite\u013ea.<\/p>\n","protected":false},"excerpt":{"rendered":"<p>Everton dostal e\u0161te v roku 2018 dvojro\u010dn\u00e9 n\u00e1borov\u00e9 sankcie po tom, \u010do bol klub uznan\u00fd vinn\u00fdm z neleg\u00e1lneho pr\u00edstupu k&hellip;<\/p>\n","protected":false},"author":1,"featured_media":0,"comment_status":"open","ping_status":"closed","template":"","tags":[],"news-category":[18],"yoast_head":"<!-- This site is optimized with the Yoast SEO plugin v23.4 - https:\/\/yoast.com\/wordpress\/plugins\/seo\/ -->\n<title>Skon\u010dil z\u00e1kaz prestupov akad\u00e9mie - Official Czech &amp; Slovak Everton Supporters&#039; Club<\/title>\n<meta name=\"robots\" content=\"index, follow, max-snippet:-1, max-image-preview:large, max-video-preview:-1\" \/>\n<link rel=\"canonical\" href=\"https:\/\/evertonfc.cz\/index.php\/news\/skoncil-zakaz-prestupov-akademie\/\" \/>\n<meta property=\"og:locale\" content=\"cs_CZ\" \/>\n<meta property=\"og:type\" content=\"article\" \/>\n<meta property=\"og:title\" content=\"Skon\u010dil z\u00e1kaz prestupov akad\u00e9mie - Official Czech &amp; Slovak Everton Supporters&#039; Club\" \/>\n<meta property=\"og:description\" content=\"Everton dostal e\u0161te v roku 2018 dvojro\u010dn\u00e9 n\u00e1borov\u00e9 sankcie po tom, \u010do bol klub uznan\u00fd vinn\u00fdm z neleg\u00e1lneho pr\u00edstupu k&hellip;\" \/>\n<meta property=\"og:url\" content=\"https:\/\/evertonfc.cz\/index.php\/news\/skoncil-zakaz-prestupov-akademie\/\" \/>\n<meta property=\"og:site_name\" content=\"Official Czech &amp; Slovak Everton Supporters&#039; Club\" \/>\n<meta property=\"article:publisher\" content=\"https:\/\/www.facebook.com\/everton.fans.cz.sk\" \/>\n<meta name=\"twitter:card\" content=\"summary_large_image\" \/>\n<meta name=\"twitter:label1\" content=\"Odhadovan\u00e1 doba \u010dten\u00ed\" \/>\n\t<meta name=\"twitter:data1\" content=\"1 minuta\" \/>\n<script type=\"application\/ld+json\" class=\"yoast-schema-graph\">{\"@context\":\"https:\/\/schema.org\",\"@graph\":[{\"@type\":\"WebPage\",\"@id\":\"https:\/\/evertonfc.cz\/index.php\/news\/skoncil-zakaz-prestupov-akademie\/\",\"url\":\"https:\/\/evertonfc.cz\/index.php\/news\/skoncil-zakaz-prestupov-akademie\/\",\"name\":\"Skon\u010dil z\u00e1kaz prestupov akad\u00e9mie - Official Czech &amp; Slovak Everton Supporters&#039; Club\",\"isPartOf\":{\"@id\":\"https:\/\/evertonfc.cz\/#website\"},\"datePublished\":\"2020-11-14T17:22:34+00:00\",\"dateModified\":\"2020-11-14T17:22:34+00:00\",\"breadcrumb\":{\"@id\":\"https:\/\/evertonfc.cz\/index.php\/news\/skoncil-zakaz-prestupov-akademie\/#breadcrumb\"},\"inLanguage\":\"cs\",\"potentialAction\":[{\"@type\":\"ReadAction\",\"target\":[\"https:\/\/evertonfc.cz\/index.php\/news\/skoncil-zakaz-prestupov-akademie\/\"]}]},{\"@type\":\"BreadcrumbList\",\"@id\":\"https:\/\/evertonfc.cz\/index.php\/news\/skoncil-zakaz-prestupov-akademie\/#breadcrumb\",\"itemListElement\":[{\"@type\":\"ListItem\",\"position\":1,\"name\":\"Home\",\"item\":\"https:\/\/evertonfc.cz\/\"},{\"@type\":\"ListItem\",\"position\":2,\"name\":\"News\",\"item\":\"https:\/\/evertonfc.cz\/index.php\/news\/\"},{\"@type\":\"ListItem\",\"position\":3,\"name\":\"Skon\u010dil z\u00e1kaz prestupov akad\u00e9mie\"}]},{\"@type\":\"WebSite\",\"@id\":\"https:\/\/evertonfc.cz\/#website\",\"url\":\"https:\/\/evertonfc.cz\/\",\"name\":\"Official Czech &amp; Slovak Everton Supporters&#039; Club\",\"description\":\"\",\"publisher\":{\"@id\":\"https:\/\/evertonfc.cz\/#organization\"},\"potentialAction\":[{\"@type\":\"SearchAction\",\"target\":{\"@type\":\"EntryPoint\",\"urlTemplate\":\"https:\/\/evertonfc.cz\/?s={search_term_string}\"},\"query-input\":{\"@type\":\"PropertyValueSpecification\",\"valueRequired\":true,\"valueName\":\"search_term_string\"}}],\"inLanguage\":\"cs\"},{\"@type\":\"Organization\",\"@id\":\"https:\/\/evertonfc.cz\/#organization\",\"name\":\"Official Czech & Slovak Everton Supporters' Club\",\"url\":\"https:\/\/evertonfc.cz\/\",\"logo\":{\"@type\":\"ImageObject\",\"inLanguage\":\"cs\",\"@id\":\"https:\/\/evertonfc.cz\/#\/schema\/logo\/image\/\",\"url\":\"https:\/\/evertonfc.cz\/wp-content\/uploads\/2019\/05\/logo.png\",\"contentUrl\":\"https:\/\/evertonfc.cz\/wp-content\/uploads\/2019\/05\/logo.png\",\"width\":112,\"height\":112,\"caption\":\"Official Czech & Slovak Everton Supporters' Club\"},\"image\":{\"@id\":\"https:\/\/evertonfc.cz\/#\/schema\/logo\/image\/\"},\"sameAs\":[\"https:\/\/www.facebook.com\/everton.fans.cz.sk\"]}]}<\/script>\n<!-- \/ Yoast SEO plugin. -->","yoast_head_json":{"title":"Skon\u010dil z\u00e1kaz prestupov akad\u00e9mie - Official Czech &amp; Slovak Everton Supporters&#039; Club","robots":{"index":"index","follow":"follow","max-snippet":"max-snippet:-1","max-image-preview":"max-image-preview:large","max-video-preview":"max-video-preview:-1"},"canonical":"https:\/\/evertonfc.cz\/index.php\/news\/skoncil-zakaz-prestupov-akademie\/","og_locale":"cs_CZ","og_type":"article","og_title":"Skon\u010dil z\u00e1kaz prestupov akad\u00e9mie - Official Czech &amp; Slovak Everton Supporters&#039; Club","og_description":"Everton dostal e\u0161te v roku 2018 dvojro\u010dn\u00e9 n\u00e1borov\u00e9 sankcie po tom, \u010do bol klub uznan\u00fd vinn\u00fdm z neleg\u00e1lneho pr\u00edstupu k&hellip;","og_url":"https:\/\/evertonfc.cz\/index.php\/news\/skoncil-zakaz-prestupov-akademie\/","og_site_name":"Official Czech &amp; Slovak Everton Supporters&#039; Club","article_publisher":"https:\/\/www.facebook.com\/everton.fans.cz.sk","twitter_card":"summary_large_image","twitter_misc":{"Odhadovan\u00e1 doba \u010dten\u00ed":"1 minuta"},"schema":{"@context":"https:\/\/schema.org","@graph":[{"@type":"WebPage","@id":"https:\/\/evertonfc.cz\/index.php\/news\/skoncil-zakaz-prestupov-akademie\/","url":"https:\/\/evertonfc.cz\/index.php\/news\/skoncil-zakaz-prestupov-akademie\/","name":"Skon\u010dil z\u00e1kaz prestupov akad\u00e9mie - Official Czech &amp; Slovak Everton Supporters&#039; Club","isPartOf":{"@id":"https:\/\/evertonfc.cz\/#website"},"datePublished":"2020-11-14T17:22:34+00:00","dateModified":"2020-11-14T17:22:34+00:00","breadcrumb":{"@id":"https:\/\/evertonfc.cz\/index.php\/news\/skoncil-zakaz-prestupov-akademie\/#breadcrumb"},"inLanguage":"cs","potentialAction":[{"@type":"ReadAction","target":["https:\/\/evertonfc.cz\/index.php\/news\/skoncil-zakaz-prestupov-akademie\/"]}]},{"@type":"BreadcrumbList","@id":"https:\/\/evertonfc.cz\/index.php\/news\/skoncil-zakaz-prestupov-akademie\/#breadcrumb","itemListElement":[{"@type":"ListItem","position":1,"name":"Home","item":"https:\/\/evertonfc.cz\/"},{"@type":"ListItem","position":2,"name":"News","item":"https:\/\/evertonfc.cz\/index.php\/news\/"},{"@type":"ListItem","position":3,"name":"Skon\u010dil z\u00e1kaz prestupov akad\u00e9mie"}]},{"@type":"WebSite","@id":"https:\/\/evertonfc.cz\/#website","url":"https:\/\/evertonfc.cz\/","name":"Official Czech &amp; Slovak Everton Supporters&#039; Club","description":"","publisher":{"@id":"https:\/\/evertonfc.cz\/#organization"},"potentialAction":[{"@type":"SearchAction","target":{"@type":"EntryPoint","urlTemplate":"https:\/\/evertonfc.cz\/?s={search_term_string}"},"query-input":{"@type":"PropertyValueSpecification","valueRequired":true,"valueName":"search_term_string"}}],"inLanguage":"cs"},{"@type":"Organization","@id":"https:\/\/evertonfc.cz\/#organization","name":"Official Czech & Slovak Everton Supporters' Club","url":"https:\/\/evertonfc.cz\/","logo":{"@type":"ImageObject","inLanguage":"cs","@id":"https:\/\/evertonfc.cz\/#\/schema\/logo\/image\/","url":"https:\/\/evertonfc.cz\/wp-content\/uploads\/2019\/05\/logo.png","contentUrl":"https:\/\/evertonfc.cz\/wp-content\/uploads\/2019\/05\/logo.png","width":112,"height":112,"caption":"Official Czech & Slovak Everton Supporters' Club"},"image":{"@id":"https:\/\/evertonfc.cz\/#\/schema\/logo\/image\/"},"sameAs":["https:\/\/www.facebook.com\/everton.fans.cz.sk"]}]}},"_links":{"self":[{"href":"https:\/\/evertonfc.cz\/index.php\/wp-json\/wp\/v2\/news\/12915"}],"collection":[{"href":"https:\/\/evertonfc.cz\/index.php\/wp-json\/wp\/v2\/news"}],"about":[{"href":"https:\/\/evertonfc.cz\/index.php\/wp-json\/wp\/v2\/types\/news"}],"author":[{"embeddable":true,"href":"https:\/\/evertonfc.cz\/index.php\/wp-json\/wp\/v2\/users\/1"}],"replies":[{"embeddable":true,"href":"https:\/\/evertonfc.cz\/index.php\/wp-json\/wp\/v2\/comments?post=12915"}],"version-history":[{"count":0,"href":"https:\/\/evertonfc.cz\/index.php\/wp-json\/wp\/v2\/news\/12915\/revisions"}],"wp:attachment":[{"href":"https:\/\/evertonfc.cz\/index.php\/wp-json\/wp\/v2\/media?parent=12915"}],"wp:term":[{"taxonomy":"post_tag","embeddable":true,"href":"https:\/\/evertonfc.cz\/index.php\/wp-json\/wp\/v2\/tags?post=12915"},{"taxonomy":"news-category","embeddable":true,"href":"https:\/\/evertonfc.cz\/index.php\/wp-json\/wp\/v2\/news-category?post=12915"}],"curies":[{"name":"wp","href":"https:\/\/api.w.org\/{rel}","templated":true}]}}