{"id":12963,"date":"2020-11-19T17:50:29","date_gmt":"2020-11-19T16:50:29","guid":{"rendered":"https:\/\/evertonfc.cz\/?post_type=news&#038;p=12963"},"modified":"2020-11-20T08:16:33","modified_gmt":"2020-11-20T07:16:33","slug":"fifa-o-materstvi","status":"publish","type":"news","link":"https:\/\/evertonfc.cz\/index.php\/news\/fifa-o-materstvi\/","title":{"rendered":"FIFA o mate\u0159stv\u00ed"},"content":{"rendered":"<p>Dle zpr\u00e1vy BBC navrhuje FIFA nov\u00e1 pravidla t\u00fdkaj\u00edc\u00ed se mate\u0159stv\u00ed hr\u00e1\u010dek. Mezi jin\u00fdmi jde o nejm\u00e9n\u011b 14 t\u00fddn\u016f mate\u0159sk\u00e9 dovolen\u00e9 s nejm\u00e9n\u011b dv\u011bma t\u0159etinami p\u016fvodn\u00edho platu. Klub nebude sm\u011bt rozv\u00e1zat smlouvu s hr\u00e1\u010dkou kv\u016fli jej\u00edmu t\u011bhotenstv\u00ed. Nov\u00fdm matk\u00e1m mus\u00ed b\u00fdt umo\u017en\u011bno kojen\u00ed nebo odst\u0159ikov\u00e1n\u00ed ml\u00e9ka (pozn. autora &#8211; nen\u00ed mi jasn\u00e9 co se t\u00edm rozum\u00ed, p\u0159edpokl\u00e1d\u00e1m, \u017ee nikoliv p\u0159i z\u00e1pase). Kluby budou opr\u00e1vn\u011bn\u00e9 p\u0159iv\u00e9st si za hr\u00e1\u010dku na mate\u0159sk\u00e9 dovolen\u00e9 kr\u00e1tkodobou n\u00e1hradu i mimo obvykl\u00e9 p\u0159estupov\u00e9 okno.<\/p>\n<p>N\u00e1vrh nedosahuje standardu Velk\u00e9 Brit\u00e1nie, kde je placen\u00e1 mate\u0159sk\u00e1 39 t\u00fddn\u016f a prvn\u00edch 6 t\u00fddn\u016f dosahuje 90% platu.<\/p>\n<p>Pravidla by m\u011bla b\u00fdt p\u0159edlo\u017een\u00e1 ke schv\u00e1len\u00ed v\u00fdkonn\u00e9mu v\u00fdboru v prosinci 2020. Pokud budou schv\u00e1lena, m\u011bla by b\u00fdt platn\u00e1 od ledna 2021. FIFA by m\u011bla m\u00edt pravomoc dodr\u017eov\u00e1n\u00ed t\u011bchto pravidel sankcionovat nejen pokutou, ale i nap\u0159\u00edklad z\u00e1kazem transferu hr\u00e1\u010dek.<\/p>\n","protected":false},"excerpt":{"rendered":"<p>Dle zpr\u00e1vy BBC navrhuje FIFA nov\u00e1 pravidla t\u00fdkaj\u00edc\u00ed se mate\u0159stv\u00ed hr\u00e1\u010dek. Mezi jin\u00fdmi jde o nejm\u00e9n\u011b 14 t\u00fddn\u016f mate\u0159sk\u00e9 dovolen\u00e9&hellip;<\/p>\n","protected":false},"author":26,"featured_media":0,"comment_status":"open","ping_status":"closed","template":"","tags":[],"news-category":[18],"yoast_head":"<!-- This site is optimized with the Yoast SEO plugin v23.4 - https:\/\/yoast.com\/wordpress\/plugins\/seo\/ -->\n<title>FIFA o mate\u0159stv\u00ed - Official Czech &amp; Slovak Everton Supporters&#039; Club<\/title>\n<meta name=\"robots\" content=\"index, follow, max-snippet:-1, max-image-preview:large, max-video-preview:-1\" \/>\n<link rel=\"canonical\" href=\"https:\/\/evertonfc.cz\/index.php\/news\/fifa-o-materstvi\/\" \/>\n<meta property=\"og:locale\" content=\"cs_CZ\" \/>\n<meta property=\"og:type\" content=\"article\" \/>\n<meta property=\"og:title\" content=\"FIFA o mate\u0159stv\u00ed - Official Czech &amp; Slovak Everton Supporters&#039; Club\" \/>\n<meta property=\"og:description\" content=\"Dle zpr\u00e1vy BBC navrhuje FIFA nov\u00e1 pravidla t\u00fdkaj\u00edc\u00ed se mate\u0159stv\u00ed hr\u00e1\u010dek. Mezi jin\u00fdmi jde o nejm\u00e9n\u011b 14 t\u00fddn\u016f mate\u0159sk\u00e9 dovolen\u00e9&hellip;\" \/>\n<meta property=\"og:url\" content=\"https:\/\/evertonfc.cz\/index.php\/news\/fifa-o-materstvi\/\" \/>\n<meta property=\"og:site_name\" content=\"Official Czech &amp; Slovak Everton Supporters&#039; Club\" \/>\n<meta property=\"article:publisher\" content=\"https:\/\/www.facebook.com\/everton.fans.cz.sk\" \/>\n<meta property=\"article:modified_time\" content=\"2020-11-20T07:16:33+00:00\" \/>\n<meta name=\"twitter:card\" content=\"summary_large_image\" \/>\n<meta name=\"twitter:label1\" content=\"Odhadovan\u00e1 doba \u010dten\u00ed\" \/>\n\t<meta name=\"twitter:data1\" content=\"1 minuta\" \/>\n<script type=\"application\/ld+json\" class=\"yoast-schema-graph\">{\"@context\":\"https:\/\/schema.org\",\"@graph\":[{\"@type\":\"WebPage\",\"@id\":\"https:\/\/evertonfc.cz\/index.php\/news\/fifa-o-materstvi\/\",\"url\":\"https:\/\/evertonfc.cz\/index.php\/news\/fifa-o-materstvi\/\",\"name\":\"FIFA o mate\u0159stv\u00ed - Official Czech &amp; Slovak Everton Supporters&#039; Club\",\"isPartOf\":{\"@id\":\"https:\/\/evertonfc.cz\/#website\"},\"datePublished\":\"2020-11-19T16:50:29+00:00\",\"dateModified\":\"2020-11-20T07:16:33+00:00\",\"breadcrumb\":{\"@id\":\"https:\/\/evertonfc.cz\/index.php\/news\/fifa-o-materstvi\/#breadcrumb\"},\"inLanguage\":\"cs\",\"potentialAction\":[{\"@type\":\"ReadAction\",\"target\":[\"https:\/\/evertonfc.cz\/index.php\/news\/fifa-o-materstvi\/\"]}]},{\"@type\":\"BreadcrumbList\",\"@id\":\"https:\/\/evertonfc.cz\/index.php\/news\/fifa-o-materstvi\/#breadcrumb\",\"itemListElement\":[{\"@type\":\"ListItem\",\"position\":1,\"name\":\"Home\",\"item\":\"https:\/\/evertonfc.cz\/\"},{\"@type\":\"ListItem\",\"position\":2,\"name\":\"News\",\"item\":\"https:\/\/evertonfc.cz\/index.php\/news\/\"},{\"@type\":\"ListItem\",\"position\":3,\"name\":\"FIFA o mate\u0159stv\u00ed\"}]},{\"@type\":\"WebSite\",\"@id\":\"https:\/\/evertonfc.cz\/#website\",\"url\":\"https:\/\/evertonfc.cz\/\",\"name\":\"Official Czech &amp; Slovak Everton Supporters&#039; Club\",\"description\":\"\",\"publisher\":{\"@id\":\"https:\/\/evertonfc.cz\/#organization\"},\"potentialAction\":[{\"@type\":\"SearchAction\",\"target\":{\"@type\":\"EntryPoint\",\"urlTemplate\":\"https:\/\/evertonfc.cz\/?s={search_term_string}\"},\"query-input\":{\"@type\":\"PropertyValueSpecification\",\"valueRequired\":true,\"valueName\":\"search_term_string\"}}],\"inLanguage\":\"cs\"},{\"@type\":\"Organization\",\"@id\":\"https:\/\/evertonfc.cz\/#organization\",\"name\":\"Official Czech & Slovak Everton Supporters' Club\",\"url\":\"https:\/\/evertonfc.cz\/\",\"logo\":{\"@type\":\"ImageObject\",\"inLanguage\":\"cs\",\"@id\":\"https:\/\/evertonfc.cz\/#\/schema\/logo\/image\/\",\"url\":\"https:\/\/evertonfc.cz\/wp-content\/uploads\/2019\/05\/logo.png\",\"contentUrl\":\"https:\/\/evertonfc.cz\/wp-content\/uploads\/2019\/05\/logo.png\",\"width\":112,\"height\":112,\"caption\":\"Official Czech & Slovak Everton Supporters' Club\"},\"image\":{\"@id\":\"https:\/\/evertonfc.cz\/#\/schema\/logo\/image\/\"},\"sameAs\":[\"https:\/\/www.facebook.com\/everton.fans.cz.sk\"]}]}<\/script>\n<!-- \/ Yoast SEO plugin. -->","yoast_head_json":{"title":"FIFA o mate\u0159stv\u00ed - Official Czech &amp; Slovak Everton Supporters&#039; Club","robots":{"index":"index","follow":"follow","max-snippet":"max-snippet:-1","max-image-preview":"max-image-preview:large","max-video-preview":"max-video-preview:-1"},"canonical":"https:\/\/evertonfc.cz\/index.php\/news\/fifa-o-materstvi\/","og_locale":"cs_CZ","og_type":"article","og_title":"FIFA o mate\u0159stv\u00ed - Official Czech &amp; Slovak Everton Supporters&#039; Club","og_description":"Dle zpr\u00e1vy BBC navrhuje FIFA nov\u00e1 pravidla t\u00fdkaj\u00edc\u00ed se mate\u0159stv\u00ed hr\u00e1\u010dek. Mezi jin\u00fdmi jde o nejm\u00e9n\u011b 14 t\u00fddn\u016f mate\u0159sk\u00e9 dovolen\u00e9&hellip;","og_url":"https:\/\/evertonfc.cz\/index.php\/news\/fifa-o-materstvi\/","og_site_name":"Official Czech &amp; Slovak Everton Supporters&#039; Club","article_publisher":"https:\/\/www.facebook.com\/everton.fans.cz.sk","article_modified_time":"2020-11-20T07:16:33+00:00","twitter_card":"summary_large_image","twitter_misc":{"Odhadovan\u00e1 doba \u010dten\u00ed":"1 minuta"},"schema":{"@context":"https:\/\/schema.org","@graph":[{"@type":"WebPage","@id":"https:\/\/evertonfc.cz\/index.php\/news\/fifa-o-materstvi\/","url":"https:\/\/evertonfc.cz\/index.php\/news\/fifa-o-materstvi\/","name":"FIFA o mate\u0159stv\u00ed - Official Czech &amp; Slovak Everton Supporters&#039; Club","isPartOf":{"@id":"https:\/\/evertonfc.cz\/#website"},"datePublished":"2020-11-19T16:50:29+00:00","dateModified":"2020-11-20T07:16:33+00:00","breadcrumb":{"@id":"https:\/\/evertonfc.cz\/index.php\/news\/fifa-o-materstvi\/#breadcrumb"},"inLanguage":"cs","potentialAction":[{"@type":"ReadAction","target":["https:\/\/evertonfc.cz\/index.php\/news\/fifa-o-materstvi\/"]}]},{"@type":"BreadcrumbList","@id":"https:\/\/evertonfc.cz\/index.php\/news\/fifa-o-materstvi\/#breadcrumb","itemListElement":[{"@type":"ListItem","position":1,"name":"Home","item":"https:\/\/evertonfc.cz\/"},{"@type":"ListItem","position":2,"name":"News","item":"https:\/\/evertonfc.cz\/index.php\/news\/"},{"@type":"ListItem","position":3,"name":"FIFA o mate\u0159stv\u00ed"}]},{"@type":"WebSite","@id":"https:\/\/evertonfc.cz\/#website","url":"https:\/\/evertonfc.cz\/","name":"Official Czech &amp; Slovak Everton Supporters&#039; Club","description":"","publisher":{"@id":"https:\/\/evertonfc.cz\/#organization"},"potentialAction":[{"@type":"SearchAction","target":{"@type":"EntryPoint","urlTemplate":"https:\/\/evertonfc.cz\/?s={search_term_string}"},"query-input":{"@type":"PropertyValueSpecification","valueRequired":true,"valueName":"search_term_string"}}],"inLanguage":"cs"},{"@type":"Organization","@id":"https:\/\/evertonfc.cz\/#organization","name":"Official Czech & Slovak Everton Supporters' Club","url":"https:\/\/evertonfc.cz\/","logo":{"@type":"ImageObject","inLanguage":"cs","@id":"https:\/\/evertonfc.cz\/#\/schema\/logo\/image\/","url":"https:\/\/evertonfc.cz\/wp-content\/uploads\/2019\/05\/logo.png","contentUrl":"https:\/\/evertonfc.cz\/wp-content\/uploads\/2019\/05\/logo.png","width":112,"height":112,"caption":"Official Czech & Slovak Everton Supporters' Club"},"image":{"@id":"https:\/\/evertonfc.cz\/#\/schema\/logo\/image\/"},"sameAs":["https:\/\/www.facebook.com\/everton.fans.cz.sk"]}]}},"_links":{"self":[{"href":"https:\/\/evertonfc.cz\/index.php\/wp-json\/wp\/v2\/news\/12963"}],"collection":[{"href":"https:\/\/evertonfc.cz\/index.php\/wp-json\/wp\/v2\/news"}],"about":[{"href":"https:\/\/evertonfc.cz\/index.php\/wp-json\/wp\/v2\/types\/news"}],"author":[{"embeddable":true,"href":"https:\/\/evertonfc.cz\/index.php\/wp-json\/wp\/v2\/users\/26"}],"replies":[{"embeddable":true,"href":"https:\/\/evertonfc.cz\/index.php\/wp-json\/wp\/v2\/comments?post=12963"}],"version-history":[{"count":0,"href":"https:\/\/evertonfc.cz\/index.php\/wp-json\/wp\/v2\/news\/12963\/revisions"}],"wp:attachment":[{"href":"https:\/\/evertonfc.cz\/index.php\/wp-json\/wp\/v2\/media?parent=12963"}],"wp:term":[{"taxonomy":"post_tag","embeddable":true,"href":"https:\/\/evertonfc.cz\/index.php\/wp-json\/wp\/v2\/tags?post=12963"},{"taxonomy":"news-category","embeddable":true,"href":"https:\/\/evertonfc.cz\/index.php\/wp-json\/wp\/v2\/news-category?post=12963"}],"curies":[{"name":"wp","href":"https:\/\/api.w.org\/{rel}","templated":true}]}}