{"id":13025,"date":"2020-11-24T21:31:00","date_gmt":"2020-11-24T20:31:00","guid":{"rendered":"https:\/\/evertonfc.cz\/?post_type=news&#038;p=13025"},"modified":"2020-12-01T17:43:27","modified_gmt":"2020-12-01T16:43:27","slug":"norsko-vs-dansko-w-1-0","status":"publish","type":"news","link":"https:\/\/evertonfc.cz\/index.php\/news\/norsko-vs-dansko-w-1-0\/","title":{"rendered":"Norci vs. D\u00e1nsko W: 1-0"},"content":{"rendered":"<p>D\u00e1nsk\u00e1 \u017eensk\u00e1 reprezentace hraje 1.12.2020 kvalifika\u010dn\u00ed utk\u00e1n\u00ed s It\u00e1li\u00ed v d\u00e1nsk\u00e9m Viborgu. Za norm\u00e1ln\u00edch okolnost\u00ed by k z\u00e1pasu za D\u00e1nsko nastoupily i evertonsk\u00e9 Nicoline S\u00f8rensen a Rikke Sevecke (jako\u017e i kapit\u00e1nka Chelsea Pernille Harder a Stine Larson z Villy). Dle BBC ale vzhledem k epidemii zm\u011bn\u011bn\u00e9ho typu covid 19 mezi d\u00e1nsk\u00fdmi norky vydala britsk\u00e1 vl\u00e1da na\u0159\u00edzen\u00ed o povinn\u00e9 14 denn\u00ed karant\u00e9n\u011b pro v\u0161echny, kdo p\u0159ij\u00ed\u017ed\u00ed z D\u00e1nska do Brit\u00e1nie. Pro uveden\u00e9 d\u00e1nsk\u00e9 reprezentantky to znamen\u00e1 bu\u010f na z\u00e1pas neodjet, nebo d\u00edky karant\u00e9n\u011b p\u0159ij\u00edt o z\u00e1pasy 5.- 6.12 . (pro n\u00e1s Manchester City) a 12.-13.12. (Birmingham). FA po\u017e\u00e1dala o v\u00fdjimku z tohoto na\u0159\u00edzen\u00ed pro d\u00e1nsk\u00e9 reprezentantky. Obdobnou v\u00fdjimku dostali mu\u017e\u0161t\u00ed reprezentanti D\u00e1nska a Islandu pro z\u00e1pas v Kodani. O ofici\u00e1ln\u00edm v\u00fdsledku \u017e\u00e1dosti mi nen\u00ed nic zn\u00e1mo, nicm\u00e9n\u011b p\u0159inejmen\u0161\u00edm evertonsk\u00e9 D\u00e1nky na reprezenta\u010dn\u00ed sraz neodjedou. Pro \u00faplnost dodejme, \u017ee d\u00e1nsk\u00e9 fotbalistky se ji\u017e na Euro kvalifikovaly, zat\u00edmco Italky budou ve Viborgu o kvalifikaci je\u0161t\u011b usilovat.<\/p>\n","protected":false},"excerpt":{"rendered":"<p>D\u00e1nsk\u00e1 \u017eensk\u00e1 reprezentace hraje 1.12.2020 kvalifika\u010dn\u00ed utk\u00e1n\u00ed s It\u00e1li\u00ed v d\u00e1nsk\u00e9m Viborgu. Za norm\u00e1ln\u00edch okolnost\u00ed by k z\u00e1pasu za D\u00e1nsko&hellip;<\/p>\n","protected":false},"author":26,"featured_media":0,"comment_status":"open","ping_status":"closed","template":"","tags":[],"news-category":[18],"yoast_head":"<!-- This site is optimized with the Yoast SEO plugin v23.4 - https:\/\/yoast.com\/wordpress\/plugins\/seo\/ -->\n<title>Norci vs. D\u00e1nsko W: 1-0 - Official Czech &amp; Slovak Everton Supporters&#039; Club<\/title>\n<meta name=\"robots\" content=\"index, follow, max-snippet:-1, max-image-preview:large, max-video-preview:-1\" \/>\n<link rel=\"canonical\" href=\"https:\/\/evertonfc.cz\/index.php\/news\/norsko-vs-dansko-w-1-0\/\" \/>\n<meta property=\"og:locale\" content=\"cs_CZ\" \/>\n<meta property=\"og:type\" content=\"article\" \/>\n<meta property=\"og:title\" content=\"Norci vs. D\u00e1nsko W: 1-0 - Official Czech &amp; Slovak Everton Supporters&#039; Club\" \/>\n<meta property=\"og:description\" content=\"D\u00e1nsk\u00e1 \u017eensk\u00e1 reprezentace hraje 1.12.2020 kvalifika\u010dn\u00ed utk\u00e1n\u00ed s It\u00e1li\u00ed v d\u00e1nsk\u00e9m Viborgu. Za norm\u00e1ln\u00edch okolnost\u00ed by k z\u00e1pasu za D\u00e1nsko&hellip;\" \/>\n<meta property=\"og:url\" content=\"https:\/\/evertonfc.cz\/index.php\/news\/norsko-vs-dansko-w-1-0\/\" \/>\n<meta property=\"og:site_name\" content=\"Official Czech &amp; Slovak Everton Supporters&#039; Club\" \/>\n<meta property=\"article:publisher\" content=\"https:\/\/www.facebook.com\/everton.fans.cz.sk\" \/>\n<meta property=\"article:modified_time\" content=\"2020-12-01T16:43:27+00:00\" \/>\n<meta name=\"twitter:card\" content=\"summary_large_image\" \/>\n<meta name=\"twitter:label1\" content=\"Odhadovan\u00e1 doba \u010dten\u00ed\" \/>\n\t<meta name=\"twitter:data1\" content=\"1 minuta\" \/>\n<script type=\"application\/ld+json\" class=\"yoast-schema-graph\">{\"@context\":\"https:\/\/schema.org\",\"@graph\":[{\"@type\":\"WebPage\",\"@id\":\"https:\/\/evertonfc.cz\/index.php\/news\/norsko-vs-dansko-w-1-0\/\",\"url\":\"https:\/\/evertonfc.cz\/index.php\/news\/norsko-vs-dansko-w-1-0\/\",\"name\":\"Norci vs. D\u00e1nsko W: 1-0 - Official Czech &amp; Slovak Everton Supporters&#039; Club\",\"isPartOf\":{\"@id\":\"https:\/\/evertonfc.cz\/#website\"},\"datePublished\":\"2020-11-24T20:31:00+00:00\",\"dateModified\":\"2020-12-01T16:43:27+00:00\",\"breadcrumb\":{\"@id\":\"https:\/\/evertonfc.cz\/index.php\/news\/norsko-vs-dansko-w-1-0\/#breadcrumb\"},\"inLanguage\":\"cs\",\"potentialAction\":[{\"@type\":\"ReadAction\",\"target\":[\"https:\/\/evertonfc.cz\/index.php\/news\/norsko-vs-dansko-w-1-0\/\"]}]},{\"@type\":\"BreadcrumbList\",\"@id\":\"https:\/\/evertonfc.cz\/index.php\/news\/norsko-vs-dansko-w-1-0\/#breadcrumb\",\"itemListElement\":[{\"@type\":\"ListItem\",\"position\":1,\"name\":\"Home\",\"item\":\"https:\/\/evertonfc.cz\/\"},{\"@type\":\"ListItem\",\"position\":2,\"name\":\"News\",\"item\":\"https:\/\/evertonfc.cz\/index.php\/news\/\"},{\"@type\":\"ListItem\",\"position\":3,\"name\":\"Norci vs. D\u00e1nsko W: 1-0\"}]},{\"@type\":\"WebSite\",\"@id\":\"https:\/\/evertonfc.cz\/#website\",\"url\":\"https:\/\/evertonfc.cz\/\",\"name\":\"Official Czech &amp; Slovak Everton Supporters&#039; Club\",\"description\":\"\",\"publisher\":{\"@id\":\"https:\/\/evertonfc.cz\/#organization\"},\"potentialAction\":[{\"@type\":\"SearchAction\",\"target\":{\"@type\":\"EntryPoint\",\"urlTemplate\":\"https:\/\/evertonfc.cz\/?s={search_term_string}\"},\"query-input\":{\"@type\":\"PropertyValueSpecification\",\"valueRequired\":true,\"valueName\":\"search_term_string\"}}],\"inLanguage\":\"cs\"},{\"@type\":\"Organization\",\"@id\":\"https:\/\/evertonfc.cz\/#organization\",\"name\":\"Official Czech & Slovak Everton Supporters' Club\",\"url\":\"https:\/\/evertonfc.cz\/\",\"logo\":{\"@type\":\"ImageObject\",\"inLanguage\":\"cs\",\"@id\":\"https:\/\/evertonfc.cz\/#\/schema\/logo\/image\/\",\"url\":\"https:\/\/evertonfc.cz\/wp-content\/uploads\/2019\/05\/logo.png\",\"contentUrl\":\"https:\/\/evertonfc.cz\/wp-content\/uploads\/2019\/05\/logo.png\",\"width\":112,\"height\":112,\"caption\":\"Official Czech & Slovak Everton Supporters' Club\"},\"image\":{\"@id\":\"https:\/\/evertonfc.cz\/#\/schema\/logo\/image\/\"},\"sameAs\":[\"https:\/\/www.facebook.com\/everton.fans.cz.sk\"]}]}<\/script>\n<!-- \/ Yoast SEO plugin. -->","yoast_head_json":{"title":"Norci vs. D\u00e1nsko W: 1-0 - Official Czech &amp; Slovak Everton Supporters&#039; Club","robots":{"index":"index","follow":"follow","max-snippet":"max-snippet:-1","max-image-preview":"max-image-preview:large","max-video-preview":"max-video-preview:-1"},"canonical":"https:\/\/evertonfc.cz\/index.php\/news\/norsko-vs-dansko-w-1-0\/","og_locale":"cs_CZ","og_type":"article","og_title":"Norci vs. D\u00e1nsko W: 1-0 - Official Czech &amp; Slovak Everton Supporters&#039; Club","og_description":"D\u00e1nsk\u00e1 \u017eensk\u00e1 reprezentace hraje 1.12.2020 kvalifika\u010dn\u00ed utk\u00e1n\u00ed s It\u00e1li\u00ed v d\u00e1nsk\u00e9m Viborgu. Za norm\u00e1ln\u00edch okolnost\u00ed by k z\u00e1pasu za D\u00e1nsko&hellip;","og_url":"https:\/\/evertonfc.cz\/index.php\/news\/norsko-vs-dansko-w-1-0\/","og_site_name":"Official Czech &amp; Slovak Everton Supporters&#039; Club","article_publisher":"https:\/\/www.facebook.com\/everton.fans.cz.sk","article_modified_time":"2020-12-01T16:43:27+00:00","twitter_card":"summary_large_image","twitter_misc":{"Odhadovan\u00e1 doba \u010dten\u00ed":"1 minuta"},"schema":{"@context":"https:\/\/schema.org","@graph":[{"@type":"WebPage","@id":"https:\/\/evertonfc.cz\/index.php\/news\/norsko-vs-dansko-w-1-0\/","url":"https:\/\/evertonfc.cz\/index.php\/news\/norsko-vs-dansko-w-1-0\/","name":"Norci vs. D\u00e1nsko W: 1-0 - Official Czech &amp; Slovak Everton Supporters&#039; Club","isPartOf":{"@id":"https:\/\/evertonfc.cz\/#website"},"datePublished":"2020-11-24T20:31:00+00:00","dateModified":"2020-12-01T16:43:27+00:00","breadcrumb":{"@id":"https:\/\/evertonfc.cz\/index.php\/news\/norsko-vs-dansko-w-1-0\/#breadcrumb"},"inLanguage":"cs","potentialAction":[{"@type":"ReadAction","target":["https:\/\/evertonfc.cz\/index.php\/news\/norsko-vs-dansko-w-1-0\/"]}]},{"@type":"BreadcrumbList","@id":"https:\/\/evertonfc.cz\/index.php\/news\/norsko-vs-dansko-w-1-0\/#breadcrumb","itemListElement":[{"@type":"ListItem","position":1,"name":"Home","item":"https:\/\/evertonfc.cz\/"},{"@type":"ListItem","position":2,"name":"News","item":"https:\/\/evertonfc.cz\/index.php\/news\/"},{"@type":"ListItem","position":3,"name":"Norci vs. D\u00e1nsko W: 1-0"}]},{"@type":"WebSite","@id":"https:\/\/evertonfc.cz\/#website","url":"https:\/\/evertonfc.cz\/","name":"Official Czech &amp; Slovak Everton Supporters&#039; Club","description":"","publisher":{"@id":"https:\/\/evertonfc.cz\/#organization"},"potentialAction":[{"@type":"SearchAction","target":{"@type":"EntryPoint","urlTemplate":"https:\/\/evertonfc.cz\/?s={search_term_string}"},"query-input":{"@type":"PropertyValueSpecification","valueRequired":true,"valueName":"search_term_string"}}],"inLanguage":"cs"},{"@type":"Organization","@id":"https:\/\/evertonfc.cz\/#organization","name":"Official Czech & Slovak Everton Supporters' Club","url":"https:\/\/evertonfc.cz\/","logo":{"@type":"ImageObject","inLanguage":"cs","@id":"https:\/\/evertonfc.cz\/#\/schema\/logo\/image\/","url":"https:\/\/evertonfc.cz\/wp-content\/uploads\/2019\/05\/logo.png","contentUrl":"https:\/\/evertonfc.cz\/wp-content\/uploads\/2019\/05\/logo.png","width":112,"height":112,"caption":"Official Czech & Slovak Everton Supporters' Club"},"image":{"@id":"https:\/\/evertonfc.cz\/#\/schema\/logo\/image\/"},"sameAs":["https:\/\/www.facebook.com\/everton.fans.cz.sk"]}]}},"_links":{"self":[{"href":"https:\/\/evertonfc.cz\/index.php\/wp-json\/wp\/v2\/news\/13025"}],"collection":[{"href":"https:\/\/evertonfc.cz\/index.php\/wp-json\/wp\/v2\/news"}],"about":[{"href":"https:\/\/evertonfc.cz\/index.php\/wp-json\/wp\/v2\/types\/news"}],"author":[{"embeddable":true,"href":"https:\/\/evertonfc.cz\/index.php\/wp-json\/wp\/v2\/users\/26"}],"replies":[{"embeddable":true,"href":"https:\/\/evertonfc.cz\/index.php\/wp-json\/wp\/v2\/comments?post=13025"}],"version-history":[{"count":0,"href":"https:\/\/evertonfc.cz\/index.php\/wp-json\/wp\/v2\/news\/13025\/revisions"}],"wp:attachment":[{"href":"https:\/\/evertonfc.cz\/index.php\/wp-json\/wp\/v2\/media?parent=13025"}],"wp:term":[{"taxonomy":"post_tag","embeddable":true,"href":"https:\/\/evertonfc.cz\/index.php\/wp-json\/wp\/v2\/tags?post=13025"},{"taxonomy":"news-category","embeddable":true,"href":"https:\/\/evertonfc.cz\/index.php\/wp-json\/wp\/v2\/news-category?post=13025"}],"curies":[{"name":"wp","href":"https:\/\/api.w.org\/{rel}","templated":true}]}}