{"id":13145,"date":"2020-12-13T00:08:44","date_gmt":"2020-12-12T23:08:44","guid":{"rendered":"https:\/\/evertonfc.cz\/?post_type=news&#038;p=13145"},"modified":"2020-12-13T00:08:44","modified_gmt":"2020-12-12T23:08:44","slug":"aj-pre-fanusikov-pickford-stale-jednotka","status":"publish","type":"news","link":"https:\/\/evertonfc.cz\/index.php\/news\/aj-pre-fanusikov-pickford-stale-jednotka\/","title":{"rendered":"Aj pre fan\u00fa\u0161ikov Pickford st\u00e1le jednotka"},"content":{"rendered":"<p>Brank\u00e1rska opora Evertonu, dvadsa\u0165\u0161es\u0165ro\u010dn\u00fd Jordan Pickford, si doposia\u013e v sez\u00f3ne udr\u017eal z trin\u00e1stich z\u00e1pasov vo v\u0161etk\u00fdch s\u00fa\u0165a\u017eiach \u010dist\u00e9 konto len dvakr\u00e1t. A The Toffees v nich inkasovali a\u017e 19 g\u00f3lov. To nie je pr\u00e1ve forma, ktorou by sa reprezentant hrd\u00e9ho Albionu mohol chv\u00e1li\u0165.<\/p>\n<p>Samozrejme, na vine nebol len on. Ned\u00f4sledn\u00e1 obrana a podozriv\u00fd, nezohran\u00fd syst\u00e9m s\u00fa na vine tie\u017e. Len\u017ee Pickford m\u00e1 dar strh\u00e1va\u0165 pozornos\u0165 len na seba. Mana\u017e\u00e9r Carlo Ancelotti mu u\u017e nieko\u013ekokr\u00e1t prejavil d\u00f4veru aj verejne, a zo z\u00e1pasovej zostavy ho v lige vynechal len raz, pri prehre s Newcastlom.<\/p>\n<p>Posledn\u00e9 tri z\u00e1pasy v\u0161ak ukazuje zlep\u0161enie, v\u00fdborn\u00e9 z\u00e1kroky, a dr\u017e\u00ed t\u00edm v k\u013e\u00fa\u010dov\u00fdch situ\u00e1ciach. Zd\u00e1 sa teda, \u017ee d\u00f4vera sa za\u010d\u00edna vypl\u00e1ca\u0165. My sme sa p\u00fdtali fan\u00fa\u0161ikov na na\u0161ich str\u00e1nkach, ak\u00fd je ich postoj k Jordanovi. A ako z prieskumu vypl\u00fdva, drviv\u00e1 v\u00e4\u010d\u0161ina si Everton bez neho nevie dlhodobo predstavi\u0165.<\/p>\n<p class=\"panel-title\"><span style=\"text-decoration: underline;\">Zasl\u00fa\u017ei si Pickford lavi\u010dku?:<\/span><\/p>\n<ul>\n<li>32 hlasov (64%) &#8211;<strong> Neu\u0161kod\u00ed mu ob\u010das vynecha\u0165 z\u00e1pas. M\u00e1me kvalitn\u00e9 n\u00e1hrady.<\/strong><\/li>\n<li>20 hlasov (10%) &#8211; <strong>Ur\u010dite. Je nespo\u013eahliv\u00fd a svoj\u00edm spr\u00e1van\u00edm ohrozuje cel\u00fd t\u00edm.<\/strong><\/li>\n<li>8 hlasov (8%) &#8211; <strong>Nie. Aj napriek chyb\u00e1m n\u00e1s st\u00e1le dok\u00e1\u017ee udr\u017ea\u0165 v z\u00e1pase skvel\u00fdmi z\u00e1krokmi.<\/strong><\/li>\n<\/ul>\n","protected":false},"excerpt":{"rendered":"<p>Brank\u00e1rska opora Evertonu, dvadsa\u0165\u0161es\u0165ro\u010dn\u00fd Jordan Pickford, si doposia\u013e v sez\u00f3ne udr\u017eal z trin\u00e1stich z\u00e1pasov vo v\u0161etk\u00fdch s\u00fa\u0165a\u017eiach \u010dist\u00e9 konto len&hellip;<\/p>\n","protected":false},"author":1,"featured_media":0,"comment_status":"open","ping_status":"closed","template":"","tags":[],"news-category":[18],"yoast_head":"<!-- This site is optimized with the Yoast SEO plugin v23.4 - https:\/\/yoast.com\/wordpress\/plugins\/seo\/ -->\n<title>Aj pre fan\u00fa\u0161ikov Pickford st\u00e1le jednotka - Official Czech &amp; Slovak Everton Supporters&#039; Club<\/title>\n<meta name=\"robots\" content=\"index, follow, max-snippet:-1, max-image-preview:large, max-video-preview:-1\" \/>\n<link rel=\"canonical\" href=\"https:\/\/evertonfc.cz\/index.php\/news\/aj-pre-fanusikov-pickford-stale-jednotka\/\" \/>\n<meta property=\"og:locale\" content=\"cs_CZ\" \/>\n<meta property=\"og:type\" content=\"article\" \/>\n<meta property=\"og:title\" content=\"Aj pre fan\u00fa\u0161ikov Pickford st\u00e1le jednotka - Official Czech &amp; Slovak Everton Supporters&#039; Club\" \/>\n<meta property=\"og:description\" content=\"Brank\u00e1rska opora Evertonu, dvadsa\u0165\u0161es\u0165ro\u010dn\u00fd Jordan Pickford, si doposia\u013e v sez\u00f3ne udr\u017eal z trin\u00e1stich z\u00e1pasov vo v\u0161etk\u00fdch s\u00fa\u0165a\u017eiach \u010dist\u00e9 konto len&hellip;\" \/>\n<meta property=\"og:url\" content=\"https:\/\/evertonfc.cz\/index.php\/news\/aj-pre-fanusikov-pickford-stale-jednotka\/\" \/>\n<meta property=\"og:site_name\" content=\"Official Czech &amp; Slovak Everton Supporters&#039; Club\" \/>\n<meta property=\"article:publisher\" content=\"https:\/\/www.facebook.com\/everton.fans.cz.sk\" \/>\n<meta name=\"twitter:card\" content=\"summary_large_image\" \/>\n<meta name=\"twitter:label1\" content=\"Odhadovan\u00e1 doba \u010dten\u00ed\" \/>\n\t<meta name=\"twitter:data1\" content=\"1 minuta\" \/>\n<script type=\"application\/ld+json\" class=\"yoast-schema-graph\">{\"@context\":\"https:\/\/schema.org\",\"@graph\":[{\"@type\":\"WebPage\",\"@id\":\"https:\/\/evertonfc.cz\/index.php\/news\/aj-pre-fanusikov-pickford-stale-jednotka\/\",\"url\":\"https:\/\/evertonfc.cz\/index.php\/news\/aj-pre-fanusikov-pickford-stale-jednotka\/\",\"name\":\"Aj pre fan\u00fa\u0161ikov Pickford st\u00e1le jednotka - Official Czech &amp; Slovak Everton Supporters&#039; Club\",\"isPartOf\":{\"@id\":\"https:\/\/evertonfc.cz\/#website\"},\"datePublished\":\"2020-12-12T23:08:44+00:00\",\"dateModified\":\"2020-12-12T23:08:44+00:00\",\"breadcrumb\":{\"@id\":\"https:\/\/evertonfc.cz\/index.php\/news\/aj-pre-fanusikov-pickford-stale-jednotka\/#breadcrumb\"},\"inLanguage\":\"cs\",\"potentialAction\":[{\"@type\":\"ReadAction\",\"target\":[\"https:\/\/evertonfc.cz\/index.php\/news\/aj-pre-fanusikov-pickford-stale-jednotka\/\"]}]},{\"@type\":\"BreadcrumbList\",\"@id\":\"https:\/\/evertonfc.cz\/index.php\/news\/aj-pre-fanusikov-pickford-stale-jednotka\/#breadcrumb\",\"itemListElement\":[{\"@type\":\"ListItem\",\"position\":1,\"name\":\"Home\",\"item\":\"https:\/\/evertonfc.cz\/\"},{\"@type\":\"ListItem\",\"position\":2,\"name\":\"News\",\"item\":\"https:\/\/evertonfc.cz\/index.php\/news\/\"},{\"@type\":\"ListItem\",\"position\":3,\"name\":\"Aj pre fan\u00fa\u0161ikov Pickford st\u00e1le jednotka\"}]},{\"@type\":\"WebSite\",\"@id\":\"https:\/\/evertonfc.cz\/#website\",\"url\":\"https:\/\/evertonfc.cz\/\",\"name\":\"Official Czech &amp; Slovak Everton Supporters&#039; Club\",\"description\":\"\",\"publisher\":{\"@id\":\"https:\/\/evertonfc.cz\/#organization\"},\"potentialAction\":[{\"@type\":\"SearchAction\",\"target\":{\"@type\":\"EntryPoint\",\"urlTemplate\":\"https:\/\/evertonfc.cz\/?s={search_term_string}\"},\"query-input\":{\"@type\":\"PropertyValueSpecification\",\"valueRequired\":true,\"valueName\":\"search_term_string\"}}],\"inLanguage\":\"cs\"},{\"@type\":\"Organization\",\"@id\":\"https:\/\/evertonfc.cz\/#organization\",\"name\":\"Official Czech & Slovak Everton Supporters' Club\",\"url\":\"https:\/\/evertonfc.cz\/\",\"logo\":{\"@type\":\"ImageObject\",\"inLanguage\":\"cs\",\"@id\":\"https:\/\/evertonfc.cz\/#\/schema\/logo\/image\/\",\"url\":\"https:\/\/evertonfc.cz\/wp-content\/uploads\/2019\/05\/logo.png\",\"contentUrl\":\"https:\/\/evertonfc.cz\/wp-content\/uploads\/2019\/05\/logo.png\",\"width\":112,\"height\":112,\"caption\":\"Official Czech & Slovak Everton Supporters' Club\"},\"image\":{\"@id\":\"https:\/\/evertonfc.cz\/#\/schema\/logo\/image\/\"},\"sameAs\":[\"https:\/\/www.facebook.com\/everton.fans.cz.sk\"]}]}<\/script>\n<!-- \/ Yoast SEO plugin. -->","yoast_head_json":{"title":"Aj pre fan\u00fa\u0161ikov Pickford st\u00e1le jednotka - Official Czech &amp; Slovak Everton Supporters&#039; Club","robots":{"index":"index","follow":"follow","max-snippet":"max-snippet:-1","max-image-preview":"max-image-preview:large","max-video-preview":"max-video-preview:-1"},"canonical":"https:\/\/evertonfc.cz\/index.php\/news\/aj-pre-fanusikov-pickford-stale-jednotka\/","og_locale":"cs_CZ","og_type":"article","og_title":"Aj pre fan\u00fa\u0161ikov Pickford st\u00e1le jednotka - Official Czech &amp; Slovak Everton Supporters&#039; Club","og_description":"Brank\u00e1rska opora Evertonu, dvadsa\u0165\u0161es\u0165ro\u010dn\u00fd Jordan Pickford, si doposia\u013e v sez\u00f3ne udr\u017eal z trin\u00e1stich z\u00e1pasov vo v\u0161etk\u00fdch s\u00fa\u0165a\u017eiach \u010dist\u00e9 konto len&hellip;","og_url":"https:\/\/evertonfc.cz\/index.php\/news\/aj-pre-fanusikov-pickford-stale-jednotka\/","og_site_name":"Official Czech &amp; Slovak Everton Supporters&#039; Club","article_publisher":"https:\/\/www.facebook.com\/everton.fans.cz.sk","twitter_card":"summary_large_image","twitter_misc":{"Odhadovan\u00e1 doba \u010dten\u00ed":"1 minuta"},"schema":{"@context":"https:\/\/schema.org","@graph":[{"@type":"WebPage","@id":"https:\/\/evertonfc.cz\/index.php\/news\/aj-pre-fanusikov-pickford-stale-jednotka\/","url":"https:\/\/evertonfc.cz\/index.php\/news\/aj-pre-fanusikov-pickford-stale-jednotka\/","name":"Aj pre fan\u00fa\u0161ikov Pickford st\u00e1le jednotka - Official Czech &amp; Slovak Everton Supporters&#039; Club","isPartOf":{"@id":"https:\/\/evertonfc.cz\/#website"},"datePublished":"2020-12-12T23:08:44+00:00","dateModified":"2020-12-12T23:08:44+00:00","breadcrumb":{"@id":"https:\/\/evertonfc.cz\/index.php\/news\/aj-pre-fanusikov-pickford-stale-jednotka\/#breadcrumb"},"inLanguage":"cs","potentialAction":[{"@type":"ReadAction","target":["https:\/\/evertonfc.cz\/index.php\/news\/aj-pre-fanusikov-pickford-stale-jednotka\/"]}]},{"@type":"BreadcrumbList","@id":"https:\/\/evertonfc.cz\/index.php\/news\/aj-pre-fanusikov-pickford-stale-jednotka\/#breadcrumb","itemListElement":[{"@type":"ListItem","position":1,"name":"Home","item":"https:\/\/evertonfc.cz\/"},{"@type":"ListItem","position":2,"name":"News","item":"https:\/\/evertonfc.cz\/index.php\/news\/"},{"@type":"ListItem","position":3,"name":"Aj pre fan\u00fa\u0161ikov Pickford st\u00e1le jednotka"}]},{"@type":"WebSite","@id":"https:\/\/evertonfc.cz\/#website","url":"https:\/\/evertonfc.cz\/","name":"Official Czech &amp; Slovak Everton Supporters&#039; Club","description":"","publisher":{"@id":"https:\/\/evertonfc.cz\/#organization"},"potentialAction":[{"@type":"SearchAction","target":{"@type":"EntryPoint","urlTemplate":"https:\/\/evertonfc.cz\/?s={search_term_string}"},"query-input":{"@type":"PropertyValueSpecification","valueRequired":true,"valueName":"search_term_string"}}],"inLanguage":"cs"},{"@type":"Organization","@id":"https:\/\/evertonfc.cz\/#organization","name":"Official Czech & Slovak Everton Supporters' Club","url":"https:\/\/evertonfc.cz\/","logo":{"@type":"ImageObject","inLanguage":"cs","@id":"https:\/\/evertonfc.cz\/#\/schema\/logo\/image\/","url":"https:\/\/evertonfc.cz\/wp-content\/uploads\/2019\/05\/logo.png","contentUrl":"https:\/\/evertonfc.cz\/wp-content\/uploads\/2019\/05\/logo.png","width":112,"height":112,"caption":"Official Czech & Slovak Everton Supporters' Club"},"image":{"@id":"https:\/\/evertonfc.cz\/#\/schema\/logo\/image\/"},"sameAs":["https:\/\/www.facebook.com\/everton.fans.cz.sk"]}]}},"_links":{"self":[{"href":"https:\/\/evertonfc.cz\/index.php\/wp-json\/wp\/v2\/news\/13145"}],"collection":[{"href":"https:\/\/evertonfc.cz\/index.php\/wp-json\/wp\/v2\/news"}],"about":[{"href":"https:\/\/evertonfc.cz\/index.php\/wp-json\/wp\/v2\/types\/news"}],"author":[{"embeddable":true,"href":"https:\/\/evertonfc.cz\/index.php\/wp-json\/wp\/v2\/users\/1"}],"replies":[{"embeddable":true,"href":"https:\/\/evertonfc.cz\/index.php\/wp-json\/wp\/v2\/comments?post=13145"}],"version-history":[{"count":0,"href":"https:\/\/evertonfc.cz\/index.php\/wp-json\/wp\/v2\/news\/13145\/revisions"}],"wp:attachment":[{"href":"https:\/\/evertonfc.cz\/index.php\/wp-json\/wp\/v2\/media?parent=13145"}],"wp:term":[{"taxonomy":"post_tag","embeddable":true,"href":"https:\/\/evertonfc.cz\/index.php\/wp-json\/wp\/v2\/tags?post=13145"},{"taxonomy":"news-category","embeddable":true,"href":"https:\/\/evertonfc.cz\/index.php\/wp-json\/wp\/v2\/news-category?post=13145"}],"curies":[{"name":"wp","href":"https:\/\/api.w.org\/{rel}","templated":true}]}}