{"id":13154,"date":"2020-12-13T14:38:53","date_gmt":"2020-12-13T13:38:53","guid":{"rendered":"https:\/\/evertonfc.cz\/?post_type=news&#038;p=13154"},"modified":"2020-12-13T14:38:53","modified_gmt":"2020-12-13T13:38:53","slug":"birmingham-city-w-everton-w-odlozeno","status":"publish","type":"news","link":"https:\/\/evertonfc.cz\/index.php\/news\/birmingham-city-w-everton-w-odlozeno\/","title":{"rendered":"Birmingham City W &#8211; Everton W odlo\u017eeno"},"content":{"rendered":"<p>Kv\u016fli podm\u00e1\u010den\u00e9mu a t\u00edm p\u00e1dem nehrateln\u00e9mu h\u0159i\u0161ti byl odlo\u017een dne\u0161n\u00ed z\u00e1pas mezi \u017eensk\u00fdmi t\u00fdmy Birmingham City a Evertonu. Pro Everton je tak nejbli\u017e\u0161\u00edm z\u00e1pasem kl\u00ed\u010dov\u00fd st\u0159ede\u010dn\u00ed ma\u010d skupinov\u00e9 f\u00e1ze Conti Cup s Manchesterem United (v\u00fdkop ve 20:00 st\u0159edoevropsk\u00e9ho \u010dasu na Walton Hall Park).<\/p>\n","protected":false},"excerpt":{"rendered":"<p>Kv\u016fli podm\u00e1\u010den\u00e9mu a t\u00edm p\u00e1dem nehrateln\u00e9mu h\u0159i\u0161ti byl odlo\u017een dne\u0161n\u00ed z\u00e1pas mezi \u017eensk\u00fdmi t\u00fdmy Birmingham City a Evertonu. Pro Everton&hellip;<\/p>\n","protected":false},"author":26,"featured_media":0,"comment_status":"open","ping_status":"closed","template":"","tags":[],"news-category":[18],"yoast_head":"<!-- This site is optimized with the Yoast SEO plugin v23.4 - https:\/\/yoast.com\/wordpress\/plugins\/seo\/ -->\n<title>Birmingham City W - Everton W odlo\u017eeno - Official Czech &amp; Slovak Everton Supporters&#039; Club<\/title>\n<meta name=\"robots\" content=\"index, follow, max-snippet:-1, max-image-preview:large, max-video-preview:-1\" \/>\n<link rel=\"canonical\" href=\"https:\/\/evertonfc.cz\/index.php\/news\/birmingham-city-w-everton-w-odlozeno\/\" \/>\n<meta property=\"og:locale\" content=\"cs_CZ\" \/>\n<meta property=\"og:type\" content=\"article\" \/>\n<meta property=\"og:title\" content=\"Birmingham City W - Everton W odlo\u017eeno - Official Czech &amp; Slovak Everton Supporters&#039; Club\" \/>\n<meta property=\"og:description\" content=\"Kv\u016fli podm\u00e1\u010den\u00e9mu a t\u00edm p\u00e1dem nehrateln\u00e9mu h\u0159i\u0161ti byl odlo\u017een dne\u0161n\u00ed z\u00e1pas mezi \u017eensk\u00fdmi t\u00fdmy Birmingham City a Evertonu. Pro Everton&hellip;\" \/>\n<meta property=\"og:url\" content=\"https:\/\/evertonfc.cz\/index.php\/news\/birmingham-city-w-everton-w-odlozeno\/\" \/>\n<meta property=\"og:site_name\" content=\"Official Czech &amp; Slovak Everton Supporters&#039; Club\" \/>\n<meta property=\"article:publisher\" content=\"https:\/\/www.facebook.com\/everton.fans.cz.sk\" \/>\n<meta name=\"twitter:card\" content=\"summary_large_image\" \/>\n<script type=\"application\/ld+json\" class=\"yoast-schema-graph\">{\"@context\":\"https:\/\/schema.org\",\"@graph\":[{\"@type\":\"WebPage\",\"@id\":\"https:\/\/evertonfc.cz\/index.php\/news\/birmingham-city-w-everton-w-odlozeno\/\",\"url\":\"https:\/\/evertonfc.cz\/index.php\/news\/birmingham-city-w-everton-w-odlozeno\/\",\"name\":\"Birmingham City W - Everton W odlo\u017eeno - Official Czech &amp; Slovak Everton Supporters&#039; Club\",\"isPartOf\":{\"@id\":\"https:\/\/evertonfc.cz\/#website\"},\"datePublished\":\"2020-12-13T13:38:53+00:00\",\"dateModified\":\"2020-12-13T13:38:53+00:00\",\"breadcrumb\":{\"@id\":\"https:\/\/evertonfc.cz\/index.php\/news\/birmingham-city-w-everton-w-odlozeno\/#breadcrumb\"},\"inLanguage\":\"cs\",\"potentialAction\":[{\"@type\":\"ReadAction\",\"target\":[\"https:\/\/evertonfc.cz\/index.php\/news\/birmingham-city-w-everton-w-odlozeno\/\"]}]},{\"@type\":\"BreadcrumbList\",\"@id\":\"https:\/\/evertonfc.cz\/index.php\/news\/birmingham-city-w-everton-w-odlozeno\/#breadcrumb\",\"itemListElement\":[{\"@type\":\"ListItem\",\"position\":1,\"name\":\"Home\",\"item\":\"https:\/\/evertonfc.cz\/\"},{\"@type\":\"ListItem\",\"position\":2,\"name\":\"News\",\"item\":\"https:\/\/evertonfc.cz\/index.php\/news\/\"},{\"@type\":\"ListItem\",\"position\":3,\"name\":\"Birmingham City W &#8211; Everton W odlo\u017eeno\"}]},{\"@type\":\"WebSite\",\"@id\":\"https:\/\/evertonfc.cz\/#website\",\"url\":\"https:\/\/evertonfc.cz\/\",\"name\":\"Official Czech &amp; Slovak Everton Supporters&#039; Club\",\"description\":\"\",\"publisher\":{\"@id\":\"https:\/\/evertonfc.cz\/#organization\"},\"potentialAction\":[{\"@type\":\"SearchAction\",\"target\":{\"@type\":\"EntryPoint\",\"urlTemplate\":\"https:\/\/evertonfc.cz\/?s={search_term_string}\"},\"query-input\":{\"@type\":\"PropertyValueSpecification\",\"valueRequired\":true,\"valueName\":\"search_term_string\"}}],\"inLanguage\":\"cs\"},{\"@type\":\"Organization\",\"@id\":\"https:\/\/evertonfc.cz\/#organization\",\"name\":\"Official Czech & Slovak Everton Supporters' Club\",\"url\":\"https:\/\/evertonfc.cz\/\",\"logo\":{\"@type\":\"ImageObject\",\"inLanguage\":\"cs\",\"@id\":\"https:\/\/evertonfc.cz\/#\/schema\/logo\/image\/\",\"url\":\"https:\/\/evertonfc.cz\/wp-content\/uploads\/2019\/05\/logo.png\",\"contentUrl\":\"https:\/\/evertonfc.cz\/wp-content\/uploads\/2019\/05\/logo.png\",\"width\":112,\"height\":112,\"caption\":\"Official Czech & Slovak Everton Supporters' Club\"},\"image\":{\"@id\":\"https:\/\/evertonfc.cz\/#\/schema\/logo\/image\/\"},\"sameAs\":[\"https:\/\/www.facebook.com\/everton.fans.cz.sk\"]}]}<\/script>\n<!-- \/ Yoast SEO plugin. -->","yoast_head_json":{"title":"Birmingham City W - Everton W odlo\u017eeno - Official Czech &amp; Slovak Everton Supporters&#039; Club","robots":{"index":"index","follow":"follow","max-snippet":"max-snippet:-1","max-image-preview":"max-image-preview:large","max-video-preview":"max-video-preview:-1"},"canonical":"https:\/\/evertonfc.cz\/index.php\/news\/birmingham-city-w-everton-w-odlozeno\/","og_locale":"cs_CZ","og_type":"article","og_title":"Birmingham City W - Everton W odlo\u017eeno - Official Czech &amp; Slovak Everton Supporters&#039; Club","og_description":"Kv\u016fli podm\u00e1\u010den\u00e9mu a t\u00edm p\u00e1dem nehrateln\u00e9mu h\u0159i\u0161ti byl odlo\u017een dne\u0161n\u00ed z\u00e1pas mezi \u017eensk\u00fdmi t\u00fdmy Birmingham City a Evertonu. Pro Everton&hellip;","og_url":"https:\/\/evertonfc.cz\/index.php\/news\/birmingham-city-w-everton-w-odlozeno\/","og_site_name":"Official Czech &amp; Slovak Everton Supporters&#039; Club","article_publisher":"https:\/\/www.facebook.com\/everton.fans.cz.sk","twitter_card":"summary_large_image","schema":{"@context":"https:\/\/schema.org","@graph":[{"@type":"WebPage","@id":"https:\/\/evertonfc.cz\/index.php\/news\/birmingham-city-w-everton-w-odlozeno\/","url":"https:\/\/evertonfc.cz\/index.php\/news\/birmingham-city-w-everton-w-odlozeno\/","name":"Birmingham City W - Everton W odlo\u017eeno - Official Czech &amp; Slovak Everton Supporters&#039; Club","isPartOf":{"@id":"https:\/\/evertonfc.cz\/#website"},"datePublished":"2020-12-13T13:38:53+00:00","dateModified":"2020-12-13T13:38:53+00:00","breadcrumb":{"@id":"https:\/\/evertonfc.cz\/index.php\/news\/birmingham-city-w-everton-w-odlozeno\/#breadcrumb"},"inLanguage":"cs","potentialAction":[{"@type":"ReadAction","target":["https:\/\/evertonfc.cz\/index.php\/news\/birmingham-city-w-everton-w-odlozeno\/"]}]},{"@type":"BreadcrumbList","@id":"https:\/\/evertonfc.cz\/index.php\/news\/birmingham-city-w-everton-w-odlozeno\/#breadcrumb","itemListElement":[{"@type":"ListItem","position":1,"name":"Home","item":"https:\/\/evertonfc.cz\/"},{"@type":"ListItem","position":2,"name":"News","item":"https:\/\/evertonfc.cz\/index.php\/news\/"},{"@type":"ListItem","position":3,"name":"Birmingham City W &#8211; Everton W odlo\u017eeno"}]},{"@type":"WebSite","@id":"https:\/\/evertonfc.cz\/#website","url":"https:\/\/evertonfc.cz\/","name":"Official Czech &amp; Slovak Everton Supporters&#039; Club","description":"","publisher":{"@id":"https:\/\/evertonfc.cz\/#organization"},"potentialAction":[{"@type":"SearchAction","target":{"@type":"EntryPoint","urlTemplate":"https:\/\/evertonfc.cz\/?s={search_term_string}"},"query-input":{"@type":"PropertyValueSpecification","valueRequired":true,"valueName":"search_term_string"}}],"inLanguage":"cs"},{"@type":"Organization","@id":"https:\/\/evertonfc.cz\/#organization","name":"Official Czech & Slovak Everton Supporters' Club","url":"https:\/\/evertonfc.cz\/","logo":{"@type":"ImageObject","inLanguage":"cs","@id":"https:\/\/evertonfc.cz\/#\/schema\/logo\/image\/","url":"https:\/\/evertonfc.cz\/wp-content\/uploads\/2019\/05\/logo.png","contentUrl":"https:\/\/evertonfc.cz\/wp-content\/uploads\/2019\/05\/logo.png","width":112,"height":112,"caption":"Official Czech & Slovak Everton Supporters' Club"},"image":{"@id":"https:\/\/evertonfc.cz\/#\/schema\/logo\/image\/"},"sameAs":["https:\/\/www.facebook.com\/everton.fans.cz.sk"]}]}},"_links":{"self":[{"href":"https:\/\/evertonfc.cz\/index.php\/wp-json\/wp\/v2\/news\/13154"}],"collection":[{"href":"https:\/\/evertonfc.cz\/index.php\/wp-json\/wp\/v2\/news"}],"about":[{"href":"https:\/\/evertonfc.cz\/index.php\/wp-json\/wp\/v2\/types\/news"}],"author":[{"embeddable":true,"href":"https:\/\/evertonfc.cz\/index.php\/wp-json\/wp\/v2\/users\/26"}],"replies":[{"embeddable":true,"href":"https:\/\/evertonfc.cz\/index.php\/wp-json\/wp\/v2\/comments?post=13154"}],"version-history":[{"count":0,"href":"https:\/\/evertonfc.cz\/index.php\/wp-json\/wp\/v2\/news\/13154\/revisions"}],"wp:attachment":[{"href":"https:\/\/evertonfc.cz\/index.php\/wp-json\/wp\/v2\/media?parent=13154"}],"wp:term":[{"taxonomy":"post_tag","embeddable":true,"href":"https:\/\/evertonfc.cz\/index.php\/wp-json\/wp\/v2\/tags?post=13154"},{"taxonomy":"news-category","embeddable":true,"href":"https:\/\/evertonfc.cz\/index.php\/wp-json\/wp\/v2\/news-category?post=13154"}],"curies":[{"name":"wp","href":"https:\/\/api.w.org\/{rel}","templated":true}]}}