{"id":13385,"date":"2020-12-30T12:23:25","date_gmt":"2020-12-30T11:23:25","guid":{"rendered":"https:\/\/evertonfc.cz\/?post_type=news&#038;p=13385"},"modified":"2020-12-31T08:58:19","modified_gmt":"2020-12-31T07:58:19","slug":"svedske-mistryne-konci","status":"publish","type":"news","link":"https:\/\/evertonfc.cz\/index.php\/news\/svedske-mistryne-konci\/","title":{"rendered":"\u0160v\u00e9dsk\u00e9 mistryn\u011b kon\u010d\u00ed"},"content":{"rendered":"<p><a href=\"https:\/\/www.goteborgfc.se\/nyheter\/kgfc-avbryter-elitsatsningen\/\" target=\"_blank\" rel=\"noopener noreferrer\">Dle ofici\u00e1ln\u00edch klubov\u00fdch str\u00e1nek \u010derstv\u00fdch mistry\u0148 elitn\u00ed \u0161v\u00e9dsk\u00e9 \u017eensk\u00e9 fotbalov\u00e9 ligy Kopparbergs\/G\u00f6teborg FC<\/a> bude tento t\u00fdm od roku 2021 rozpu\u0161t\u011bn. D\u016fvodem je relativn\u00ed nedostatek finan\u010dn\u00edch prost\u0159edk\u016f.\u00a0 To klubu neumo\u017e\u0148uje b\u00fdt konkurenceschopn\u00fdm v mezist\u00e1tn\u00edm m\u011b\u0159\u00edtku.\u00a0 Konkuren\u010dn\u00ed \u017eensk\u00e9 fotbalov\u00e9 t\u00fdmy (PSG, Juventus, Barcelona, MUTD, MC&#8230;) jsou nav\u00e1z\u00e1ny na p\u0159ev\u00e1\u017en\u011b mu\u017esk\u00e9 kluby. Co\u017e znamen\u00e1 v\u011bt\u0161\u00ed popularitu, v\u00edce pen\u011bz, lep\u0161\u00ed z\u00e1zem\u00ed atd.<\/p>\n<p><span class=\"s1\">Kopparbergs\/G\u00f6teborg FC byl zalo\u017een v roce 2003 jako samostatn\u00fd \u017eensk\u00fd fotbalov\u00fd klub, a po celou dobu sv\u00e9 existence tak tak\u00e9 fungoval.\u00a0 V sou\u010dasnosti ji\u017e nen\u00ed tato jeho pozice udr\u017eiteln\u00e1.\u00a0 <\/span>Pro\u010d o t\u00e9to smutn\u00e9 z\u00e1le\u017eitosti p\u00ed\u0161eme na str\u00e1nk\u00e1ch EFC?\u00a0 Mimo jin\u00e9 proto, \u017ee klub p\u0159isl\u00edbil hr\u00e1\u010dk\u00e1m vyhled\u00e1n\u00ed nov\u00e9ho anga\u017em\u00e1.\u00a0 A vzhledem k bl\u00ed\u017e\u00edc\u00edmu se p\u0159estupov\u00e9mu oknu a k p\u0159\u00edtomnosti \u0161v\u00e9dsk\u00fdch reprezentantek v \u0159ad\u00e1ch <span class=\"s1\">Kopparbergs\/G\u00f6teborg FC je to mysl\u00edm pro Everton informace velmi zaj\u00edmav\u00e1&#8230;<\/span><\/p>\n","protected":false},"excerpt":{"rendered":"<p>Dle ofici\u00e1ln\u00edch klubov\u00fdch str\u00e1nek \u010derstv\u00fdch mistry\u0148 elitn\u00ed \u0161v\u00e9dsk\u00e9 \u017eensk\u00e9 fotbalov\u00e9 ligy Kopparbergs\/G\u00f6teborg FC bude tento t\u00fdm od roku 2021 rozpu\u0161t\u011bn.&hellip;<\/p>\n","protected":false},"author":26,"featured_media":0,"comment_status":"open","ping_status":"closed","template":"","tags":[],"news-category":[18],"yoast_head":"<!-- This site is optimized with the Yoast SEO plugin v23.4 - https:\/\/yoast.com\/wordpress\/plugins\/seo\/ -->\n<title>\u0160v\u00e9dsk\u00e9 mistryn\u011b kon\u010d\u00ed - Official Czech &amp; Slovak Everton Supporters&#039; Club<\/title>\n<meta name=\"robots\" content=\"index, follow, max-snippet:-1, max-image-preview:large, max-video-preview:-1\" \/>\n<link rel=\"canonical\" href=\"https:\/\/evertonfc.cz\/index.php\/news\/svedske-mistryne-konci\/\" \/>\n<meta property=\"og:locale\" content=\"cs_CZ\" \/>\n<meta property=\"og:type\" content=\"article\" \/>\n<meta property=\"og:title\" content=\"\u0160v\u00e9dsk\u00e9 mistryn\u011b kon\u010d\u00ed - Official Czech &amp; Slovak Everton Supporters&#039; Club\" \/>\n<meta property=\"og:description\" content=\"Dle ofici\u00e1ln\u00edch klubov\u00fdch str\u00e1nek \u010derstv\u00fdch mistry\u0148 elitn\u00ed \u0161v\u00e9dsk\u00e9 \u017eensk\u00e9 fotbalov\u00e9 ligy Kopparbergs\/G\u00f6teborg FC bude tento t\u00fdm od roku 2021 rozpu\u0161t\u011bn.&hellip;\" \/>\n<meta property=\"og:url\" content=\"https:\/\/evertonfc.cz\/index.php\/news\/svedske-mistryne-konci\/\" \/>\n<meta property=\"og:site_name\" content=\"Official Czech &amp; Slovak Everton Supporters&#039; Club\" \/>\n<meta property=\"article:publisher\" content=\"https:\/\/www.facebook.com\/everton.fans.cz.sk\" \/>\n<meta property=\"article:modified_time\" content=\"2020-12-31T07:58:19+00:00\" \/>\n<meta name=\"twitter:card\" content=\"summary_large_image\" \/>\n<meta name=\"twitter:label1\" content=\"Odhadovan\u00e1 doba \u010dten\u00ed\" \/>\n\t<meta name=\"twitter:data1\" content=\"1 minuta\" \/>\n<script type=\"application\/ld+json\" class=\"yoast-schema-graph\">{\"@context\":\"https:\/\/schema.org\",\"@graph\":[{\"@type\":\"WebPage\",\"@id\":\"https:\/\/evertonfc.cz\/index.php\/news\/svedske-mistryne-konci\/\",\"url\":\"https:\/\/evertonfc.cz\/index.php\/news\/svedske-mistryne-konci\/\",\"name\":\"\u0160v\u00e9dsk\u00e9 mistryn\u011b kon\u010d\u00ed - Official Czech &amp; Slovak Everton Supporters&#039; Club\",\"isPartOf\":{\"@id\":\"https:\/\/evertonfc.cz\/#website\"},\"datePublished\":\"2020-12-30T11:23:25+00:00\",\"dateModified\":\"2020-12-31T07:58:19+00:00\",\"breadcrumb\":{\"@id\":\"https:\/\/evertonfc.cz\/index.php\/news\/svedske-mistryne-konci\/#breadcrumb\"},\"inLanguage\":\"cs\",\"potentialAction\":[{\"@type\":\"ReadAction\",\"target\":[\"https:\/\/evertonfc.cz\/index.php\/news\/svedske-mistryne-konci\/\"]}]},{\"@type\":\"BreadcrumbList\",\"@id\":\"https:\/\/evertonfc.cz\/index.php\/news\/svedske-mistryne-konci\/#breadcrumb\",\"itemListElement\":[{\"@type\":\"ListItem\",\"position\":1,\"name\":\"Home\",\"item\":\"https:\/\/evertonfc.cz\/\"},{\"@type\":\"ListItem\",\"position\":2,\"name\":\"News\",\"item\":\"https:\/\/evertonfc.cz\/index.php\/news\/\"},{\"@type\":\"ListItem\",\"position\":3,\"name\":\"\u0160v\u00e9dsk\u00e9 mistryn\u011b kon\u010d\u00ed\"}]},{\"@type\":\"WebSite\",\"@id\":\"https:\/\/evertonfc.cz\/#website\",\"url\":\"https:\/\/evertonfc.cz\/\",\"name\":\"Official Czech &amp; Slovak Everton Supporters&#039; Club\",\"description\":\"\",\"publisher\":{\"@id\":\"https:\/\/evertonfc.cz\/#organization\"},\"potentialAction\":[{\"@type\":\"SearchAction\",\"target\":{\"@type\":\"EntryPoint\",\"urlTemplate\":\"https:\/\/evertonfc.cz\/?s={search_term_string}\"},\"query-input\":{\"@type\":\"PropertyValueSpecification\",\"valueRequired\":true,\"valueName\":\"search_term_string\"}}],\"inLanguage\":\"cs\"},{\"@type\":\"Organization\",\"@id\":\"https:\/\/evertonfc.cz\/#organization\",\"name\":\"Official Czech & Slovak Everton Supporters' Club\",\"url\":\"https:\/\/evertonfc.cz\/\",\"logo\":{\"@type\":\"ImageObject\",\"inLanguage\":\"cs\",\"@id\":\"https:\/\/evertonfc.cz\/#\/schema\/logo\/image\/\",\"url\":\"https:\/\/evertonfc.cz\/wp-content\/uploads\/2019\/05\/logo.png\",\"contentUrl\":\"https:\/\/evertonfc.cz\/wp-content\/uploads\/2019\/05\/logo.png\",\"width\":112,\"height\":112,\"caption\":\"Official Czech & Slovak Everton Supporters' Club\"},\"image\":{\"@id\":\"https:\/\/evertonfc.cz\/#\/schema\/logo\/image\/\"},\"sameAs\":[\"https:\/\/www.facebook.com\/everton.fans.cz.sk\"]}]}<\/script>\n<!-- \/ Yoast SEO plugin. -->","yoast_head_json":{"title":"\u0160v\u00e9dsk\u00e9 mistryn\u011b kon\u010d\u00ed - Official Czech &amp; Slovak Everton Supporters&#039; Club","robots":{"index":"index","follow":"follow","max-snippet":"max-snippet:-1","max-image-preview":"max-image-preview:large","max-video-preview":"max-video-preview:-1"},"canonical":"https:\/\/evertonfc.cz\/index.php\/news\/svedske-mistryne-konci\/","og_locale":"cs_CZ","og_type":"article","og_title":"\u0160v\u00e9dsk\u00e9 mistryn\u011b kon\u010d\u00ed - Official Czech &amp; Slovak Everton Supporters&#039; Club","og_description":"Dle ofici\u00e1ln\u00edch klubov\u00fdch str\u00e1nek \u010derstv\u00fdch mistry\u0148 elitn\u00ed \u0161v\u00e9dsk\u00e9 \u017eensk\u00e9 fotbalov\u00e9 ligy Kopparbergs\/G\u00f6teborg FC bude tento t\u00fdm od roku 2021 rozpu\u0161t\u011bn.&hellip;","og_url":"https:\/\/evertonfc.cz\/index.php\/news\/svedske-mistryne-konci\/","og_site_name":"Official Czech &amp; Slovak Everton Supporters&#039; Club","article_publisher":"https:\/\/www.facebook.com\/everton.fans.cz.sk","article_modified_time":"2020-12-31T07:58:19+00:00","twitter_card":"summary_large_image","twitter_misc":{"Odhadovan\u00e1 doba \u010dten\u00ed":"1 minuta"},"schema":{"@context":"https:\/\/schema.org","@graph":[{"@type":"WebPage","@id":"https:\/\/evertonfc.cz\/index.php\/news\/svedske-mistryne-konci\/","url":"https:\/\/evertonfc.cz\/index.php\/news\/svedske-mistryne-konci\/","name":"\u0160v\u00e9dsk\u00e9 mistryn\u011b kon\u010d\u00ed - Official Czech &amp; Slovak Everton Supporters&#039; Club","isPartOf":{"@id":"https:\/\/evertonfc.cz\/#website"},"datePublished":"2020-12-30T11:23:25+00:00","dateModified":"2020-12-31T07:58:19+00:00","breadcrumb":{"@id":"https:\/\/evertonfc.cz\/index.php\/news\/svedske-mistryne-konci\/#breadcrumb"},"inLanguage":"cs","potentialAction":[{"@type":"ReadAction","target":["https:\/\/evertonfc.cz\/index.php\/news\/svedske-mistryne-konci\/"]}]},{"@type":"BreadcrumbList","@id":"https:\/\/evertonfc.cz\/index.php\/news\/svedske-mistryne-konci\/#breadcrumb","itemListElement":[{"@type":"ListItem","position":1,"name":"Home","item":"https:\/\/evertonfc.cz\/"},{"@type":"ListItem","position":2,"name":"News","item":"https:\/\/evertonfc.cz\/index.php\/news\/"},{"@type":"ListItem","position":3,"name":"\u0160v\u00e9dsk\u00e9 mistryn\u011b kon\u010d\u00ed"}]},{"@type":"WebSite","@id":"https:\/\/evertonfc.cz\/#website","url":"https:\/\/evertonfc.cz\/","name":"Official Czech &amp; Slovak Everton Supporters&#039; Club","description":"","publisher":{"@id":"https:\/\/evertonfc.cz\/#organization"},"potentialAction":[{"@type":"SearchAction","target":{"@type":"EntryPoint","urlTemplate":"https:\/\/evertonfc.cz\/?s={search_term_string}"},"query-input":{"@type":"PropertyValueSpecification","valueRequired":true,"valueName":"search_term_string"}}],"inLanguage":"cs"},{"@type":"Organization","@id":"https:\/\/evertonfc.cz\/#organization","name":"Official Czech & Slovak Everton Supporters' Club","url":"https:\/\/evertonfc.cz\/","logo":{"@type":"ImageObject","inLanguage":"cs","@id":"https:\/\/evertonfc.cz\/#\/schema\/logo\/image\/","url":"https:\/\/evertonfc.cz\/wp-content\/uploads\/2019\/05\/logo.png","contentUrl":"https:\/\/evertonfc.cz\/wp-content\/uploads\/2019\/05\/logo.png","width":112,"height":112,"caption":"Official Czech & Slovak Everton Supporters' Club"},"image":{"@id":"https:\/\/evertonfc.cz\/#\/schema\/logo\/image\/"},"sameAs":["https:\/\/www.facebook.com\/everton.fans.cz.sk"]}]}},"_links":{"self":[{"href":"https:\/\/evertonfc.cz\/index.php\/wp-json\/wp\/v2\/news\/13385"}],"collection":[{"href":"https:\/\/evertonfc.cz\/index.php\/wp-json\/wp\/v2\/news"}],"about":[{"href":"https:\/\/evertonfc.cz\/index.php\/wp-json\/wp\/v2\/types\/news"}],"author":[{"embeddable":true,"href":"https:\/\/evertonfc.cz\/index.php\/wp-json\/wp\/v2\/users\/26"}],"replies":[{"embeddable":true,"href":"https:\/\/evertonfc.cz\/index.php\/wp-json\/wp\/v2\/comments?post=13385"}],"version-history":[{"count":1,"href":"https:\/\/evertonfc.cz\/index.php\/wp-json\/wp\/v2\/news\/13385\/revisions"}],"predecessor-version":[{"id":13387,"href":"https:\/\/evertonfc.cz\/index.php\/wp-json\/wp\/v2\/news\/13385\/revisions\/13387"}],"wp:attachment":[{"href":"https:\/\/evertonfc.cz\/index.php\/wp-json\/wp\/v2\/media?parent=13385"}],"wp:term":[{"taxonomy":"post_tag","embeddable":true,"href":"https:\/\/evertonfc.cz\/index.php\/wp-json\/wp\/v2\/tags?post=13385"},{"taxonomy":"news-category","embeddable":true,"href":"https:\/\/evertonfc.cz\/index.php\/wp-json\/wp\/v2\/news-category?post=13385"}],"curies":[{"name":"wp","href":"https:\/\/api.w.org\/{rel}","templated":true}]}}