{"id":13498,"date":"2021-01-09T11:03:01","date_gmt":"2021-01-09T10:03:01","guid":{"rendered":"https:\/\/evertonfc.cz\/?post_type=news&#038;p=13498"},"modified":"2021-01-09T19:33:40","modified_gmt":"2021-01-09T18:33:40","slug":"everton-w-mutd-w-odlozeno","status":"publish","type":"news","link":"https:\/\/evertonfc.cz\/index.php\/news\/everton-w-mutd-w-odlozeno\/","title":{"rendered":"Everton W &#8211; MUTD W odlo\u017eeno"},"content":{"rendered":"<p>Podle sd\u011blen\u00ed klubu se z\u00edt\u0159ej\u0161\u00ed z\u00e1pas \u017eensk\u00fdch t\u00fdm\u016f Evertonu a MUTD odkl\u00e1d\u00e1 &#8222;pro nov\u00e9 p\u0159\u00edpady covid pozitivity a zran\u011bn\u00ed.&#8220; Od\u016fvodn\u011bn\u00ed je trochu z\u00e1hadn\u00e9, pokus\u00edm se zjistit podrobn\u011bj\u0161\u00ed informace.<\/p>\n<p style=\"text-align: center;\"><strong>Aktualizov\u00e1no (9.1.14:00):<\/strong><\/p>\n<p>Mezi sv\u00e1tky onemocn\u011blo p\u011bt hr\u00e1\u010dek Evertonu covid 19. Nyn\u00ed jsou ji\u017e zp\u011bt v tr\u00e9ninku, ale nejsou zdravotn\u011b zp\u016fsobil\u00e9 nastoupit k z\u00e1pasu. Ke t\u0159em dlouhodob\u011b zran\u011bn\u00fdm (Sevecke, Gauvin, Emslie) se p\u0159idala \u010dtvrt\u00e1 nejmenovan\u00e1, kter\u00e9 byla dnes diagnostikov\u00e1na \u00fanavov\u00e1 zlomenina. Evertonu tak zb\u00fdv\u00e1 13 \u017een schopn\u00fdch nastoupit. Manchester United nem\u00e1 covid pozitivn\u00ed hr\u00e1\u010dky. P\u0159esto se mana\u017eerka United Casey Stoney omluvila za povolen\u00ed, kter\u00e9 dala sv\u00fdm hr\u00e1\u010dk\u00e1m k n\u00e1v\u0161t\u011bv\u011b Dubaje v mezisv\u00e1te\u010dn\u00ed dob\u011b. Tento v\u00fdlet (leg\u00e1ln\u00ed, ale nedoporu\u010dovan\u00fd vl\u00e1dou a neschv\u00e1len\u00fd veden\u00edm Arsenalu a Citizens), kter\u00e9ho s krom\u011b hr\u00e1\u010dky MUTD \u00fa\u010dastnily i \u017eeny z Arsenalu a Manchester City skon\u010dil covid pozitivitou 4 hr\u00e1\u010dek Citizens a 1 hr\u00e1\u010dky Gunners. Ru\u0161\u00ed se tak v\u00edkendov\u00e9 z\u00e1pasy Citizens proti West Hamu a Aston Villy proti Arsenalu. Jako\u017e i st\u0159ede\u010dn\u00ed \u010dtvrtfin\u00e1le Conti Cupu mezi Citizens a Chelsea.<\/p>\n","protected":false},"excerpt":{"rendered":"<p>Podle sd\u011blen\u00ed klubu se z\u00edt\u0159ej\u0161\u00ed z\u00e1pas \u017eensk\u00fdch t\u00fdm\u016f Evertonu a MUTD odkl\u00e1d\u00e1 &#8222;pro nov\u00e9 p\u0159\u00edpady covid pozitivity a zran\u011bn\u00ed.&#8220; Od\u016fvodn\u011bn\u00ed&hellip;<\/p>\n","protected":false},"author":26,"featured_media":0,"comment_status":"open","ping_status":"closed","template":"","tags":[],"news-category":[18],"yoast_head":"<!-- This site is optimized with the Yoast SEO plugin v23.4 - https:\/\/yoast.com\/wordpress\/plugins\/seo\/ -->\n<title>Everton W - MUTD W odlo\u017eeno - Official Czech &amp; Slovak Everton Supporters&#039; Club<\/title>\n<meta name=\"robots\" content=\"index, follow, max-snippet:-1, max-image-preview:large, max-video-preview:-1\" \/>\n<link rel=\"canonical\" href=\"https:\/\/evertonfc.cz\/index.php\/news\/everton-w-mutd-w-odlozeno\/\" \/>\n<meta property=\"og:locale\" content=\"cs_CZ\" \/>\n<meta property=\"og:type\" content=\"article\" \/>\n<meta property=\"og:title\" content=\"Everton W - MUTD W odlo\u017eeno - Official Czech &amp; Slovak Everton Supporters&#039; Club\" \/>\n<meta property=\"og:description\" content=\"Podle sd\u011blen\u00ed klubu se z\u00edt\u0159ej\u0161\u00ed z\u00e1pas \u017eensk\u00fdch t\u00fdm\u016f Evertonu a MUTD odkl\u00e1d\u00e1 &#8222;pro nov\u00e9 p\u0159\u00edpady covid pozitivity a zran\u011bn\u00ed.&#8220; Od\u016fvodn\u011bn\u00ed&hellip;\" \/>\n<meta property=\"og:url\" content=\"https:\/\/evertonfc.cz\/index.php\/news\/everton-w-mutd-w-odlozeno\/\" \/>\n<meta property=\"og:site_name\" content=\"Official Czech &amp; Slovak Everton Supporters&#039; Club\" \/>\n<meta property=\"article:publisher\" content=\"https:\/\/www.facebook.com\/everton.fans.cz.sk\" \/>\n<meta property=\"article:modified_time\" content=\"2021-01-09T18:33:40+00:00\" \/>\n<meta name=\"twitter:card\" content=\"summary_large_image\" \/>\n<meta name=\"twitter:label1\" content=\"Odhadovan\u00e1 doba \u010dten\u00ed\" \/>\n\t<meta name=\"twitter:data1\" content=\"1 minuta\" \/>\n<script type=\"application\/ld+json\" class=\"yoast-schema-graph\">{\"@context\":\"https:\/\/schema.org\",\"@graph\":[{\"@type\":\"WebPage\",\"@id\":\"https:\/\/evertonfc.cz\/index.php\/news\/everton-w-mutd-w-odlozeno\/\",\"url\":\"https:\/\/evertonfc.cz\/index.php\/news\/everton-w-mutd-w-odlozeno\/\",\"name\":\"Everton W - MUTD W odlo\u017eeno - Official Czech &amp; Slovak Everton Supporters&#039; Club\",\"isPartOf\":{\"@id\":\"https:\/\/evertonfc.cz\/#website\"},\"datePublished\":\"2021-01-09T10:03:01+00:00\",\"dateModified\":\"2021-01-09T18:33:40+00:00\",\"breadcrumb\":{\"@id\":\"https:\/\/evertonfc.cz\/index.php\/news\/everton-w-mutd-w-odlozeno\/#breadcrumb\"},\"inLanguage\":\"cs\",\"potentialAction\":[{\"@type\":\"ReadAction\",\"target\":[\"https:\/\/evertonfc.cz\/index.php\/news\/everton-w-mutd-w-odlozeno\/\"]}]},{\"@type\":\"BreadcrumbList\",\"@id\":\"https:\/\/evertonfc.cz\/index.php\/news\/everton-w-mutd-w-odlozeno\/#breadcrumb\",\"itemListElement\":[{\"@type\":\"ListItem\",\"position\":1,\"name\":\"Home\",\"item\":\"https:\/\/evertonfc.cz\/\"},{\"@type\":\"ListItem\",\"position\":2,\"name\":\"News\",\"item\":\"https:\/\/evertonfc.cz\/index.php\/news\/\"},{\"@type\":\"ListItem\",\"position\":3,\"name\":\"Everton W &#8211; MUTD W odlo\u017eeno\"}]},{\"@type\":\"WebSite\",\"@id\":\"https:\/\/evertonfc.cz\/#website\",\"url\":\"https:\/\/evertonfc.cz\/\",\"name\":\"Official Czech &amp; Slovak Everton Supporters&#039; Club\",\"description\":\"\",\"publisher\":{\"@id\":\"https:\/\/evertonfc.cz\/#organization\"},\"potentialAction\":[{\"@type\":\"SearchAction\",\"target\":{\"@type\":\"EntryPoint\",\"urlTemplate\":\"https:\/\/evertonfc.cz\/?s={search_term_string}\"},\"query-input\":{\"@type\":\"PropertyValueSpecification\",\"valueRequired\":true,\"valueName\":\"search_term_string\"}}],\"inLanguage\":\"cs\"},{\"@type\":\"Organization\",\"@id\":\"https:\/\/evertonfc.cz\/#organization\",\"name\":\"Official Czech & Slovak Everton Supporters' Club\",\"url\":\"https:\/\/evertonfc.cz\/\",\"logo\":{\"@type\":\"ImageObject\",\"inLanguage\":\"cs\",\"@id\":\"https:\/\/evertonfc.cz\/#\/schema\/logo\/image\/\",\"url\":\"https:\/\/evertonfc.cz\/wp-content\/uploads\/2019\/05\/logo.png\",\"contentUrl\":\"https:\/\/evertonfc.cz\/wp-content\/uploads\/2019\/05\/logo.png\",\"width\":112,\"height\":112,\"caption\":\"Official Czech & Slovak Everton Supporters' Club\"},\"image\":{\"@id\":\"https:\/\/evertonfc.cz\/#\/schema\/logo\/image\/\"},\"sameAs\":[\"https:\/\/www.facebook.com\/everton.fans.cz.sk\"]}]}<\/script>\n<!-- \/ Yoast SEO plugin. -->","yoast_head_json":{"title":"Everton W - MUTD W odlo\u017eeno - Official Czech &amp; Slovak Everton Supporters&#039; Club","robots":{"index":"index","follow":"follow","max-snippet":"max-snippet:-1","max-image-preview":"max-image-preview:large","max-video-preview":"max-video-preview:-1"},"canonical":"https:\/\/evertonfc.cz\/index.php\/news\/everton-w-mutd-w-odlozeno\/","og_locale":"cs_CZ","og_type":"article","og_title":"Everton W - MUTD W odlo\u017eeno - Official Czech &amp; Slovak Everton Supporters&#039; Club","og_description":"Podle sd\u011blen\u00ed klubu se z\u00edt\u0159ej\u0161\u00ed z\u00e1pas \u017eensk\u00fdch t\u00fdm\u016f Evertonu a MUTD odkl\u00e1d\u00e1 &#8222;pro nov\u00e9 p\u0159\u00edpady covid pozitivity a zran\u011bn\u00ed.&#8220; Od\u016fvodn\u011bn\u00ed&hellip;","og_url":"https:\/\/evertonfc.cz\/index.php\/news\/everton-w-mutd-w-odlozeno\/","og_site_name":"Official Czech &amp; Slovak Everton Supporters&#039; Club","article_publisher":"https:\/\/www.facebook.com\/everton.fans.cz.sk","article_modified_time":"2021-01-09T18:33:40+00:00","twitter_card":"summary_large_image","twitter_misc":{"Odhadovan\u00e1 doba \u010dten\u00ed":"1 minuta"},"schema":{"@context":"https:\/\/schema.org","@graph":[{"@type":"WebPage","@id":"https:\/\/evertonfc.cz\/index.php\/news\/everton-w-mutd-w-odlozeno\/","url":"https:\/\/evertonfc.cz\/index.php\/news\/everton-w-mutd-w-odlozeno\/","name":"Everton W - MUTD W odlo\u017eeno - Official Czech &amp; Slovak Everton Supporters&#039; Club","isPartOf":{"@id":"https:\/\/evertonfc.cz\/#website"},"datePublished":"2021-01-09T10:03:01+00:00","dateModified":"2021-01-09T18:33:40+00:00","breadcrumb":{"@id":"https:\/\/evertonfc.cz\/index.php\/news\/everton-w-mutd-w-odlozeno\/#breadcrumb"},"inLanguage":"cs","potentialAction":[{"@type":"ReadAction","target":["https:\/\/evertonfc.cz\/index.php\/news\/everton-w-mutd-w-odlozeno\/"]}]},{"@type":"BreadcrumbList","@id":"https:\/\/evertonfc.cz\/index.php\/news\/everton-w-mutd-w-odlozeno\/#breadcrumb","itemListElement":[{"@type":"ListItem","position":1,"name":"Home","item":"https:\/\/evertonfc.cz\/"},{"@type":"ListItem","position":2,"name":"News","item":"https:\/\/evertonfc.cz\/index.php\/news\/"},{"@type":"ListItem","position":3,"name":"Everton W &#8211; MUTD W odlo\u017eeno"}]},{"@type":"WebSite","@id":"https:\/\/evertonfc.cz\/#website","url":"https:\/\/evertonfc.cz\/","name":"Official Czech &amp; Slovak Everton Supporters&#039; Club","description":"","publisher":{"@id":"https:\/\/evertonfc.cz\/#organization"},"potentialAction":[{"@type":"SearchAction","target":{"@type":"EntryPoint","urlTemplate":"https:\/\/evertonfc.cz\/?s={search_term_string}"},"query-input":{"@type":"PropertyValueSpecification","valueRequired":true,"valueName":"search_term_string"}}],"inLanguage":"cs"},{"@type":"Organization","@id":"https:\/\/evertonfc.cz\/#organization","name":"Official Czech & Slovak Everton Supporters' Club","url":"https:\/\/evertonfc.cz\/","logo":{"@type":"ImageObject","inLanguage":"cs","@id":"https:\/\/evertonfc.cz\/#\/schema\/logo\/image\/","url":"https:\/\/evertonfc.cz\/wp-content\/uploads\/2019\/05\/logo.png","contentUrl":"https:\/\/evertonfc.cz\/wp-content\/uploads\/2019\/05\/logo.png","width":112,"height":112,"caption":"Official Czech & Slovak Everton Supporters' Club"},"image":{"@id":"https:\/\/evertonfc.cz\/#\/schema\/logo\/image\/"},"sameAs":["https:\/\/www.facebook.com\/everton.fans.cz.sk"]}]}},"_links":{"self":[{"href":"https:\/\/evertonfc.cz\/index.php\/wp-json\/wp\/v2\/news\/13498"}],"collection":[{"href":"https:\/\/evertonfc.cz\/index.php\/wp-json\/wp\/v2\/news"}],"about":[{"href":"https:\/\/evertonfc.cz\/index.php\/wp-json\/wp\/v2\/types\/news"}],"author":[{"embeddable":true,"href":"https:\/\/evertonfc.cz\/index.php\/wp-json\/wp\/v2\/users\/26"}],"replies":[{"embeddable":true,"href":"https:\/\/evertonfc.cz\/index.php\/wp-json\/wp\/v2\/comments?post=13498"}],"version-history":[{"count":1,"href":"https:\/\/evertonfc.cz\/index.php\/wp-json\/wp\/v2\/news\/13498\/revisions"}],"predecessor-version":[{"id":13500,"href":"https:\/\/evertonfc.cz\/index.php\/wp-json\/wp\/v2\/news\/13498\/revisions\/13500"}],"wp:attachment":[{"href":"https:\/\/evertonfc.cz\/index.php\/wp-json\/wp\/v2\/media?parent=13498"}],"wp:term":[{"taxonomy":"post_tag","embeddable":true,"href":"https:\/\/evertonfc.cz\/index.php\/wp-json\/wp\/v2\/tags?post=13498"},{"taxonomy":"news-category","embeddable":true,"href":"https:\/\/evertonfc.cz\/index.php\/wp-json\/wp\/v2\/news-category?post=13498"}],"curies":[{"name":"wp","href":"https:\/\/api.w.org\/{rel}","templated":true}]}}