{"id":13529,"date":"2021-01-12T13:28:34","date_gmt":"2021-01-12T12:28:34","guid":{"rendered":"https:\/\/evertonfc.cz\/?post_type=news&#038;p=13529"},"modified":"2021-01-14T21:26:04","modified_gmt":"2021-01-14T20:26:04","slug":"sheffield-wednesday-v-4-kole","status":"publish","type":"news","link":"https:\/\/evertonfc.cz\/index.php\/news\/sheffield-wednesday-v-4-kole\/","title":{"rendered":"Sheffield Wednesday v 4. kole &#8211; \u010das za\u010diatku zn\u00e1my"},"content":{"rendered":"<p>Everton bude hosti\u0165 v Goodison Parku druholigov\u00fd Sheffield Wednesday vo \u0161tvrtom kole FA Cupu. \u017drebovanie \u0161tvrt\u00e9ho a aj piateho kola sa uskuto\u010dnilo v pondelok ve\u010der, aby sa u\u013eah\u010dilo pl\u00e1novanie rozpisu z\u00e1pasov.<\/p>\n<p>The Owls si zaknihovali svoje \u0161tvrt\u00e9 kolo pri triumfe 2:0 nad t\u00edmom Exeter City z League Two. Stretnutie sa odohr\u00e1 24. janu\u00e1ra 2021 so za\u010diatkom o 21:00. Ak The Toffees post\u00fapia, bud\u00fa v stredu 10. febru\u00e1ra \u010deli\u0165 v\u00ed\u0165azovi duelu medzi Wycombe Wanderers a Tottenham Hotspur. A to op\u00e4\u0165 na dom\u00e1com \u0161tadi\u00f3ne.<\/p>\n<p>So Sheffieldom Wednesday sme sa stretli e\u0161te v minulej sez\u00f3ne, ke\u010f dva g\u00f3ly z rod\u00e1ka zo Sheffieldu, Dominica Calverta-Lewina, zabezpe\u010dili <a href=\"https:\/\/evertonfc.cz\/index.php\/2019\/09\/24\/sheffield-wednesday-everton-02\/\">v\u00fdhru 2:0 v z\u00e1pase tretieho kola Ligov\u00e9ho poh\u00e1ra<\/a> na Hillsborough Stadium.<\/p>\n","protected":false},"excerpt":{"rendered":"<p>Everton bude hosti\u0165 v Goodison Parku druholigov\u00fd Sheffield Wednesday vo \u0161tvrtom kole FA Cupu. \u017drebovanie \u0161tvrt\u00e9ho a aj piateho kola&hellip;<\/p>\n","protected":false},"author":1,"featured_media":0,"comment_status":"open","ping_status":"closed","template":"","tags":[],"news-category":[18],"yoast_head":"<!-- This site is optimized with the Yoast SEO plugin v23.4 - https:\/\/yoast.com\/wordpress\/plugins\/seo\/ -->\n<title>Sheffield Wednesday v 4. kole - \u010das za\u010diatku zn\u00e1my - Official Czech &amp; Slovak Everton Supporters&#039; Club<\/title>\n<meta name=\"robots\" content=\"index, follow, max-snippet:-1, max-image-preview:large, max-video-preview:-1\" \/>\n<link rel=\"canonical\" href=\"https:\/\/evertonfc.cz\/index.php\/news\/sheffield-wednesday-v-4-kole\/\" \/>\n<meta property=\"og:locale\" content=\"cs_CZ\" \/>\n<meta property=\"og:type\" content=\"article\" \/>\n<meta property=\"og:title\" content=\"Sheffield Wednesday v 4. kole - \u010das za\u010diatku zn\u00e1my - Official Czech &amp; Slovak Everton Supporters&#039; Club\" \/>\n<meta property=\"og:description\" content=\"Everton bude hosti\u0165 v Goodison Parku druholigov\u00fd Sheffield Wednesday vo \u0161tvrtom kole FA Cupu. \u017drebovanie \u0161tvrt\u00e9ho a aj piateho kola&hellip;\" \/>\n<meta property=\"og:url\" content=\"https:\/\/evertonfc.cz\/index.php\/news\/sheffield-wednesday-v-4-kole\/\" \/>\n<meta property=\"og:site_name\" content=\"Official Czech &amp; Slovak Everton Supporters&#039; Club\" \/>\n<meta property=\"article:publisher\" content=\"https:\/\/www.facebook.com\/everton.fans.cz.sk\" \/>\n<meta property=\"article:modified_time\" content=\"2021-01-14T20:26:04+00:00\" \/>\n<meta name=\"twitter:card\" content=\"summary_large_image\" \/>\n<meta name=\"twitter:label1\" content=\"Odhadovan\u00e1 doba \u010dten\u00ed\" \/>\n\t<meta name=\"twitter:data1\" content=\"1 minuta\" \/>\n<script type=\"application\/ld+json\" class=\"yoast-schema-graph\">{\"@context\":\"https:\/\/schema.org\",\"@graph\":[{\"@type\":\"WebPage\",\"@id\":\"https:\/\/evertonfc.cz\/index.php\/news\/sheffield-wednesday-v-4-kole\/\",\"url\":\"https:\/\/evertonfc.cz\/index.php\/news\/sheffield-wednesday-v-4-kole\/\",\"name\":\"Sheffield Wednesday v 4. kole - \u010das za\u010diatku zn\u00e1my - Official Czech &amp; Slovak Everton Supporters&#039; Club\",\"isPartOf\":{\"@id\":\"https:\/\/evertonfc.cz\/#website\"},\"datePublished\":\"2021-01-12T12:28:34+00:00\",\"dateModified\":\"2021-01-14T20:26:04+00:00\",\"breadcrumb\":{\"@id\":\"https:\/\/evertonfc.cz\/index.php\/news\/sheffield-wednesday-v-4-kole\/#breadcrumb\"},\"inLanguage\":\"cs\",\"potentialAction\":[{\"@type\":\"ReadAction\",\"target\":[\"https:\/\/evertonfc.cz\/index.php\/news\/sheffield-wednesday-v-4-kole\/\"]}]},{\"@type\":\"BreadcrumbList\",\"@id\":\"https:\/\/evertonfc.cz\/index.php\/news\/sheffield-wednesday-v-4-kole\/#breadcrumb\",\"itemListElement\":[{\"@type\":\"ListItem\",\"position\":1,\"name\":\"Home\",\"item\":\"https:\/\/evertonfc.cz\/\"},{\"@type\":\"ListItem\",\"position\":2,\"name\":\"News\",\"item\":\"https:\/\/evertonfc.cz\/index.php\/news\/\"},{\"@type\":\"ListItem\",\"position\":3,\"name\":\"Sheffield Wednesday v 4. kole &#8211; \u010das za\u010diatku zn\u00e1my\"}]},{\"@type\":\"WebSite\",\"@id\":\"https:\/\/evertonfc.cz\/#website\",\"url\":\"https:\/\/evertonfc.cz\/\",\"name\":\"Official Czech &amp; Slovak Everton Supporters&#039; Club\",\"description\":\"\",\"publisher\":{\"@id\":\"https:\/\/evertonfc.cz\/#organization\"},\"potentialAction\":[{\"@type\":\"SearchAction\",\"target\":{\"@type\":\"EntryPoint\",\"urlTemplate\":\"https:\/\/evertonfc.cz\/?s={search_term_string}\"},\"query-input\":{\"@type\":\"PropertyValueSpecification\",\"valueRequired\":true,\"valueName\":\"search_term_string\"}}],\"inLanguage\":\"cs\"},{\"@type\":\"Organization\",\"@id\":\"https:\/\/evertonfc.cz\/#organization\",\"name\":\"Official Czech & Slovak Everton Supporters' Club\",\"url\":\"https:\/\/evertonfc.cz\/\",\"logo\":{\"@type\":\"ImageObject\",\"inLanguage\":\"cs\",\"@id\":\"https:\/\/evertonfc.cz\/#\/schema\/logo\/image\/\",\"url\":\"https:\/\/evertonfc.cz\/wp-content\/uploads\/2019\/05\/logo.png\",\"contentUrl\":\"https:\/\/evertonfc.cz\/wp-content\/uploads\/2019\/05\/logo.png\",\"width\":112,\"height\":112,\"caption\":\"Official Czech & Slovak Everton Supporters' Club\"},\"image\":{\"@id\":\"https:\/\/evertonfc.cz\/#\/schema\/logo\/image\/\"},\"sameAs\":[\"https:\/\/www.facebook.com\/everton.fans.cz.sk\"]}]}<\/script>\n<!-- \/ Yoast SEO plugin. -->","yoast_head_json":{"title":"Sheffield Wednesday v 4. kole - \u010das za\u010diatku zn\u00e1my - Official Czech &amp; Slovak Everton Supporters&#039; Club","robots":{"index":"index","follow":"follow","max-snippet":"max-snippet:-1","max-image-preview":"max-image-preview:large","max-video-preview":"max-video-preview:-1"},"canonical":"https:\/\/evertonfc.cz\/index.php\/news\/sheffield-wednesday-v-4-kole\/","og_locale":"cs_CZ","og_type":"article","og_title":"Sheffield Wednesday v 4. kole - \u010das za\u010diatku zn\u00e1my - Official Czech &amp; Slovak Everton Supporters&#039; Club","og_description":"Everton bude hosti\u0165 v Goodison Parku druholigov\u00fd Sheffield Wednesday vo \u0161tvrtom kole FA Cupu. \u017drebovanie \u0161tvrt\u00e9ho a aj piateho kola&hellip;","og_url":"https:\/\/evertonfc.cz\/index.php\/news\/sheffield-wednesday-v-4-kole\/","og_site_name":"Official Czech &amp; Slovak Everton Supporters&#039; Club","article_publisher":"https:\/\/www.facebook.com\/everton.fans.cz.sk","article_modified_time":"2021-01-14T20:26:04+00:00","twitter_card":"summary_large_image","twitter_misc":{"Odhadovan\u00e1 doba \u010dten\u00ed":"1 minuta"},"schema":{"@context":"https:\/\/schema.org","@graph":[{"@type":"WebPage","@id":"https:\/\/evertonfc.cz\/index.php\/news\/sheffield-wednesday-v-4-kole\/","url":"https:\/\/evertonfc.cz\/index.php\/news\/sheffield-wednesday-v-4-kole\/","name":"Sheffield Wednesday v 4. kole - \u010das za\u010diatku zn\u00e1my - Official Czech &amp; Slovak Everton Supporters&#039; Club","isPartOf":{"@id":"https:\/\/evertonfc.cz\/#website"},"datePublished":"2021-01-12T12:28:34+00:00","dateModified":"2021-01-14T20:26:04+00:00","breadcrumb":{"@id":"https:\/\/evertonfc.cz\/index.php\/news\/sheffield-wednesday-v-4-kole\/#breadcrumb"},"inLanguage":"cs","potentialAction":[{"@type":"ReadAction","target":["https:\/\/evertonfc.cz\/index.php\/news\/sheffield-wednesday-v-4-kole\/"]}]},{"@type":"BreadcrumbList","@id":"https:\/\/evertonfc.cz\/index.php\/news\/sheffield-wednesday-v-4-kole\/#breadcrumb","itemListElement":[{"@type":"ListItem","position":1,"name":"Home","item":"https:\/\/evertonfc.cz\/"},{"@type":"ListItem","position":2,"name":"News","item":"https:\/\/evertonfc.cz\/index.php\/news\/"},{"@type":"ListItem","position":3,"name":"Sheffield Wednesday v 4. kole &#8211; \u010das za\u010diatku zn\u00e1my"}]},{"@type":"WebSite","@id":"https:\/\/evertonfc.cz\/#website","url":"https:\/\/evertonfc.cz\/","name":"Official Czech &amp; Slovak Everton Supporters&#039; Club","description":"","publisher":{"@id":"https:\/\/evertonfc.cz\/#organization"},"potentialAction":[{"@type":"SearchAction","target":{"@type":"EntryPoint","urlTemplate":"https:\/\/evertonfc.cz\/?s={search_term_string}"},"query-input":{"@type":"PropertyValueSpecification","valueRequired":true,"valueName":"search_term_string"}}],"inLanguage":"cs"},{"@type":"Organization","@id":"https:\/\/evertonfc.cz\/#organization","name":"Official Czech & Slovak Everton Supporters' Club","url":"https:\/\/evertonfc.cz\/","logo":{"@type":"ImageObject","inLanguage":"cs","@id":"https:\/\/evertonfc.cz\/#\/schema\/logo\/image\/","url":"https:\/\/evertonfc.cz\/wp-content\/uploads\/2019\/05\/logo.png","contentUrl":"https:\/\/evertonfc.cz\/wp-content\/uploads\/2019\/05\/logo.png","width":112,"height":112,"caption":"Official Czech & Slovak Everton Supporters' Club"},"image":{"@id":"https:\/\/evertonfc.cz\/#\/schema\/logo\/image\/"},"sameAs":["https:\/\/www.facebook.com\/everton.fans.cz.sk"]}]}},"_links":{"self":[{"href":"https:\/\/evertonfc.cz\/index.php\/wp-json\/wp\/v2\/news\/13529"}],"collection":[{"href":"https:\/\/evertonfc.cz\/index.php\/wp-json\/wp\/v2\/news"}],"about":[{"href":"https:\/\/evertonfc.cz\/index.php\/wp-json\/wp\/v2\/types\/news"}],"author":[{"embeddable":true,"href":"https:\/\/evertonfc.cz\/index.php\/wp-json\/wp\/v2\/users\/1"}],"replies":[{"embeddable":true,"href":"https:\/\/evertonfc.cz\/index.php\/wp-json\/wp\/v2\/comments?post=13529"}],"version-history":[{"count":1,"href":"https:\/\/evertonfc.cz\/index.php\/wp-json\/wp\/v2\/news\/13529\/revisions"}],"predecessor-version":[{"id":13569,"href":"https:\/\/evertonfc.cz\/index.php\/wp-json\/wp\/v2\/news\/13529\/revisions\/13569"}],"wp:attachment":[{"href":"https:\/\/evertonfc.cz\/index.php\/wp-json\/wp\/v2\/media?parent=13529"}],"wp:term":[{"taxonomy":"post_tag","embeddable":true,"href":"https:\/\/evertonfc.cz\/index.php\/wp-json\/wp\/v2\/tags?post=13529"},{"taxonomy":"news-category","embeddable":true,"href":"https:\/\/evertonfc.cz\/index.php\/wp-json\/wp\/v2\/news-category?post=13529"}],"curies":[{"name":"wp","href":"https:\/\/api.w.org\/{rel}","templated":true}]}}