{"id":13931,"date":"2021-02-04T11:40:57","date_gmt":"2021-02-04T10:40:57","guid":{"rendered":"https:\/\/evertonfc.cz\/?post_type=news&#038;p=13931"},"modified":"2021-02-04T11:40:57","modified_gmt":"2021-02-04T10:40:57","slug":"nepostradatelny-bernard","status":"publish","type":"news","link":"https:\/\/evertonfc.cz\/index.php\/news\/nepostradatelny-bernard\/","title":{"rendered":"(Ne)postr\u00e1date\u013en\u00fd Bernard"},"content":{"rendered":"<p>Janu\u00e1rov\u00e9 prestupov\u00e9 obdobie u\u017e skon\u010dilo a v k\u00e1dri The Toffees nastali zmeny. Tie sa t\u00fdkaj\u00fa najm\u00e4 odchodov z klubu. Drviv\u00e1 v\u00e4\u010d\u0161ina z nich s\u00fa p\u00f4\u017ei\u010dky, len Jonas L\u00f6ssl s klubom rozviazal zmluvu a odi\u0161iel v podstate rovnako ako pri\u0161iel &#8211; zadarmo. Ve\u013ea sa \u0161pekulovalo aj o bud\u00facnosti braz\u00edlskeho kr\u00eddeln\u00edka Bernarda. Jeho ve\u013emi mal\u00e1 minut\u00e1\u017e v lige je d\u00f4vodom na zamyslenie sa pre finan\u010dn\u00e9 zdravie Evertonu a blaho hr\u00e1\u010da. Preto sme sa V\u00e1s v janu\u00e1ri p\u00fdtali, \u010di je pre Karamelky nepostr\u00e1date\u013en\u00fd. Odpove\u010f? Postr\u00e1date\u013en\u00fd je, ale potrebujeme za neho n\u00e1hradu, ako tvrd\u00ed v\u00e4\u010d\u0161ina fan\u00fa\u0161ikov. Do druhej polovice sez\u00f3ny nesmie \u00eds\u0165 klub oslaben\u00fd.<\/p>\n<p class=\"panel-title\"><span style=\"text-decoration: underline;\">Bernard zasiahol doposia\u013e len do 5 z\u00e1pasov PL, zv\u00e1\u017eili by ste jeho janu\u00e1rov\u00fd predaj?<\/span><\/p>\n<ul>\n<li>13 hlasov (37.14%) &#8211;<strong> Mo\u017eno, ale len pri cene aspo\u0148 \u00a310 mili\u00f3nov a novej n\u00e1hrade.<\/strong><\/li>\n<li>13 hlasov (37.14%) &#8211; <strong>\u00c1no. Nehr\u00e1va a m\u00e1 vysok\u00fd plat, ktor\u00fd m\u00f4\u017eeme vyu\u017ei\u0165 na hos\u0165ovania.<\/strong><\/li>\n<li>9 hlasov (25.71%) &#8211; <strong>Nie. Sez\u00f3na je dlh\u00e1 a nahusten\u00e1. Potrebujeme kvalitn\u00fa lavi\u010dku.<\/strong><\/li>\n<\/ul>\n","protected":false},"excerpt":{"rendered":"<p>Janu\u00e1rov\u00e9 prestupov\u00e9 obdobie u\u017e skon\u010dilo a v k\u00e1dri The Toffees nastali zmeny. Tie sa t\u00fdkaj\u00fa najm\u00e4 odchodov z klubu. Drviv\u00e1&hellip;<\/p>\n","protected":false},"author":1,"featured_media":0,"comment_status":"open","ping_status":"closed","template":"","tags":[],"news-category":[18],"yoast_head":"<!-- This site is optimized with the Yoast SEO plugin v23.4 - https:\/\/yoast.com\/wordpress\/plugins\/seo\/ -->\n<title>(Ne)postr\u00e1date\u013en\u00fd Bernard - Official Czech &amp; Slovak Everton Supporters&#039; Club<\/title>\n<meta name=\"robots\" content=\"index, follow, max-snippet:-1, max-image-preview:large, max-video-preview:-1\" \/>\n<link rel=\"canonical\" href=\"https:\/\/evertonfc.cz\/index.php\/news\/nepostradatelny-bernard\/\" \/>\n<meta property=\"og:locale\" content=\"cs_CZ\" \/>\n<meta property=\"og:type\" content=\"article\" \/>\n<meta property=\"og:title\" content=\"(Ne)postr\u00e1date\u013en\u00fd Bernard - Official Czech &amp; Slovak Everton Supporters&#039; Club\" \/>\n<meta property=\"og:description\" content=\"Janu\u00e1rov\u00e9 prestupov\u00e9 obdobie u\u017e skon\u010dilo a v k\u00e1dri The Toffees nastali zmeny. Tie sa t\u00fdkaj\u00fa najm\u00e4 odchodov z klubu. Drviv\u00e1&hellip;\" \/>\n<meta property=\"og:url\" content=\"https:\/\/evertonfc.cz\/index.php\/news\/nepostradatelny-bernard\/\" \/>\n<meta property=\"og:site_name\" content=\"Official Czech &amp; Slovak Everton Supporters&#039; Club\" \/>\n<meta property=\"article:publisher\" content=\"https:\/\/www.facebook.com\/everton.fans.cz.sk\" \/>\n<meta name=\"twitter:card\" content=\"summary_large_image\" \/>\n<meta name=\"twitter:label1\" content=\"Odhadovan\u00e1 doba \u010dten\u00ed\" \/>\n\t<meta name=\"twitter:data1\" content=\"1 minuta\" \/>\n<script type=\"application\/ld+json\" class=\"yoast-schema-graph\">{\"@context\":\"https:\/\/schema.org\",\"@graph\":[{\"@type\":\"WebPage\",\"@id\":\"https:\/\/evertonfc.cz\/index.php\/news\/nepostradatelny-bernard\/\",\"url\":\"https:\/\/evertonfc.cz\/index.php\/news\/nepostradatelny-bernard\/\",\"name\":\"(Ne)postr\u00e1date\u013en\u00fd Bernard - Official Czech &amp; Slovak Everton Supporters&#039; Club\",\"isPartOf\":{\"@id\":\"https:\/\/evertonfc.cz\/#website\"},\"datePublished\":\"2021-02-04T10:40:57+00:00\",\"dateModified\":\"2021-02-04T10:40:57+00:00\",\"breadcrumb\":{\"@id\":\"https:\/\/evertonfc.cz\/index.php\/news\/nepostradatelny-bernard\/#breadcrumb\"},\"inLanguage\":\"cs\",\"potentialAction\":[{\"@type\":\"ReadAction\",\"target\":[\"https:\/\/evertonfc.cz\/index.php\/news\/nepostradatelny-bernard\/\"]}]},{\"@type\":\"BreadcrumbList\",\"@id\":\"https:\/\/evertonfc.cz\/index.php\/news\/nepostradatelny-bernard\/#breadcrumb\",\"itemListElement\":[{\"@type\":\"ListItem\",\"position\":1,\"name\":\"Home\",\"item\":\"https:\/\/evertonfc.cz\/\"},{\"@type\":\"ListItem\",\"position\":2,\"name\":\"News\",\"item\":\"https:\/\/evertonfc.cz\/index.php\/news\/\"},{\"@type\":\"ListItem\",\"position\":3,\"name\":\"(Ne)postr\u00e1date\u013en\u00fd Bernard\"}]},{\"@type\":\"WebSite\",\"@id\":\"https:\/\/evertonfc.cz\/#website\",\"url\":\"https:\/\/evertonfc.cz\/\",\"name\":\"Official Czech &amp; Slovak Everton Supporters&#039; Club\",\"description\":\"\",\"publisher\":{\"@id\":\"https:\/\/evertonfc.cz\/#organization\"},\"potentialAction\":[{\"@type\":\"SearchAction\",\"target\":{\"@type\":\"EntryPoint\",\"urlTemplate\":\"https:\/\/evertonfc.cz\/?s={search_term_string}\"},\"query-input\":{\"@type\":\"PropertyValueSpecification\",\"valueRequired\":true,\"valueName\":\"search_term_string\"}}],\"inLanguage\":\"cs\"},{\"@type\":\"Organization\",\"@id\":\"https:\/\/evertonfc.cz\/#organization\",\"name\":\"Official Czech & Slovak Everton Supporters' Club\",\"url\":\"https:\/\/evertonfc.cz\/\",\"logo\":{\"@type\":\"ImageObject\",\"inLanguage\":\"cs\",\"@id\":\"https:\/\/evertonfc.cz\/#\/schema\/logo\/image\/\",\"url\":\"https:\/\/evertonfc.cz\/wp-content\/uploads\/2019\/05\/logo.png\",\"contentUrl\":\"https:\/\/evertonfc.cz\/wp-content\/uploads\/2019\/05\/logo.png\",\"width\":112,\"height\":112,\"caption\":\"Official Czech & Slovak Everton Supporters' Club\"},\"image\":{\"@id\":\"https:\/\/evertonfc.cz\/#\/schema\/logo\/image\/\"},\"sameAs\":[\"https:\/\/www.facebook.com\/everton.fans.cz.sk\"]}]}<\/script>\n<!-- \/ Yoast SEO plugin. -->","yoast_head_json":{"title":"(Ne)postr\u00e1date\u013en\u00fd Bernard - Official Czech &amp; Slovak Everton Supporters&#039; Club","robots":{"index":"index","follow":"follow","max-snippet":"max-snippet:-1","max-image-preview":"max-image-preview:large","max-video-preview":"max-video-preview:-1"},"canonical":"https:\/\/evertonfc.cz\/index.php\/news\/nepostradatelny-bernard\/","og_locale":"cs_CZ","og_type":"article","og_title":"(Ne)postr\u00e1date\u013en\u00fd Bernard - Official Czech &amp; Slovak Everton Supporters&#039; Club","og_description":"Janu\u00e1rov\u00e9 prestupov\u00e9 obdobie u\u017e skon\u010dilo a v k\u00e1dri The Toffees nastali zmeny. Tie sa t\u00fdkaj\u00fa najm\u00e4 odchodov z klubu. Drviv\u00e1&hellip;","og_url":"https:\/\/evertonfc.cz\/index.php\/news\/nepostradatelny-bernard\/","og_site_name":"Official Czech &amp; Slovak Everton Supporters&#039; Club","article_publisher":"https:\/\/www.facebook.com\/everton.fans.cz.sk","twitter_card":"summary_large_image","twitter_misc":{"Odhadovan\u00e1 doba \u010dten\u00ed":"1 minuta"},"schema":{"@context":"https:\/\/schema.org","@graph":[{"@type":"WebPage","@id":"https:\/\/evertonfc.cz\/index.php\/news\/nepostradatelny-bernard\/","url":"https:\/\/evertonfc.cz\/index.php\/news\/nepostradatelny-bernard\/","name":"(Ne)postr\u00e1date\u013en\u00fd Bernard - Official Czech &amp; Slovak Everton Supporters&#039; Club","isPartOf":{"@id":"https:\/\/evertonfc.cz\/#website"},"datePublished":"2021-02-04T10:40:57+00:00","dateModified":"2021-02-04T10:40:57+00:00","breadcrumb":{"@id":"https:\/\/evertonfc.cz\/index.php\/news\/nepostradatelny-bernard\/#breadcrumb"},"inLanguage":"cs","potentialAction":[{"@type":"ReadAction","target":["https:\/\/evertonfc.cz\/index.php\/news\/nepostradatelny-bernard\/"]}]},{"@type":"BreadcrumbList","@id":"https:\/\/evertonfc.cz\/index.php\/news\/nepostradatelny-bernard\/#breadcrumb","itemListElement":[{"@type":"ListItem","position":1,"name":"Home","item":"https:\/\/evertonfc.cz\/"},{"@type":"ListItem","position":2,"name":"News","item":"https:\/\/evertonfc.cz\/index.php\/news\/"},{"@type":"ListItem","position":3,"name":"(Ne)postr\u00e1date\u013en\u00fd Bernard"}]},{"@type":"WebSite","@id":"https:\/\/evertonfc.cz\/#website","url":"https:\/\/evertonfc.cz\/","name":"Official Czech &amp; Slovak Everton Supporters&#039; Club","description":"","publisher":{"@id":"https:\/\/evertonfc.cz\/#organization"},"potentialAction":[{"@type":"SearchAction","target":{"@type":"EntryPoint","urlTemplate":"https:\/\/evertonfc.cz\/?s={search_term_string}"},"query-input":{"@type":"PropertyValueSpecification","valueRequired":true,"valueName":"search_term_string"}}],"inLanguage":"cs"},{"@type":"Organization","@id":"https:\/\/evertonfc.cz\/#organization","name":"Official Czech & Slovak Everton Supporters' Club","url":"https:\/\/evertonfc.cz\/","logo":{"@type":"ImageObject","inLanguage":"cs","@id":"https:\/\/evertonfc.cz\/#\/schema\/logo\/image\/","url":"https:\/\/evertonfc.cz\/wp-content\/uploads\/2019\/05\/logo.png","contentUrl":"https:\/\/evertonfc.cz\/wp-content\/uploads\/2019\/05\/logo.png","width":112,"height":112,"caption":"Official Czech & Slovak Everton Supporters' Club"},"image":{"@id":"https:\/\/evertonfc.cz\/#\/schema\/logo\/image\/"},"sameAs":["https:\/\/www.facebook.com\/everton.fans.cz.sk"]}]}},"_links":{"self":[{"href":"https:\/\/evertonfc.cz\/index.php\/wp-json\/wp\/v2\/news\/13931"}],"collection":[{"href":"https:\/\/evertonfc.cz\/index.php\/wp-json\/wp\/v2\/news"}],"about":[{"href":"https:\/\/evertonfc.cz\/index.php\/wp-json\/wp\/v2\/types\/news"}],"author":[{"embeddable":true,"href":"https:\/\/evertonfc.cz\/index.php\/wp-json\/wp\/v2\/users\/1"}],"replies":[{"embeddable":true,"href":"https:\/\/evertonfc.cz\/index.php\/wp-json\/wp\/v2\/comments?post=13931"}],"version-history":[{"count":1,"href":"https:\/\/evertonfc.cz\/index.php\/wp-json\/wp\/v2\/news\/13931\/revisions"}],"predecessor-version":[{"id":14921,"href":"https:\/\/evertonfc.cz\/index.php\/wp-json\/wp\/v2\/news\/13931\/revisions\/14921"}],"wp:attachment":[{"href":"https:\/\/evertonfc.cz\/index.php\/wp-json\/wp\/v2\/media?parent=13931"}],"wp:term":[{"taxonomy":"post_tag","embeddable":true,"href":"https:\/\/evertonfc.cz\/index.php\/wp-json\/wp\/v2\/tags?post=13931"},{"taxonomy":"news-category","embeddable":true,"href":"https:\/\/evertonfc.cz\/index.php\/wp-json\/wp\/v2\/news-category?post=13931"}],"curies":[{"name":"wp","href":"https:\/\/api.w.org\/{rel}","templated":true}]}}