{"id":14087,"date":"2021-02-12T09:23:27","date_gmt":"2021-02-12T08:23:27","guid":{"rendered":"https:\/\/evertonfc.cz\/?post_type=news&#038;p=14087"},"modified":"2021-02-16T08:37:58","modified_gmt":"2021-02-16T07:37:58","slug":"stvrtfinale-doma-so-city","status":"publish","type":"news","link":"https:\/\/evertonfc.cz\/index.php\/news\/stvrtfinale-doma-so-city\/","title":{"rendered":"\u0160tvr\u0165fin\u00e1le so City 20. marca"},"content":{"rendered":"<p>Everton si vo \u0161tvr\u0165fin\u00e1le FA Cupu zahr\u00e1 v Goodison Parku s ligov\u00fdm n\u00e1protivkom Manchestrom City. Rozhodol o tom v\u010deraj\u0161\u00ed ve\u010dern\u00fd \u017ereb, v ktorom boli The Toffees vylosovan\u00ed ako prv\u00ed. Stretnutie sa bude hra\u0165 cez v\u00edkend 20. a\u017e 21. marca. To znamen\u00e1, \u017ee ligov\u00fd duel s West Bromwichom Albion, ktor\u00fd sa m\u00e1 hra\u0165 na The Hawthorns, bude odlo\u017een\u00fd na nesk\u00f4r, alebo sa odohr\u00e1 v strede t\u00fd\u017ed\u0148a.<\/p>\n<p>Zvy\u0161n\u00e9 vylosovania vytvorili dvojice v porad\u00ed u\u017e 6. kole s\u00fa\u0165a\u017ee nasledovne:<\/p>\n<ul>\n<li>Bournemouth &#8211; Southampton<\/li>\n<li>Leicester &#8211; Manchester United<\/li>\n<li>Chelsea &#8211; Sheffield United<\/li>\n<\/ul>\n<p>Za\u010diatok z\u00e1pasu Evertonu s l\u00eddrami Premier League Pepa Guardiolu sa stanovil na sobotu 20. marca, s v\u00fdkopom o 18:30. Z\u00e1pas bude vysiela\u0165 britsk\u00e1 BT Sport 1.<\/p>\n","protected":false},"excerpt":{"rendered":"<p>Everton si vo \u0161tvr\u0165fin\u00e1le FA Cupu zahr\u00e1 v Goodison Parku s ligov\u00fdm n\u00e1protivkom Manchestrom City. Rozhodol o tom v\u010deraj\u0161\u00ed ve\u010dern\u00fd&hellip;<\/p>\n","protected":false},"author":1,"featured_media":0,"comment_status":"open","ping_status":"closed","template":"","tags":[],"news-category":[18],"yoast_head":"<!-- This site is optimized with the Yoast SEO plugin v23.4 - https:\/\/yoast.com\/wordpress\/plugins\/seo\/ -->\n<title>\u0160tvr\u0165fin\u00e1le so City 20. marca - Official Czech &amp; Slovak Everton Supporters&#039; Club<\/title>\n<meta name=\"robots\" content=\"index, follow, max-snippet:-1, max-image-preview:large, max-video-preview:-1\" \/>\n<link rel=\"canonical\" href=\"https:\/\/evertonfc.cz\/index.php\/news\/stvrtfinale-doma-so-city\/\" \/>\n<meta property=\"og:locale\" content=\"cs_CZ\" \/>\n<meta property=\"og:type\" content=\"article\" \/>\n<meta property=\"og:title\" content=\"\u0160tvr\u0165fin\u00e1le so City 20. marca - Official Czech &amp; Slovak Everton Supporters&#039; Club\" \/>\n<meta property=\"og:description\" content=\"Everton si vo \u0161tvr\u0165fin\u00e1le FA Cupu zahr\u00e1 v Goodison Parku s ligov\u00fdm n\u00e1protivkom Manchestrom City. Rozhodol o tom v\u010deraj\u0161\u00ed ve\u010dern\u00fd&hellip;\" \/>\n<meta property=\"og:url\" content=\"https:\/\/evertonfc.cz\/index.php\/news\/stvrtfinale-doma-so-city\/\" \/>\n<meta property=\"og:site_name\" content=\"Official Czech &amp; Slovak Everton Supporters&#039; Club\" \/>\n<meta property=\"article:publisher\" content=\"https:\/\/www.facebook.com\/everton.fans.cz.sk\" \/>\n<meta property=\"article:modified_time\" content=\"2021-02-16T07:37:58+00:00\" \/>\n<meta name=\"twitter:card\" content=\"summary_large_image\" \/>\n<meta name=\"twitter:label1\" content=\"Odhadovan\u00e1 doba \u010dten\u00ed\" \/>\n\t<meta name=\"twitter:data1\" content=\"1 minuta\" \/>\n<script type=\"application\/ld+json\" class=\"yoast-schema-graph\">{\"@context\":\"https:\/\/schema.org\",\"@graph\":[{\"@type\":\"WebPage\",\"@id\":\"https:\/\/evertonfc.cz\/index.php\/news\/stvrtfinale-doma-so-city\/\",\"url\":\"https:\/\/evertonfc.cz\/index.php\/news\/stvrtfinale-doma-so-city\/\",\"name\":\"\u0160tvr\u0165fin\u00e1le so City 20. marca - Official Czech &amp; Slovak Everton Supporters&#039; Club\",\"isPartOf\":{\"@id\":\"https:\/\/evertonfc.cz\/#website\"},\"datePublished\":\"2021-02-12T08:23:27+00:00\",\"dateModified\":\"2021-02-16T07:37:58+00:00\",\"breadcrumb\":{\"@id\":\"https:\/\/evertonfc.cz\/index.php\/news\/stvrtfinale-doma-so-city\/#breadcrumb\"},\"inLanguage\":\"cs\",\"potentialAction\":[{\"@type\":\"ReadAction\",\"target\":[\"https:\/\/evertonfc.cz\/index.php\/news\/stvrtfinale-doma-so-city\/\"]}]},{\"@type\":\"BreadcrumbList\",\"@id\":\"https:\/\/evertonfc.cz\/index.php\/news\/stvrtfinale-doma-so-city\/#breadcrumb\",\"itemListElement\":[{\"@type\":\"ListItem\",\"position\":1,\"name\":\"Home\",\"item\":\"https:\/\/evertonfc.cz\/\"},{\"@type\":\"ListItem\",\"position\":2,\"name\":\"News\",\"item\":\"https:\/\/evertonfc.cz\/index.php\/news\/\"},{\"@type\":\"ListItem\",\"position\":3,\"name\":\"\u0160tvr\u0165fin\u00e1le so City 20. marca\"}]},{\"@type\":\"WebSite\",\"@id\":\"https:\/\/evertonfc.cz\/#website\",\"url\":\"https:\/\/evertonfc.cz\/\",\"name\":\"Official Czech &amp; Slovak Everton Supporters&#039; Club\",\"description\":\"\",\"publisher\":{\"@id\":\"https:\/\/evertonfc.cz\/#organization\"},\"potentialAction\":[{\"@type\":\"SearchAction\",\"target\":{\"@type\":\"EntryPoint\",\"urlTemplate\":\"https:\/\/evertonfc.cz\/?s={search_term_string}\"},\"query-input\":{\"@type\":\"PropertyValueSpecification\",\"valueRequired\":true,\"valueName\":\"search_term_string\"}}],\"inLanguage\":\"cs\"},{\"@type\":\"Organization\",\"@id\":\"https:\/\/evertonfc.cz\/#organization\",\"name\":\"Official Czech & Slovak Everton Supporters' Club\",\"url\":\"https:\/\/evertonfc.cz\/\",\"logo\":{\"@type\":\"ImageObject\",\"inLanguage\":\"cs\",\"@id\":\"https:\/\/evertonfc.cz\/#\/schema\/logo\/image\/\",\"url\":\"https:\/\/evertonfc.cz\/wp-content\/uploads\/2019\/05\/logo.png\",\"contentUrl\":\"https:\/\/evertonfc.cz\/wp-content\/uploads\/2019\/05\/logo.png\",\"width\":112,\"height\":112,\"caption\":\"Official Czech & Slovak Everton Supporters' Club\"},\"image\":{\"@id\":\"https:\/\/evertonfc.cz\/#\/schema\/logo\/image\/\"},\"sameAs\":[\"https:\/\/www.facebook.com\/everton.fans.cz.sk\"]}]}<\/script>\n<!-- \/ Yoast SEO plugin. -->","yoast_head_json":{"title":"\u0160tvr\u0165fin\u00e1le so City 20. marca - Official Czech &amp; Slovak Everton Supporters&#039; Club","robots":{"index":"index","follow":"follow","max-snippet":"max-snippet:-1","max-image-preview":"max-image-preview:large","max-video-preview":"max-video-preview:-1"},"canonical":"https:\/\/evertonfc.cz\/index.php\/news\/stvrtfinale-doma-so-city\/","og_locale":"cs_CZ","og_type":"article","og_title":"\u0160tvr\u0165fin\u00e1le so City 20. marca - Official Czech &amp; Slovak Everton Supporters&#039; Club","og_description":"Everton si vo \u0161tvr\u0165fin\u00e1le FA Cupu zahr\u00e1 v Goodison Parku s ligov\u00fdm n\u00e1protivkom Manchestrom City. Rozhodol o tom v\u010deraj\u0161\u00ed ve\u010dern\u00fd&hellip;","og_url":"https:\/\/evertonfc.cz\/index.php\/news\/stvrtfinale-doma-so-city\/","og_site_name":"Official Czech &amp; Slovak Everton Supporters&#039; Club","article_publisher":"https:\/\/www.facebook.com\/everton.fans.cz.sk","article_modified_time":"2021-02-16T07:37:58+00:00","twitter_card":"summary_large_image","twitter_misc":{"Odhadovan\u00e1 doba \u010dten\u00ed":"1 minuta"},"schema":{"@context":"https:\/\/schema.org","@graph":[{"@type":"WebPage","@id":"https:\/\/evertonfc.cz\/index.php\/news\/stvrtfinale-doma-so-city\/","url":"https:\/\/evertonfc.cz\/index.php\/news\/stvrtfinale-doma-so-city\/","name":"\u0160tvr\u0165fin\u00e1le so City 20. marca - Official Czech &amp; Slovak Everton Supporters&#039; Club","isPartOf":{"@id":"https:\/\/evertonfc.cz\/#website"},"datePublished":"2021-02-12T08:23:27+00:00","dateModified":"2021-02-16T07:37:58+00:00","breadcrumb":{"@id":"https:\/\/evertonfc.cz\/index.php\/news\/stvrtfinale-doma-so-city\/#breadcrumb"},"inLanguage":"cs","potentialAction":[{"@type":"ReadAction","target":["https:\/\/evertonfc.cz\/index.php\/news\/stvrtfinale-doma-so-city\/"]}]},{"@type":"BreadcrumbList","@id":"https:\/\/evertonfc.cz\/index.php\/news\/stvrtfinale-doma-so-city\/#breadcrumb","itemListElement":[{"@type":"ListItem","position":1,"name":"Home","item":"https:\/\/evertonfc.cz\/"},{"@type":"ListItem","position":2,"name":"News","item":"https:\/\/evertonfc.cz\/index.php\/news\/"},{"@type":"ListItem","position":3,"name":"\u0160tvr\u0165fin\u00e1le so City 20. marca"}]},{"@type":"WebSite","@id":"https:\/\/evertonfc.cz\/#website","url":"https:\/\/evertonfc.cz\/","name":"Official Czech &amp; Slovak Everton Supporters&#039; Club","description":"","publisher":{"@id":"https:\/\/evertonfc.cz\/#organization"},"potentialAction":[{"@type":"SearchAction","target":{"@type":"EntryPoint","urlTemplate":"https:\/\/evertonfc.cz\/?s={search_term_string}"},"query-input":{"@type":"PropertyValueSpecification","valueRequired":true,"valueName":"search_term_string"}}],"inLanguage":"cs"},{"@type":"Organization","@id":"https:\/\/evertonfc.cz\/#organization","name":"Official Czech & Slovak Everton Supporters' Club","url":"https:\/\/evertonfc.cz\/","logo":{"@type":"ImageObject","inLanguage":"cs","@id":"https:\/\/evertonfc.cz\/#\/schema\/logo\/image\/","url":"https:\/\/evertonfc.cz\/wp-content\/uploads\/2019\/05\/logo.png","contentUrl":"https:\/\/evertonfc.cz\/wp-content\/uploads\/2019\/05\/logo.png","width":112,"height":112,"caption":"Official Czech & Slovak Everton Supporters' Club"},"image":{"@id":"https:\/\/evertonfc.cz\/#\/schema\/logo\/image\/"},"sameAs":["https:\/\/www.facebook.com\/everton.fans.cz.sk"]}]}},"_links":{"self":[{"href":"https:\/\/evertonfc.cz\/index.php\/wp-json\/wp\/v2\/news\/14087"}],"collection":[{"href":"https:\/\/evertonfc.cz\/index.php\/wp-json\/wp\/v2\/news"}],"about":[{"href":"https:\/\/evertonfc.cz\/index.php\/wp-json\/wp\/v2\/types\/news"}],"author":[{"embeddable":true,"href":"https:\/\/evertonfc.cz\/index.php\/wp-json\/wp\/v2\/users\/1"}],"replies":[{"embeddable":true,"href":"https:\/\/evertonfc.cz\/index.php\/wp-json\/wp\/v2\/comments?post=14087"}],"version-history":[{"count":1,"href":"https:\/\/evertonfc.cz\/index.php\/wp-json\/wp\/v2\/news\/14087\/revisions"}],"predecessor-version":[{"id":14123,"href":"https:\/\/evertonfc.cz\/index.php\/wp-json\/wp\/v2\/news\/14087\/revisions\/14123"}],"wp:attachment":[{"href":"https:\/\/evertonfc.cz\/index.php\/wp-json\/wp\/v2\/media?parent=14087"}],"wp:term":[{"taxonomy":"post_tag","embeddable":true,"href":"https:\/\/evertonfc.cz\/index.php\/wp-json\/wp\/v2\/tags?post=14087"},{"taxonomy":"news-category","embeddable":true,"href":"https:\/\/evertonfc.cz\/index.php\/wp-json\/wp\/v2\/news-category?post=14087"}],"curies":[{"name":"wp","href":"https:\/\/api.w.org\/{rel}","templated":true}]}}