{"id":14542,"date":"2021-03-09T18:43:47","date_gmt":"2021-03-09T17:43:47","guid":{"rendered":"https:\/\/evertonfc.cz\/?post_type=news&#038;p=14542"},"modified":"2021-03-09T18:43:47","modified_gmt":"2021-03-09T17:43:47","slug":"graham-prodlouzila","status":"publish","type":"news","link":"https:\/\/evertonfc.cz\/index.php\/news\/graham-prodlouzila\/","title":{"rendered":"Graham prodlou\u017eila"},"content":{"rendered":"<p>24 let\u00e1 evertonsk\u00e1 kapit\u00e1nka Lucy Graham prodlou\u017eil smlouvu s Klubem do \u010dervna 2023. Lucy p\u0159i\u0161la do Evertonu v l\u00e9t\u011b 2019 z Bristolu a p\u016fvodn\u011b uzav\u0159ela smlouvu na dva roky. Velmi rychle se stala nepostradatelnou sou\u010d\u00e1st\u00ed t\u00fdmu nejen na h\u0159i\u0161ti, ale i mimo n\u011bj a jej\u00ed jmenov\u00e1n\u00ed do role &#8222;poln\u00ed kapit\u00e1nky&#8220; jist\u011b nebylo n\u00e1hodn\u00e9. Graham nastupuje\u00a0 v z\u00e1lo\u017en\u00ed \u0159ad\u011b, obvykle na jej\u00edm lev\u00e9 okraji. Jej\u00ed urputnost a schopnost tvrd\u00e9 st\u0159ely u\u017e p\u0159ipravily soupe\u0159i nejedno nemil\u00e9 p\u0159ekvapen\u00ed.<\/p>\n<p>Everton je zat\u00edm jej\u00ed nestabiln\u011bj\u0161\u00edm p\u016fsobi\u0161t\u011bm. P\u0159ed n\u00edm p\u016fsobila ve skotsk\u00e9m Forfar Farmington (2012) a dvakr\u00e1t po dvou letech (2013-2015 a 2016-2018) ve skotsk\u00fdch Hibernians, s odskokem do \u0161v\u00e9dsk\u00e9ho V\u00e4rmlandu, kde h\u00e1jila zelenou barvu Mallbackens (2015). P\u0159es Bristol (2018-2019) se dostala na Walton Hall Park, kde si jeji p\u016fsoben\u00ed p\u0159\u00e1l z Bristolu anga\u017eovan\u00fd Willie Kirk.\u00a0V modr\u00e9m dresu ozdoben\u00e9m rud\u00fdm lvem a bodl\u00e1ky nastupuje od roku 2017 za Skotsko.<\/p>\n<p>Prodlou\u017een\u00ed smlouvy s Graham je dobrou zpr\u00e1vou pro fanou\u0161ky a mo\u017en\u00e1 i dokladem toho, \u017ee sama hr\u00e1\u010dka v\u011b\u0159\u00ed v perspektivu sou\u010dasn\u00e9ho t\u00fdmu. Co\u017e je pro fanou\u0161ky zpr\u00e1va je\u0161t\u011b lep\u0161\u00ed.<\/p>\n","protected":false},"excerpt":{"rendered":"<p>24 let\u00e1 evertonsk\u00e1 kapit\u00e1nka Lucy Graham prodlou\u017eil smlouvu s Klubem do \u010dervna 2023. Lucy p\u0159i\u0161la do Evertonu v l\u00e9t\u011b 2019&hellip;<\/p>\n","protected":false},"author":26,"featured_media":0,"comment_status":"open","ping_status":"closed","template":"","tags":[],"news-category":[18],"yoast_head":"<!-- This site is optimized with the Yoast SEO plugin v23.4 - https:\/\/yoast.com\/wordpress\/plugins\/seo\/ -->\n<title>Graham prodlou\u017eila - Official Czech &amp; Slovak Everton Supporters&#039; Club<\/title>\n<meta name=\"robots\" content=\"index, follow, max-snippet:-1, max-image-preview:large, max-video-preview:-1\" \/>\n<link rel=\"canonical\" href=\"https:\/\/evertonfc.cz\/index.php\/news\/graham-prodlouzila\/\" \/>\n<meta property=\"og:locale\" content=\"cs_CZ\" \/>\n<meta property=\"og:type\" content=\"article\" \/>\n<meta property=\"og:title\" content=\"Graham prodlou\u017eila - Official Czech &amp; Slovak Everton Supporters&#039; Club\" \/>\n<meta property=\"og:description\" content=\"24 let\u00e1 evertonsk\u00e1 kapit\u00e1nka Lucy Graham prodlou\u017eil smlouvu s Klubem do \u010dervna 2023. Lucy p\u0159i\u0161la do Evertonu v l\u00e9t\u011b 2019&hellip;\" \/>\n<meta property=\"og:url\" content=\"https:\/\/evertonfc.cz\/index.php\/news\/graham-prodlouzila\/\" \/>\n<meta property=\"og:site_name\" content=\"Official Czech &amp; Slovak Everton Supporters&#039; Club\" \/>\n<meta property=\"article:publisher\" content=\"https:\/\/www.facebook.com\/everton.fans.cz.sk\" \/>\n<meta name=\"twitter:card\" content=\"summary_large_image\" \/>\n<meta name=\"twitter:label1\" content=\"Odhadovan\u00e1 doba \u010dten\u00ed\" \/>\n\t<meta name=\"twitter:data1\" content=\"1 minuta\" \/>\n<script type=\"application\/ld+json\" class=\"yoast-schema-graph\">{\"@context\":\"https:\/\/schema.org\",\"@graph\":[{\"@type\":\"WebPage\",\"@id\":\"https:\/\/evertonfc.cz\/index.php\/news\/graham-prodlouzila\/\",\"url\":\"https:\/\/evertonfc.cz\/index.php\/news\/graham-prodlouzila\/\",\"name\":\"Graham prodlou\u017eila - Official Czech &amp; Slovak Everton Supporters&#039; Club\",\"isPartOf\":{\"@id\":\"https:\/\/evertonfc.cz\/#website\"},\"datePublished\":\"2021-03-09T17:43:47+00:00\",\"dateModified\":\"2021-03-09T17:43:47+00:00\",\"breadcrumb\":{\"@id\":\"https:\/\/evertonfc.cz\/index.php\/news\/graham-prodlouzila\/#breadcrumb\"},\"inLanguage\":\"cs\",\"potentialAction\":[{\"@type\":\"ReadAction\",\"target\":[\"https:\/\/evertonfc.cz\/index.php\/news\/graham-prodlouzila\/\"]}]},{\"@type\":\"BreadcrumbList\",\"@id\":\"https:\/\/evertonfc.cz\/index.php\/news\/graham-prodlouzila\/#breadcrumb\",\"itemListElement\":[{\"@type\":\"ListItem\",\"position\":1,\"name\":\"Home\",\"item\":\"https:\/\/evertonfc.cz\/\"},{\"@type\":\"ListItem\",\"position\":2,\"name\":\"News\",\"item\":\"https:\/\/evertonfc.cz\/index.php\/news\/\"},{\"@type\":\"ListItem\",\"position\":3,\"name\":\"Graham prodlou\u017eila\"}]},{\"@type\":\"WebSite\",\"@id\":\"https:\/\/evertonfc.cz\/#website\",\"url\":\"https:\/\/evertonfc.cz\/\",\"name\":\"Official Czech &amp; Slovak Everton Supporters&#039; Club\",\"description\":\"\",\"publisher\":{\"@id\":\"https:\/\/evertonfc.cz\/#organization\"},\"potentialAction\":[{\"@type\":\"SearchAction\",\"target\":{\"@type\":\"EntryPoint\",\"urlTemplate\":\"https:\/\/evertonfc.cz\/?s={search_term_string}\"},\"query-input\":{\"@type\":\"PropertyValueSpecification\",\"valueRequired\":true,\"valueName\":\"search_term_string\"}}],\"inLanguage\":\"cs\"},{\"@type\":\"Organization\",\"@id\":\"https:\/\/evertonfc.cz\/#organization\",\"name\":\"Official Czech & Slovak Everton Supporters' Club\",\"url\":\"https:\/\/evertonfc.cz\/\",\"logo\":{\"@type\":\"ImageObject\",\"inLanguage\":\"cs\",\"@id\":\"https:\/\/evertonfc.cz\/#\/schema\/logo\/image\/\",\"url\":\"https:\/\/evertonfc.cz\/wp-content\/uploads\/2019\/05\/logo.png\",\"contentUrl\":\"https:\/\/evertonfc.cz\/wp-content\/uploads\/2019\/05\/logo.png\",\"width\":112,\"height\":112,\"caption\":\"Official Czech & Slovak Everton Supporters' Club\"},\"image\":{\"@id\":\"https:\/\/evertonfc.cz\/#\/schema\/logo\/image\/\"},\"sameAs\":[\"https:\/\/www.facebook.com\/everton.fans.cz.sk\"]}]}<\/script>\n<!-- \/ Yoast SEO plugin. -->","yoast_head_json":{"title":"Graham prodlou\u017eila - Official Czech &amp; Slovak Everton Supporters&#039; Club","robots":{"index":"index","follow":"follow","max-snippet":"max-snippet:-1","max-image-preview":"max-image-preview:large","max-video-preview":"max-video-preview:-1"},"canonical":"https:\/\/evertonfc.cz\/index.php\/news\/graham-prodlouzila\/","og_locale":"cs_CZ","og_type":"article","og_title":"Graham prodlou\u017eila - Official Czech &amp; Slovak Everton Supporters&#039; Club","og_description":"24 let\u00e1 evertonsk\u00e1 kapit\u00e1nka Lucy Graham prodlou\u017eil smlouvu s Klubem do \u010dervna 2023. Lucy p\u0159i\u0161la do Evertonu v l\u00e9t\u011b 2019&hellip;","og_url":"https:\/\/evertonfc.cz\/index.php\/news\/graham-prodlouzila\/","og_site_name":"Official Czech &amp; Slovak Everton Supporters&#039; Club","article_publisher":"https:\/\/www.facebook.com\/everton.fans.cz.sk","twitter_card":"summary_large_image","twitter_misc":{"Odhadovan\u00e1 doba \u010dten\u00ed":"1 minuta"},"schema":{"@context":"https:\/\/schema.org","@graph":[{"@type":"WebPage","@id":"https:\/\/evertonfc.cz\/index.php\/news\/graham-prodlouzila\/","url":"https:\/\/evertonfc.cz\/index.php\/news\/graham-prodlouzila\/","name":"Graham prodlou\u017eila - Official Czech &amp; Slovak Everton Supporters&#039; Club","isPartOf":{"@id":"https:\/\/evertonfc.cz\/#website"},"datePublished":"2021-03-09T17:43:47+00:00","dateModified":"2021-03-09T17:43:47+00:00","breadcrumb":{"@id":"https:\/\/evertonfc.cz\/index.php\/news\/graham-prodlouzila\/#breadcrumb"},"inLanguage":"cs","potentialAction":[{"@type":"ReadAction","target":["https:\/\/evertonfc.cz\/index.php\/news\/graham-prodlouzila\/"]}]},{"@type":"BreadcrumbList","@id":"https:\/\/evertonfc.cz\/index.php\/news\/graham-prodlouzila\/#breadcrumb","itemListElement":[{"@type":"ListItem","position":1,"name":"Home","item":"https:\/\/evertonfc.cz\/"},{"@type":"ListItem","position":2,"name":"News","item":"https:\/\/evertonfc.cz\/index.php\/news\/"},{"@type":"ListItem","position":3,"name":"Graham prodlou\u017eila"}]},{"@type":"WebSite","@id":"https:\/\/evertonfc.cz\/#website","url":"https:\/\/evertonfc.cz\/","name":"Official Czech &amp; Slovak Everton Supporters&#039; Club","description":"","publisher":{"@id":"https:\/\/evertonfc.cz\/#organization"},"potentialAction":[{"@type":"SearchAction","target":{"@type":"EntryPoint","urlTemplate":"https:\/\/evertonfc.cz\/?s={search_term_string}"},"query-input":{"@type":"PropertyValueSpecification","valueRequired":true,"valueName":"search_term_string"}}],"inLanguage":"cs"},{"@type":"Organization","@id":"https:\/\/evertonfc.cz\/#organization","name":"Official Czech & Slovak Everton Supporters' Club","url":"https:\/\/evertonfc.cz\/","logo":{"@type":"ImageObject","inLanguage":"cs","@id":"https:\/\/evertonfc.cz\/#\/schema\/logo\/image\/","url":"https:\/\/evertonfc.cz\/wp-content\/uploads\/2019\/05\/logo.png","contentUrl":"https:\/\/evertonfc.cz\/wp-content\/uploads\/2019\/05\/logo.png","width":112,"height":112,"caption":"Official Czech & Slovak Everton Supporters' Club"},"image":{"@id":"https:\/\/evertonfc.cz\/#\/schema\/logo\/image\/"},"sameAs":["https:\/\/www.facebook.com\/everton.fans.cz.sk"]}]}},"_links":{"self":[{"href":"https:\/\/evertonfc.cz\/index.php\/wp-json\/wp\/v2\/news\/14542"}],"collection":[{"href":"https:\/\/evertonfc.cz\/index.php\/wp-json\/wp\/v2\/news"}],"about":[{"href":"https:\/\/evertonfc.cz\/index.php\/wp-json\/wp\/v2\/types\/news"}],"author":[{"embeddable":true,"href":"https:\/\/evertonfc.cz\/index.php\/wp-json\/wp\/v2\/users\/26"}],"replies":[{"embeddable":true,"href":"https:\/\/evertonfc.cz\/index.php\/wp-json\/wp\/v2\/comments?post=14542"}],"version-history":[{"count":0,"href":"https:\/\/evertonfc.cz\/index.php\/wp-json\/wp\/v2\/news\/14542\/revisions"}],"wp:attachment":[{"href":"https:\/\/evertonfc.cz\/index.php\/wp-json\/wp\/v2\/media?parent=14542"}],"wp:term":[{"taxonomy":"post_tag","embeddable":true,"href":"https:\/\/evertonfc.cz\/index.php\/wp-json\/wp\/v2\/tags?post=14542"},{"taxonomy":"news-category","embeddable":true,"href":"https:\/\/evertonfc.cz\/index.php\/wp-json\/wp\/v2\/news-category?post=14542"}],"curies":[{"name":"wp","href":"https:\/\/api.w.org\/{rel}","templated":true}]}}