{"id":14629,"date":"2021-03-13T11:21:14","date_gmt":"2021-03-13T10:21:14","guid":{"rendered":"https:\/\/evertonfc.cz\/?post_type=news&#038;p=14629"},"modified":"2021-03-13T11:41:39","modified_gmt":"2021-03-13T10:41:39","slug":"pozar-na-walton-hall-park","status":"publish","type":"news","link":"https:\/\/evertonfc.cz\/index.php\/news\/pozar-na-walton-hall-park\/","title":{"rendered":"Po\u017e\u00e1r na Walton Hall Park"},"content":{"rendered":"<p>V p\u00e1tek 12.3.2021 ve ve\u010dern\u00edch hodin\u00e1ch zachv\u00e1til tribunu Walton Hall Park z\u00e1m\u011brn\u011b zalo\u017een\u00fd po\u017e\u00e1r. B\u011bhem ve\u010dera se po\u017e\u00e1r poda\u0159ilo zne\u0161kodnit dv\u011bma p\u0159ivolan\u00fdm hasi\u010dsk\u00fdm pos\u00e1dk\u00e1m. Rozsah po\u0161kozen\u00ed stadionu se st\u00e1le zji\u0161\u0165uje. Do sv\u00e9ho nov\u00e9ho domova na\u00a0 Walton Hall Park se evertonsk\u00e9 \u017eeny p\u0159ist\u011bhovaly v \u00fanoru 2020. Nezb\u00fdv\u00e1 ne\u017e souhlasit s Liverpool Echo, \u017ee poni\u010den\u00ed relativn\u011b \u010derstv\u011b zrekonstruovan\u00e9ho stadionu je \u0159\u00e1dn\u00e1 &#8222;r\u00e1na do zub\u016f.&#8220; Podrobnosti zji\u0161\u0165ujeme.<\/p>\n<p style=\"text-align: right;\"><span style=\"font-size: 8pt;\"><em>zdroj: Liverpool Echo<\/em><\/span><\/p>\n","protected":false},"excerpt":{"rendered":"<p>V p\u00e1tek 12.3.2021 ve ve\u010dern\u00edch hodin\u00e1ch zachv\u00e1til tribunu Walton Hall Park z\u00e1m\u011brn\u011b zalo\u017een\u00fd po\u017e\u00e1r. B\u011bhem ve\u010dera se po\u017e\u00e1r poda\u0159ilo zne\u0161kodnit&hellip;<\/p>\n","protected":false},"author":26,"featured_media":0,"comment_status":"open","ping_status":"closed","template":"","tags":[],"news-category":[18],"yoast_head":"<!-- This site is optimized with the Yoast SEO plugin v23.4 - https:\/\/yoast.com\/wordpress\/plugins\/seo\/ -->\n<title>Po\u017e\u00e1r na Walton Hall Park - Official Czech &amp; Slovak Everton Supporters&#039; Club<\/title>\n<meta name=\"robots\" content=\"index, follow, max-snippet:-1, max-image-preview:large, max-video-preview:-1\" \/>\n<link rel=\"canonical\" href=\"https:\/\/evertonfc.cz\/index.php\/news\/pozar-na-walton-hall-park\/\" \/>\n<meta property=\"og:locale\" content=\"cs_CZ\" \/>\n<meta property=\"og:type\" content=\"article\" \/>\n<meta property=\"og:title\" content=\"Po\u017e\u00e1r na Walton Hall Park - Official Czech &amp; Slovak Everton Supporters&#039; Club\" \/>\n<meta property=\"og:description\" content=\"V p\u00e1tek 12.3.2021 ve ve\u010dern\u00edch hodin\u00e1ch zachv\u00e1til tribunu Walton Hall Park z\u00e1m\u011brn\u011b zalo\u017een\u00fd po\u017e\u00e1r. B\u011bhem ve\u010dera se po\u017e\u00e1r poda\u0159ilo zne\u0161kodnit&hellip;\" \/>\n<meta property=\"og:url\" content=\"https:\/\/evertonfc.cz\/index.php\/news\/pozar-na-walton-hall-park\/\" \/>\n<meta property=\"og:site_name\" content=\"Official Czech &amp; Slovak Everton Supporters&#039; Club\" \/>\n<meta property=\"article:publisher\" content=\"https:\/\/www.facebook.com\/everton.fans.cz.sk\" \/>\n<meta property=\"article:modified_time\" content=\"2021-03-13T10:41:39+00:00\" \/>\n<meta name=\"twitter:card\" content=\"summary_large_image\" \/>\n<meta name=\"twitter:label1\" content=\"Odhadovan\u00e1 doba \u010dten\u00ed\" \/>\n\t<meta name=\"twitter:data1\" content=\"1 minuta\" \/>\n<script type=\"application\/ld+json\" class=\"yoast-schema-graph\">{\"@context\":\"https:\/\/schema.org\",\"@graph\":[{\"@type\":\"WebPage\",\"@id\":\"https:\/\/evertonfc.cz\/index.php\/news\/pozar-na-walton-hall-park\/\",\"url\":\"https:\/\/evertonfc.cz\/index.php\/news\/pozar-na-walton-hall-park\/\",\"name\":\"Po\u017e\u00e1r na Walton Hall Park - Official Czech &amp; Slovak Everton Supporters&#039; Club\",\"isPartOf\":{\"@id\":\"https:\/\/evertonfc.cz\/#website\"},\"datePublished\":\"2021-03-13T10:21:14+00:00\",\"dateModified\":\"2021-03-13T10:41:39+00:00\",\"breadcrumb\":{\"@id\":\"https:\/\/evertonfc.cz\/index.php\/news\/pozar-na-walton-hall-park\/#breadcrumb\"},\"inLanguage\":\"cs\",\"potentialAction\":[{\"@type\":\"ReadAction\",\"target\":[\"https:\/\/evertonfc.cz\/index.php\/news\/pozar-na-walton-hall-park\/\"]}]},{\"@type\":\"BreadcrumbList\",\"@id\":\"https:\/\/evertonfc.cz\/index.php\/news\/pozar-na-walton-hall-park\/#breadcrumb\",\"itemListElement\":[{\"@type\":\"ListItem\",\"position\":1,\"name\":\"Home\",\"item\":\"https:\/\/evertonfc.cz\/\"},{\"@type\":\"ListItem\",\"position\":2,\"name\":\"News\",\"item\":\"https:\/\/evertonfc.cz\/index.php\/news\/\"},{\"@type\":\"ListItem\",\"position\":3,\"name\":\"Po\u017e\u00e1r na Walton Hall Park\"}]},{\"@type\":\"WebSite\",\"@id\":\"https:\/\/evertonfc.cz\/#website\",\"url\":\"https:\/\/evertonfc.cz\/\",\"name\":\"Official Czech &amp; Slovak Everton Supporters&#039; Club\",\"description\":\"\",\"publisher\":{\"@id\":\"https:\/\/evertonfc.cz\/#organization\"},\"potentialAction\":[{\"@type\":\"SearchAction\",\"target\":{\"@type\":\"EntryPoint\",\"urlTemplate\":\"https:\/\/evertonfc.cz\/?s={search_term_string}\"},\"query-input\":{\"@type\":\"PropertyValueSpecification\",\"valueRequired\":true,\"valueName\":\"search_term_string\"}}],\"inLanguage\":\"cs\"},{\"@type\":\"Organization\",\"@id\":\"https:\/\/evertonfc.cz\/#organization\",\"name\":\"Official Czech & Slovak Everton Supporters' Club\",\"url\":\"https:\/\/evertonfc.cz\/\",\"logo\":{\"@type\":\"ImageObject\",\"inLanguage\":\"cs\",\"@id\":\"https:\/\/evertonfc.cz\/#\/schema\/logo\/image\/\",\"url\":\"https:\/\/evertonfc.cz\/wp-content\/uploads\/2019\/05\/logo.png\",\"contentUrl\":\"https:\/\/evertonfc.cz\/wp-content\/uploads\/2019\/05\/logo.png\",\"width\":112,\"height\":112,\"caption\":\"Official Czech & Slovak Everton Supporters' Club\"},\"image\":{\"@id\":\"https:\/\/evertonfc.cz\/#\/schema\/logo\/image\/\"},\"sameAs\":[\"https:\/\/www.facebook.com\/everton.fans.cz.sk\"]}]}<\/script>\n<!-- \/ Yoast SEO plugin. -->","yoast_head_json":{"title":"Po\u017e\u00e1r na Walton Hall Park - Official Czech &amp; Slovak Everton Supporters&#039; Club","robots":{"index":"index","follow":"follow","max-snippet":"max-snippet:-1","max-image-preview":"max-image-preview:large","max-video-preview":"max-video-preview:-1"},"canonical":"https:\/\/evertonfc.cz\/index.php\/news\/pozar-na-walton-hall-park\/","og_locale":"cs_CZ","og_type":"article","og_title":"Po\u017e\u00e1r na Walton Hall Park - Official Czech &amp; Slovak Everton Supporters&#039; Club","og_description":"V p\u00e1tek 12.3.2021 ve ve\u010dern\u00edch hodin\u00e1ch zachv\u00e1til tribunu Walton Hall Park z\u00e1m\u011brn\u011b zalo\u017een\u00fd po\u017e\u00e1r. B\u011bhem ve\u010dera se po\u017e\u00e1r poda\u0159ilo zne\u0161kodnit&hellip;","og_url":"https:\/\/evertonfc.cz\/index.php\/news\/pozar-na-walton-hall-park\/","og_site_name":"Official Czech &amp; Slovak Everton Supporters&#039; Club","article_publisher":"https:\/\/www.facebook.com\/everton.fans.cz.sk","article_modified_time":"2021-03-13T10:41:39+00:00","twitter_card":"summary_large_image","twitter_misc":{"Odhadovan\u00e1 doba \u010dten\u00ed":"1 minuta"},"schema":{"@context":"https:\/\/schema.org","@graph":[{"@type":"WebPage","@id":"https:\/\/evertonfc.cz\/index.php\/news\/pozar-na-walton-hall-park\/","url":"https:\/\/evertonfc.cz\/index.php\/news\/pozar-na-walton-hall-park\/","name":"Po\u017e\u00e1r na Walton Hall Park - Official Czech &amp; Slovak Everton Supporters&#039; Club","isPartOf":{"@id":"https:\/\/evertonfc.cz\/#website"},"datePublished":"2021-03-13T10:21:14+00:00","dateModified":"2021-03-13T10:41:39+00:00","breadcrumb":{"@id":"https:\/\/evertonfc.cz\/index.php\/news\/pozar-na-walton-hall-park\/#breadcrumb"},"inLanguage":"cs","potentialAction":[{"@type":"ReadAction","target":["https:\/\/evertonfc.cz\/index.php\/news\/pozar-na-walton-hall-park\/"]}]},{"@type":"BreadcrumbList","@id":"https:\/\/evertonfc.cz\/index.php\/news\/pozar-na-walton-hall-park\/#breadcrumb","itemListElement":[{"@type":"ListItem","position":1,"name":"Home","item":"https:\/\/evertonfc.cz\/"},{"@type":"ListItem","position":2,"name":"News","item":"https:\/\/evertonfc.cz\/index.php\/news\/"},{"@type":"ListItem","position":3,"name":"Po\u017e\u00e1r na Walton Hall Park"}]},{"@type":"WebSite","@id":"https:\/\/evertonfc.cz\/#website","url":"https:\/\/evertonfc.cz\/","name":"Official Czech &amp; Slovak Everton Supporters&#039; Club","description":"","publisher":{"@id":"https:\/\/evertonfc.cz\/#organization"},"potentialAction":[{"@type":"SearchAction","target":{"@type":"EntryPoint","urlTemplate":"https:\/\/evertonfc.cz\/?s={search_term_string}"},"query-input":{"@type":"PropertyValueSpecification","valueRequired":true,"valueName":"search_term_string"}}],"inLanguage":"cs"},{"@type":"Organization","@id":"https:\/\/evertonfc.cz\/#organization","name":"Official Czech & Slovak Everton Supporters' Club","url":"https:\/\/evertonfc.cz\/","logo":{"@type":"ImageObject","inLanguage":"cs","@id":"https:\/\/evertonfc.cz\/#\/schema\/logo\/image\/","url":"https:\/\/evertonfc.cz\/wp-content\/uploads\/2019\/05\/logo.png","contentUrl":"https:\/\/evertonfc.cz\/wp-content\/uploads\/2019\/05\/logo.png","width":112,"height":112,"caption":"Official Czech & Slovak Everton Supporters' Club"},"image":{"@id":"https:\/\/evertonfc.cz\/#\/schema\/logo\/image\/"},"sameAs":["https:\/\/www.facebook.com\/everton.fans.cz.sk"]}]}},"_links":{"self":[{"href":"https:\/\/evertonfc.cz\/index.php\/wp-json\/wp\/v2\/news\/14629"}],"collection":[{"href":"https:\/\/evertonfc.cz\/index.php\/wp-json\/wp\/v2\/news"}],"about":[{"href":"https:\/\/evertonfc.cz\/index.php\/wp-json\/wp\/v2\/types\/news"}],"author":[{"embeddable":true,"href":"https:\/\/evertonfc.cz\/index.php\/wp-json\/wp\/v2\/users\/26"}],"replies":[{"embeddable":true,"href":"https:\/\/evertonfc.cz\/index.php\/wp-json\/wp\/v2\/comments?post=14629"}],"version-history":[{"count":0,"href":"https:\/\/evertonfc.cz\/index.php\/wp-json\/wp\/v2\/news\/14629\/revisions"}],"wp:attachment":[{"href":"https:\/\/evertonfc.cz\/index.php\/wp-json\/wp\/v2\/media?parent=14629"}],"wp:term":[{"taxonomy":"post_tag","embeddable":true,"href":"https:\/\/evertonfc.cz\/index.php\/wp-json\/wp\/v2\/tags?post=14629"},{"taxonomy":"news-category","embeddable":true,"href":"https:\/\/evertonfc.cz\/index.php\/wp-json\/wp\/v2\/news-category?post=14629"}],"curies":[{"name":"wp","href":"https:\/\/api.w.org\/{rel}","templated":true}]}}