{"id":14673,"date":"2021-03-15T20:18:29","date_gmt":"2021-03-15T19:18:29","guid":{"rendered":"https:\/\/evertonfc.cz\/?post_type=news&#038;p=14673"},"modified":"2021-03-15T21:26:29","modified_gmt":"2021-03-15T20:26:29","slug":"maciver-prodlouzila","status":"publish","type":"news","link":"https:\/\/evertonfc.cz\/index.php\/news\/maciver-prodlouzila\/","title":{"rendered":"MacIver prodlou\u017eila"},"content":{"rendered":"<p>Alexandra Elena MacIver, zn\u00e1m\u00e1 v evertonsk\u00fdch kruz\u00edch jako &#8222;Sandy&#8220; dnes prodlou\u017eila sv\u016fj evertonsk\u00fd kontrakt do konce \u010dervna 2023.\u00a0 T\u00edm roz\u0161\u00ed\u0159ila seznam v\u00edtan\u00fdch prodlou\u017een\u00ed kl\u00ed\u010dov\u00fdch hr\u00e1\u010dek.\u00a0 Dvaadvacetilet\u00e1 rusovlas\u00e1 str\u00e1\u017ekyn\u011b evertonsk\u00e9 svatyn\u011b p\u0159i\u0161la do Evertonu v lednu 2020 z Ji\u017en\u00ed Karol\u00edny. Tam hr\u00e1la \u010dty\u0159i roky za univerzitn\u00ed t\u00fdm\u00a0 Clemsonsk\u00fdch Tigr\u016f. Velmi rychle se vypracovala v evertonskou brank\u00e1\u0159ku prvn\u00ed volby a tak\u00e9 se stala \u010d\u00edslem dv\u011b v brance anglick\u00e9ho a britsk\u00e9ho v\u00fdb\u011bru.<\/p>\n<p>V brance si po\u010d\u00edn\u00e1 s jistotou. Kirk oce\u0148uje zejm\u00e9na jej\u00ed rychlost, fyzickou zdatnost a schopnost distribuce p\u0159ihr\u00e1vek. Nen\u00ed jist\u011b n\u00e1hodou, \u017ee po prohran\u00e9m fin\u00e1le FA Cupu byla MacIver vyhl\u00e1\u0161ena hr\u00e1\u010dkou z\u00e1pasu. Vzhledem ke sv\u00e9mu ml\u00e1d\u00ed je velmi pravd\u011bpodobn\u00e9, \u017ee pod veden\u00edm schopn\u00e9ho brank\u00e1\u0159sk\u00e9ho tren\u00e9ra (jak\u00fdm je ve Evertonu Ian McCaldon) se bude d\u00e1le je\u0161t\u011b zlep\u0161ovat.<\/p>\n<p>Sama Sandy si spolupr\u00e1ci s Kirkem i s kolegyn\u00ed Korpelou jako\u017e i v\u016fbec cel\u00fd sv\u016fj pobyt na Walton Hall Park velmi pochvaluje. Jej\u00ed dal\u0161\u00ed profesn\u00ed c\u00edle nejsou mal\u00e9: chce se st\u00e1t reprezenta\u010dn\u00ed jedni\u010dkou a s Evertonem postoupit do Champions League. Mysl\u00edm, \u017ee oboje se m\u016f\u017ee st\u00e1t realitou.<\/p>\n","protected":false},"excerpt":{"rendered":"<p>Alexandra Elena MacIver, zn\u00e1m\u00e1 v evertonsk\u00fdch kruz\u00edch jako &#8222;Sandy&#8220; dnes prodlou\u017eila sv\u016fj evertonsk\u00fd kontrakt do konce \u010dervna 2023.\u00a0 T\u00edm roz\u0161\u00ed\u0159ila&hellip;<\/p>\n","protected":false},"author":26,"featured_media":0,"comment_status":"open","ping_status":"closed","template":"","tags":[],"news-category":[18],"yoast_head":"<!-- This site is optimized with the Yoast SEO plugin v23.4 - https:\/\/yoast.com\/wordpress\/plugins\/seo\/ -->\n<title>MacIver prodlou\u017eila - Official Czech &amp; Slovak Everton Supporters&#039; Club<\/title>\n<meta name=\"robots\" content=\"index, follow, max-snippet:-1, max-image-preview:large, max-video-preview:-1\" \/>\n<link rel=\"canonical\" href=\"https:\/\/evertonfc.cz\/index.php\/news\/maciver-prodlouzila\/\" \/>\n<meta property=\"og:locale\" content=\"cs_CZ\" \/>\n<meta property=\"og:type\" content=\"article\" \/>\n<meta property=\"og:title\" content=\"MacIver prodlou\u017eila - Official Czech &amp; Slovak Everton Supporters&#039; Club\" \/>\n<meta property=\"og:description\" content=\"Alexandra Elena MacIver, zn\u00e1m\u00e1 v evertonsk\u00fdch kruz\u00edch jako &#8222;Sandy&#8220; dnes prodlou\u017eila sv\u016fj evertonsk\u00fd kontrakt do konce \u010dervna 2023.\u00a0 T\u00edm roz\u0161\u00ed\u0159ila&hellip;\" \/>\n<meta property=\"og:url\" content=\"https:\/\/evertonfc.cz\/index.php\/news\/maciver-prodlouzila\/\" \/>\n<meta property=\"og:site_name\" content=\"Official Czech &amp; Slovak Everton Supporters&#039; Club\" \/>\n<meta property=\"article:publisher\" content=\"https:\/\/www.facebook.com\/everton.fans.cz.sk\" \/>\n<meta property=\"article:modified_time\" content=\"2021-03-15T20:26:29+00:00\" \/>\n<meta name=\"twitter:card\" content=\"summary_large_image\" \/>\n<meta name=\"twitter:label1\" content=\"Odhadovan\u00e1 doba \u010dten\u00ed\" \/>\n\t<meta name=\"twitter:data1\" content=\"1 minuta\" \/>\n<script type=\"application\/ld+json\" class=\"yoast-schema-graph\">{\"@context\":\"https:\/\/schema.org\",\"@graph\":[{\"@type\":\"WebPage\",\"@id\":\"https:\/\/evertonfc.cz\/index.php\/news\/maciver-prodlouzila\/\",\"url\":\"https:\/\/evertonfc.cz\/index.php\/news\/maciver-prodlouzila\/\",\"name\":\"MacIver prodlou\u017eila - Official Czech &amp; Slovak Everton Supporters&#039; Club\",\"isPartOf\":{\"@id\":\"https:\/\/evertonfc.cz\/#website\"},\"datePublished\":\"2021-03-15T19:18:29+00:00\",\"dateModified\":\"2021-03-15T20:26:29+00:00\",\"breadcrumb\":{\"@id\":\"https:\/\/evertonfc.cz\/index.php\/news\/maciver-prodlouzila\/#breadcrumb\"},\"inLanguage\":\"cs\",\"potentialAction\":[{\"@type\":\"ReadAction\",\"target\":[\"https:\/\/evertonfc.cz\/index.php\/news\/maciver-prodlouzila\/\"]}]},{\"@type\":\"BreadcrumbList\",\"@id\":\"https:\/\/evertonfc.cz\/index.php\/news\/maciver-prodlouzila\/#breadcrumb\",\"itemListElement\":[{\"@type\":\"ListItem\",\"position\":1,\"name\":\"Home\",\"item\":\"https:\/\/evertonfc.cz\/\"},{\"@type\":\"ListItem\",\"position\":2,\"name\":\"News\",\"item\":\"https:\/\/evertonfc.cz\/index.php\/news\/\"},{\"@type\":\"ListItem\",\"position\":3,\"name\":\"MacIver prodlou\u017eila\"}]},{\"@type\":\"WebSite\",\"@id\":\"https:\/\/evertonfc.cz\/#website\",\"url\":\"https:\/\/evertonfc.cz\/\",\"name\":\"Official Czech &amp; Slovak Everton Supporters&#039; Club\",\"description\":\"\",\"publisher\":{\"@id\":\"https:\/\/evertonfc.cz\/#organization\"},\"potentialAction\":[{\"@type\":\"SearchAction\",\"target\":{\"@type\":\"EntryPoint\",\"urlTemplate\":\"https:\/\/evertonfc.cz\/?s={search_term_string}\"},\"query-input\":{\"@type\":\"PropertyValueSpecification\",\"valueRequired\":true,\"valueName\":\"search_term_string\"}}],\"inLanguage\":\"cs\"},{\"@type\":\"Organization\",\"@id\":\"https:\/\/evertonfc.cz\/#organization\",\"name\":\"Official Czech & Slovak Everton Supporters' Club\",\"url\":\"https:\/\/evertonfc.cz\/\",\"logo\":{\"@type\":\"ImageObject\",\"inLanguage\":\"cs\",\"@id\":\"https:\/\/evertonfc.cz\/#\/schema\/logo\/image\/\",\"url\":\"https:\/\/evertonfc.cz\/wp-content\/uploads\/2019\/05\/logo.png\",\"contentUrl\":\"https:\/\/evertonfc.cz\/wp-content\/uploads\/2019\/05\/logo.png\",\"width\":112,\"height\":112,\"caption\":\"Official Czech & Slovak Everton Supporters' Club\"},\"image\":{\"@id\":\"https:\/\/evertonfc.cz\/#\/schema\/logo\/image\/\"},\"sameAs\":[\"https:\/\/www.facebook.com\/everton.fans.cz.sk\"]}]}<\/script>\n<!-- \/ Yoast SEO plugin. -->","yoast_head_json":{"title":"MacIver prodlou\u017eila - Official Czech &amp; Slovak Everton Supporters&#039; Club","robots":{"index":"index","follow":"follow","max-snippet":"max-snippet:-1","max-image-preview":"max-image-preview:large","max-video-preview":"max-video-preview:-1"},"canonical":"https:\/\/evertonfc.cz\/index.php\/news\/maciver-prodlouzila\/","og_locale":"cs_CZ","og_type":"article","og_title":"MacIver prodlou\u017eila - Official Czech &amp; Slovak Everton Supporters&#039; Club","og_description":"Alexandra Elena MacIver, zn\u00e1m\u00e1 v evertonsk\u00fdch kruz\u00edch jako &#8222;Sandy&#8220; dnes prodlou\u017eila sv\u016fj evertonsk\u00fd kontrakt do konce \u010dervna 2023.\u00a0 T\u00edm roz\u0161\u00ed\u0159ila&hellip;","og_url":"https:\/\/evertonfc.cz\/index.php\/news\/maciver-prodlouzila\/","og_site_name":"Official Czech &amp; Slovak Everton Supporters&#039; Club","article_publisher":"https:\/\/www.facebook.com\/everton.fans.cz.sk","article_modified_time":"2021-03-15T20:26:29+00:00","twitter_card":"summary_large_image","twitter_misc":{"Odhadovan\u00e1 doba \u010dten\u00ed":"1 minuta"},"schema":{"@context":"https:\/\/schema.org","@graph":[{"@type":"WebPage","@id":"https:\/\/evertonfc.cz\/index.php\/news\/maciver-prodlouzila\/","url":"https:\/\/evertonfc.cz\/index.php\/news\/maciver-prodlouzila\/","name":"MacIver prodlou\u017eila - Official Czech &amp; Slovak Everton Supporters&#039; Club","isPartOf":{"@id":"https:\/\/evertonfc.cz\/#website"},"datePublished":"2021-03-15T19:18:29+00:00","dateModified":"2021-03-15T20:26:29+00:00","breadcrumb":{"@id":"https:\/\/evertonfc.cz\/index.php\/news\/maciver-prodlouzila\/#breadcrumb"},"inLanguage":"cs","potentialAction":[{"@type":"ReadAction","target":["https:\/\/evertonfc.cz\/index.php\/news\/maciver-prodlouzila\/"]}]},{"@type":"BreadcrumbList","@id":"https:\/\/evertonfc.cz\/index.php\/news\/maciver-prodlouzila\/#breadcrumb","itemListElement":[{"@type":"ListItem","position":1,"name":"Home","item":"https:\/\/evertonfc.cz\/"},{"@type":"ListItem","position":2,"name":"News","item":"https:\/\/evertonfc.cz\/index.php\/news\/"},{"@type":"ListItem","position":3,"name":"MacIver prodlou\u017eila"}]},{"@type":"WebSite","@id":"https:\/\/evertonfc.cz\/#website","url":"https:\/\/evertonfc.cz\/","name":"Official Czech &amp; Slovak Everton Supporters&#039; Club","description":"","publisher":{"@id":"https:\/\/evertonfc.cz\/#organization"},"potentialAction":[{"@type":"SearchAction","target":{"@type":"EntryPoint","urlTemplate":"https:\/\/evertonfc.cz\/?s={search_term_string}"},"query-input":{"@type":"PropertyValueSpecification","valueRequired":true,"valueName":"search_term_string"}}],"inLanguage":"cs"},{"@type":"Organization","@id":"https:\/\/evertonfc.cz\/#organization","name":"Official Czech & Slovak Everton Supporters' Club","url":"https:\/\/evertonfc.cz\/","logo":{"@type":"ImageObject","inLanguage":"cs","@id":"https:\/\/evertonfc.cz\/#\/schema\/logo\/image\/","url":"https:\/\/evertonfc.cz\/wp-content\/uploads\/2019\/05\/logo.png","contentUrl":"https:\/\/evertonfc.cz\/wp-content\/uploads\/2019\/05\/logo.png","width":112,"height":112,"caption":"Official Czech & Slovak Everton Supporters' Club"},"image":{"@id":"https:\/\/evertonfc.cz\/#\/schema\/logo\/image\/"},"sameAs":["https:\/\/www.facebook.com\/everton.fans.cz.sk"]}]}},"_links":{"self":[{"href":"https:\/\/evertonfc.cz\/index.php\/wp-json\/wp\/v2\/news\/14673"}],"collection":[{"href":"https:\/\/evertonfc.cz\/index.php\/wp-json\/wp\/v2\/news"}],"about":[{"href":"https:\/\/evertonfc.cz\/index.php\/wp-json\/wp\/v2\/types\/news"}],"author":[{"embeddable":true,"href":"https:\/\/evertonfc.cz\/index.php\/wp-json\/wp\/v2\/users\/26"}],"replies":[{"embeddable":true,"href":"https:\/\/evertonfc.cz\/index.php\/wp-json\/wp\/v2\/comments?post=14673"}],"version-history":[{"count":1,"href":"https:\/\/evertonfc.cz\/index.php\/wp-json\/wp\/v2\/news\/14673\/revisions"}],"predecessor-version":[{"id":14693,"href":"https:\/\/evertonfc.cz\/index.php\/wp-json\/wp\/v2\/news\/14673\/revisions\/14693"}],"wp:attachment":[{"href":"https:\/\/evertonfc.cz\/index.php\/wp-json\/wp\/v2\/media?parent=14673"}],"wp:term":[{"taxonomy":"post_tag","embeddable":true,"href":"https:\/\/evertonfc.cz\/index.php\/wp-json\/wp\/v2\/tags?post=14673"},{"taxonomy":"news-category","embeddable":true,"href":"https:\/\/evertonfc.cz\/index.php\/wp-json\/wp\/v2\/news-category?post=14673"}],"curies":[{"name":"wp","href":"https:\/\/api.w.org\/{rel}","templated":true}]}}