{"id":14800,"date":"2021-03-24T16:21:43","date_gmt":"2021-03-24T15:21:43","guid":{"rendered":"https:\/\/evertonfc.cz\/?post_type=news&#038;p=14800"},"modified":"2021-03-24T16:23:09","modified_gmt":"2021-03-24T15:23:09","slug":"baningime-nema-v-derby-priestor","status":"publish","type":"news","link":"https:\/\/evertonfc.cz\/index.php\/news\/baningime-nema-v-derby-priestor\/","title":{"rendered":"Baningime nem\u00e1 v Derby priestor"},"content":{"rendered":"<p><a href=\"https:\/\/evertonfc.cz\/index.php\/soupiska\/beni-baningime\/\">Dvadsa\u0165dvaro\u010dn\u00fd z\u00e1lo\u017en\u00edk<\/a>, ktor\u00fd v janu\u00e1rovom okne odi\u0161iel hos\u0165ova\u0165 do druholigov\u00e9ho Derby County, neza\u017e\u00edva pr\u00e1ve najlep\u0161ie obdobie svojej futbalovej kari\u00e9ry. Odkedy do\u010dasne prest\u00fapil na Pride Park, nast\u00fapil v z\u00e1kladnej zostave mana\u017e\u00e9ra Rooneyho len raz, a posledn\u00fdch p\u00e4\u0165 z\u00e1pasov do hry v\u00f4bec nezasiahol. Celkovo z dvan\u00e1stich mo\u017en\u00fdch stretnut\u00ed si prip\u00edsal len 93 min\u00fat v dvoch dueloch.<\/p>\n<p>\u010c\u00edm to je? Okrem toho, \u017ee The Rams maj\u00fa u\u017e po\u017ei\u010dan\u00fdch \u0161es\u0165 hr\u00e1\u010dov, a\u00a0v\u00a0s\u00fapiske na z\u00e1pas m\u00f4\u017ee by\u0165 nominovan\u00fdch len p\u00e4\u0165 \u2013 \u010do rezultovalo v\u00a0Beniho odsunutie na trib\u00fanu hne\u010f v\u00a0\u0161tyroch pr\u00edpadoch, sa zverenci b\u00fdval\u00e9ho hr\u00e1\u010da Evertonu a\u00a0Manchesteru United v\u00fdsledkovo tr\u00e1pia a\u00a0bojuj\u00fa o\u00a0zotrvanie v\u00a0druhej najvy\u0161\u0161ej s\u00fa\u0165a\u017ei. Aktu\u00e1lne u\u017e nevyhrali ani jeden z\u00a0posledn\u00fdch \u00f4smich z\u00e1pasov.<\/p>\n<p>Pre odchovanca akad\u00e9mie to preto nevyzer\u00e1 ru\u017eovo. U\u017e prv\u00e9 hos\u0165ovanie vo Wigane predminul\u00fa sez\u00f3nu mu absol\u00fatne nevy\u0161lo. No zmluvu s\u00a0Evertonom m\u00e1 platn\u00fa e\u0161te na \u010fal\u0161\u00ed rok. Preto je diskutabiln\u00e9, ak\u00fd pr\u00ednos bude ma\u0165 v\u00a0lete jeho zotrvanie v\u00a0klube. Wayne Rooney na jeho situ\u00e1ciu odpovedal nasledovne:<\/p>\n<blockquote><p><span style=\"font-size: 12pt;\"><em>\u201eKe\u010f privediete hr\u00e1\u010da, chcete mu da\u0165 pr\u00edle\u017eitos\u0165 zauja\u0165. Ale v\u00a0tejto chv\u00edli a\u00a0v\u00a0na\u0161om rozpolo\u017een\u00ed je pre m\u0148a \u0165a\u017ek\u00e9 da\u0165 mu min\u00faty. Mysl\u00edm si, \u017ee stred po\u013ea je ve\u013emi d\u00f4le\u017eit\u00e1 poz\u00edcia pre t\u00edm a\u00a0je to len o\u00a0tom, n\u00e1js\u0165 pre neho vhodn\u00fd \u010das, aby ke\u010f pri\u0161iel, svoju \u0161ancu vyu\u017eil.\u201c<\/em><\/span><\/p><\/blockquote>\n","protected":false},"excerpt":{"rendered":"<p>Dvadsa\u0165dvaro\u010dn\u00fd z\u00e1lo\u017en\u00edk, ktor\u00fd v janu\u00e1rovom okne odi\u0161iel hos\u0165ova\u0165 do druholigov\u00e9ho Derby County, neza\u017e\u00edva pr\u00e1ve najlep\u0161ie obdobie svojej futbalovej kari\u00e9ry. Odkedy&hellip;<\/p>\n","protected":false},"author":1,"featured_media":0,"comment_status":"open","ping_status":"closed","template":"","tags":[],"news-category":[18],"yoast_head":"<!-- This site is optimized with the Yoast SEO plugin v23.4 - https:\/\/yoast.com\/wordpress\/plugins\/seo\/ -->\n<title>Baningime nem\u00e1 v Derby priestor - Official Czech &amp; Slovak Everton Supporters&#039; Club<\/title>\n<meta name=\"robots\" content=\"index, follow, max-snippet:-1, max-image-preview:large, max-video-preview:-1\" \/>\n<link rel=\"canonical\" href=\"https:\/\/evertonfc.cz\/index.php\/news\/baningime-nema-v-derby-priestor\/\" \/>\n<meta property=\"og:locale\" content=\"cs_CZ\" \/>\n<meta property=\"og:type\" content=\"article\" \/>\n<meta property=\"og:title\" content=\"Baningime nem\u00e1 v Derby priestor - Official Czech &amp; Slovak Everton Supporters&#039; Club\" \/>\n<meta property=\"og:description\" content=\"Dvadsa\u0165dvaro\u010dn\u00fd z\u00e1lo\u017en\u00edk, ktor\u00fd v janu\u00e1rovom okne odi\u0161iel hos\u0165ova\u0165 do druholigov\u00e9ho Derby County, neza\u017e\u00edva pr\u00e1ve najlep\u0161ie obdobie svojej futbalovej kari\u00e9ry. Odkedy&hellip;\" \/>\n<meta property=\"og:url\" content=\"https:\/\/evertonfc.cz\/index.php\/news\/baningime-nema-v-derby-priestor\/\" \/>\n<meta property=\"og:site_name\" content=\"Official Czech &amp; Slovak Everton Supporters&#039; Club\" \/>\n<meta property=\"article:publisher\" content=\"https:\/\/www.facebook.com\/everton.fans.cz.sk\" \/>\n<meta property=\"article:modified_time\" content=\"2021-03-24T15:23:09+00:00\" \/>\n<meta name=\"twitter:card\" content=\"summary_large_image\" \/>\n<meta name=\"twitter:label1\" content=\"Odhadovan\u00e1 doba \u010dten\u00ed\" \/>\n\t<meta name=\"twitter:data1\" content=\"1 minuta\" \/>\n<script type=\"application\/ld+json\" class=\"yoast-schema-graph\">{\"@context\":\"https:\/\/schema.org\",\"@graph\":[{\"@type\":\"WebPage\",\"@id\":\"https:\/\/evertonfc.cz\/index.php\/news\/baningime-nema-v-derby-priestor\/\",\"url\":\"https:\/\/evertonfc.cz\/index.php\/news\/baningime-nema-v-derby-priestor\/\",\"name\":\"Baningime nem\u00e1 v Derby priestor - Official Czech &amp; Slovak Everton Supporters&#039; Club\",\"isPartOf\":{\"@id\":\"https:\/\/evertonfc.cz\/#website\"},\"datePublished\":\"2021-03-24T15:21:43+00:00\",\"dateModified\":\"2021-03-24T15:23:09+00:00\",\"breadcrumb\":{\"@id\":\"https:\/\/evertonfc.cz\/index.php\/news\/baningime-nema-v-derby-priestor\/#breadcrumb\"},\"inLanguage\":\"cs\",\"potentialAction\":[{\"@type\":\"ReadAction\",\"target\":[\"https:\/\/evertonfc.cz\/index.php\/news\/baningime-nema-v-derby-priestor\/\"]}]},{\"@type\":\"BreadcrumbList\",\"@id\":\"https:\/\/evertonfc.cz\/index.php\/news\/baningime-nema-v-derby-priestor\/#breadcrumb\",\"itemListElement\":[{\"@type\":\"ListItem\",\"position\":1,\"name\":\"Home\",\"item\":\"https:\/\/evertonfc.cz\/\"},{\"@type\":\"ListItem\",\"position\":2,\"name\":\"News\",\"item\":\"https:\/\/evertonfc.cz\/index.php\/news\/\"},{\"@type\":\"ListItem\",\"position\":3,\"name\":\"Baningime nem\u00e1 v Derby priestor\"}]},{\"@type\":\"WebSite\",\"@id\":\"https:\/\/evertonfc.cz\/#website\",\"url\":\"https:\/\/evertonfc.cz\/\",\"name\":\"Official Czech &amp; Slovak Everton Supporters&#039; Club\",\"description\":\"\",\"publisher\":{\"@id\":\"https:\/\/evertonfc.cz\/#organization\"},\"potentialAction\":[{\"@type\":\"SearchAction\",\"target\":{\"@type\":\"EntryPoint\",\"urlTemplate\":\"https:\/\/evertonfc.cz\/?s={search_term_string}\"},\"query-input\":{\"@type\":\"PropertyValueSpecification\",\"valueRequired\":true,\"valueName\":\"search_term_string\"}}],\"inLanguage\":\"cs\"},{\"@type\":\"Organization\",\"@id\":\"https:\/\/evertonfc.cz\/#organization\",\"name\":\"Official Czech & Slovak Everton Supporters' Club\",\"url\":\"https:\/\/evertonfc.cz\/\",\"logo\":{\"@type\":\"ImageObject\",\"inLanguage\":\"cs\",\"@id\":\"https:\/\/evertonfc.cz\/#\/schema\/logo\/image\/\",\"url\":\"https:\/\/evertonfc.cz\/wp-content\/uploads\/2019\/05\/logo.png\",\"contentUrl\":\"https:\/\/evertonfc.cz\/wp-content\/uploads\/2019\/05\/logo.png\",\"width\":112,\"height\":112,\"caption\":\"Official Czech & Slovak Everton Supporters' Club\"},\"image\":{\"@id\":\"https:\/\/evertonfc.cz\/#\/schema\/logo\/image\/\"},\"sameAs\":[\"https:\/\/www.facebook.com\/everton.fans.cz.sk\"]}]}<\/script>\n<!-- \/ Yoast SEO plugin. -->","yoast_head_json":{"title":"Baningime nem\u00e1 v Derby priestor - Official Czech &amp; Slovak Everton Supporters&#039; Club","robots":{"index":"index","follow":"follow","max-snippet":"max-snippet:-1","max-image-preview":"max-image-preview:large","max-video-preview":"max-video-preview:-1"},"canonical":"https:\/\/evertonfc.cz\/index.php\/news\/baningime-nema-v-derby-priestor\/","og_locale":"cs_CZ","og_type":"article","og_title":"Baningime nem\u00e1 v Derby priestor - Official Czech &amp; Slovak Everton Supporters&#039; Club","og_description":"Dvadsa\u0165dvaro\u010dn\u00fd z\u00e1lo\u017en\u00edk, ktor\u00fd v janu\u00e1rovom okne odi\u0161iel hos\u0165ova\u0165 do druholigov\u00e9ho Derby County, neza\u017e\u00edva pr\u00e1ve najlep\u0161ie obdobie svojej futbalovej kari\u00e9ry. Odkedy&hellip;","og_url":"https:\/\/evertonfc.cz\/index.php\/news\/baningime-nema-v-derby-priestor\/","og_site_name":"Official Czech &amp; Slovak Everton Supporters&#039; Club","article_publisher":"https:\/\/www.facebook.com\/everton.fans.cz.sk","article_modified_time":"2021-03-24T15:23:09+00:00","twitter_card":"summary_large_image","twitter_misc":{"Odhadovan\u00e1 doba \u010dten\u00ed":"1 minuta"},"schema":{"@context":"https:\/\/schema.org","@graph":[{"@type":"WebPage","@id":"https:\/\/evertonfc.cz\/index.php\/news\/baningime-nema-v-derby-priestor\/","url":"https:\/\/evertonfc.cz\/index.php\/news\/baningime-nema-v-derby-priestor\/","name":"Baningime nem\u00e1 v Derby priestor - Official Czech &amp; Slovak Everton Supporters&#039; Club","isPartOf":{"@id":"https:\/\/evertonfc.cz\/#website"},"datePublished":"2021-03-24T15:21:43+00:00","dateModified":"2021-03-24T15:23:09+00:00","breadcrumb":{"@id":"https:\/\/evertonfc.cz\/index.php\/news\/baningime-nema-v-derby-priestor\/#breadcrumb"},"inLanguage":"cs","potentialAction":[{"@type":"ReadAction","target":["https:\/\/evertonfc.cz\/index.php\/news\/baningime-nema-v-derby-priestor\/"]}]},{"@type":"BreadcrumbList","@id":"https:\/\/evertonfc.cz\/index.php\/news\/baningime-nema-v-derby-priestor\/#breadcrumb","itemListElement":[{"@type":"ListItem","position":1,"name":"Home","item":"https:\/\/evertonfc.cz\/"},{"@type":"ListItem","position":2,"name":"News","item":"https:\/\/evertonfc.cz\/index.php\/news\/"},{"@type":"ListItem","position":3,"name":"Baningime nem\u00e1 v Derby priestor"}]},{"@type":"WebSite","@id":"https:\/\/evertonfc.cz\/#website","url":"https:\/\/evertonfc.cz\/","name":"Official Czech &amp; Slovak Everton Supporters&#039; Club","description":"","publisher":{"@id":"https:\/\/evertonfc.cz\/#organization"},"potentialAction":[{"@type":"SearchAction","target":{"@type":"EntryPoint","urlTemplate":"https:\/\/evertonfc.cz\/?s={search_term_string}"},"query-input":{"@type":"PropertyValueSpecification","valueRequired":true,"valueName":"search_term_string"}}],"inLanguage":"cs"},{"@type":"Organization","@id":"https:\/\/evertonfc.cz\/#organization","name":"Official Czech & Slovak Everton Supporters' Club","url":"https:\/\/evertonfc.cz\/","logo":{"@type":"ImageObject","inLanguage":"cs","@id":"https:\/\/evertonfc.cz\/#\/schema\/logo\/image\/","url":"https:\/\/evertonfc.cz\/wp-content\/uploads\/2019\/05\/logo.png","contentUrl":"https:\/\/evertonfc.cz\/wp-content\/uploads\/2019\/05\/logo.png","width":112,"height":112,"caption":"Official Czech & Slovak Everton Supporters' Club"},"image":{"@id":"https:\/\/evertonfc.cz\/#\/schema\/logo\/image\/"},"sameAs":["https:\/\/www.facebook.com\/everton.fans.cz.sk"]}]}},"_links":{"self":[{"href":"https:\/\/evertonfc.cz\/index.php\/wp-json\/wp\/v2\/news\/14800"}],"collection":[{"href":"https:\/\/evertonfc.cz\/index.php\/wp-json\/wp\/v2\/news"}],"about":[{"href":"https:\/\/evertonfc.cz\/index.php\/wp-json\/wp\/v2\/types\/news"}],"author":[{"embeddable":true,"href":"https:\/\/evertonfc.cz\/index.php\/wp-json\/wp\/v2\/users\/1"}],"replies":[{"embeddable":true,"href":"https:\/\/evertonfc.cz\/index.php\/wp-json\/wp\/v2\/comments?post=14800"}],"version-history":[{"count":1,"href":"https:\/\/evertonfc.cz\/index.php\/wp-json\/wp\/v2\/news\/14800\/revisions"}],"predecessor-version":[{"id":14801,"href":"https:\/\/evertonfc.cz\/index.php\/wp-json\/wp\/v2\/news\/14800\/revisions\/14801"}],"wp:attachment":[{"href":"https:\/\/evertonfc.cz\/index.php\/wp-json\/wp\/v2\/media?parent=14800"}],"wp:term":[{"taxonomy":"post_tag","embeddable":true,"href":"https:\/\/evertonfc.cz\/index.php\/wp-json\/wp\/v2\/tags?post=14800"},{"taxonomy":"news-category","embeddable":true,"href":"https:\/\/evertonfc.cz\/index.php\/wp-json\/wp\/v2\/news-category?post=14800"}],"curies":[{"name":"wp","href":"https:\/\/api.w.org\/{rel}","templated":true}]}}