{"id":14909,"date":"2021-04-07T12:26:08","date_gmt":"2021-04-07T10:26:08","guid":{"rendered":"https:\/\/evertonfc.cz\/?post_type=news&#038;p=14909"},"modified":"2021-04-07T12:26:08","modified_gmt":"2021-04-07T10:26:08","slug":"onyango-si-do-konca-sezony-nekopne","status":"publish","type":"news","link":"https:\/\/evertonfc.cz\/index.php\/news\/onyango-si-do-konca-sezony-nekopne\/","title":{"rendered":"Onyango si do konca sez\u00f3ny nekopne"},"content":{"rendered":"<p>Osemn\u00e1s\u0165ro\u010dn\u00fd stredn\u00fd z\u00e1lo\u017en\u00edk Tyler Onyango utrpel z\u00e1va\u017en\u00fa zlomeninu \u010dlenka a po\u0161kodenie v\u00e4zov v z\u00e1pase \u0161tvrt\u00e9ho kola FA Youth Cupu pri v\u00ed\u0165azstve nad Manchestrom City 1:0 v sobotu 3. apr\u00edla.<\/p>\n<p>Kapit\u00e1n v\u00fdberu Evertonu do 18 rokov bol v druhom pol\u010dase z\u00e1pasu zozadu nebezpe\u010dne atakovan\u00fd Alexom Robertsonom, \u010do vy\u00fastilo v nepr\u00edjemn\u00e9 zranenie. Z\u00e1lo\u017en\u00edk Manchestru City sa nesk\u00f4r ospravedl\u0148oval hr\u00e1\u010dom Evertonu, ke\u010f bol Onyango odn\u00e1\u0161an\u00fd na nosidl\u00e1ch len p\u00e1r min\u00fat pred koncom stretnutia.<\/p>\n<p>Hr\u00e1\u010d bol n\u00e1sledne klubov\u00fdm zdravotn\u00edckym person\u00e1lom prevezen\u00fd do nemocnice na r\u00f6ntgen. Tam odhalili rozsah \u0161k\u00f4d na nohe sp\u00f4soben\u00fd nedbal\u00fdm z\u00e1krokom s\u00fapera. Klub u\u017e potvrdil, \u017ee bude oper\u00e1cia je nutn\u00e1. Mlad\u00edk ju podst\u00fapi tento t\u00fd\u017ede\u0148 v Lond\u00fdne na opravu po\u0161koden\u00fdch v\u00e4zov e\u0161te predt\u00fdm, ne\u017e za\u010dne rehabilita\u010dn\u00fd proces.<\/p>\n<p>Pre Onyanga je to ve\u013ek\u00e1 smola. Patr\u00ed toti\u017e k najv\u00e4\u010d\u0161\u00edm s\u00fa\u010dasn\u00fdm talentom akad\u00e9mie. T\u00fato sez\u00f3nu dokonca debutoval aj v prvom t\u00edme, ke\u010f striedal z lavi\u010dky v z\u00e1vere\u010dnej f\u00e1ze v\u00ed\u0165azstva 3:0 v FA Cupe nad Sheffieldom Wednesday v Goodison Parku. Posledn\u00fdch p\u00e1r mesiacov bol tie\u017e pravideln\u00fdm \u00fa\u010dastn\u00edkom tr\u00e9ningov prv\u00e9ho t\u00edmu.<\/p>\n<p>Zatia\u013e nebol stanoven\u00fd presn\u00fd \u010dasov\u00fd odhad, dokedy m\u00f4\u017ee by\u0165 Tyler mimo hry.<\/p>\n<blockquote><p><span style=\"font-size: 12pt;\"><em>&#8222;Jeho zranenie bolo skuto\u010dne ne\u0161\u0165astn\u00e9, ale toto sa niekedy m\u00f4\u017ee sta\u0165 vo futbale. Mus\u00ed zosta\u0165 celkom pokojn\u00fd. M\u00f4\u017ee ma\u0165 fantastick\u00fa kari\u00e9ru. D\u00fafam, \u017ee sa \u010doskoro uzdrav\u00ed.&#8220; &#8211;<\/em><strong> Carlo Ancelotti<\/strong><\/span><\/p><\/blockquote>\n","protected":false},"excerpt":{"rendered":"<p>Osemn\u00e1s\u0165ro\u010dn\u00fd stredn\u00fd z\u00e1lo\u017en\u00edk Tyler Onyango utrpel z\u00e1va\u017en\u00fa zlomeninu \u010dlenka a po\u0161kodenie v\u00e4zov v z\u00e1pase \u0161tvrt\u00e9ho kola FA Youth Cupu pri&hellip;<\/p>\n","protected":false},"author":1,"featured_media":0,"comment_status":"open","ping_status":"closed","template":"","tags":[],"news-category":[18],"yoast_head":"<!-- This site is optimized with the Yoast SEO plugin v23.4 - https:\/\/yoast.com\/wordpress\/plugins\/seo\/ -->\n<title>Onyango si do konca sez\u00f3ny nekopne - Official Czech &amp; Slovak Everton Supporters&#039; Club<\/title>\n<meta name=\"robots\" content=\"index, follow, max-snippet:-1, max-image-preview:large, max-video-preview:-1\" \/>\n<link rel=\"canonical\" href=\"https:\/\/evertonfc.cz\/index.php\/news\/onyango-si-do-konca-sezony-nekopne\/\" \/>\n<meta property=\"og:locale\" content=\"cs_CZ\" \/>\n<meta property=\"og:type\" content=\"article\" \/>\n<meta property=\"og:title\" content=\"Onyango si do konca sez\u00f3ny nekopne - Official Czech &amp; Slovak Everton Supporters&#039; Club\" \/>\n<meta property=\"og:description\" content=\"Osemn\u00e1s\u0165ro\u010dn\u00fd stredn\u00fd z\u00e1lo\u017en\u00edk Tyler Onyango utrpel z\u00e1va\u017en\u00fa zlomeninu \u010dlenka a po\u0161kodenie v\u00e4zov v z\u00e1pase \u0161tvrt\u00e9ho kola FA Youth Cupu pri&hellip;\" \/>\n<meta property=\"og:url\" content=\"https:\/\/evertonfc.cz\/index.php\/news\/onyango-si-do-konca-sezony-nekopne\/\" \/>\n<meta property=\"og:site_name\" content=\"Official Czech &amp; Slovak Everton Supporters&#039; Club\" \/>\n<meta property=\"article:publisher\" content=\"https:\/\/www.facebook.com\/everton.fans.cz.sk\" \/>\n<meta name=\"twitter:card\" content=\"summary_large_image\" \/>\n<meta name=\"twitter:label1\" content=\"Odhadovan\u00e1 doba \u010dten\u00ed\" \/>\n\t<meta name=\"twitter:data1\" content=\"1 minuta\" \/>\n<script type=\"application\/ld+json\" class=\"yoast-schema-graph\">{\"@context\":\"https:\/\/schema.org\",\"@graph\":[{\"@type\":\"WebPage\",\"@id\":\"https:\/\/evertonfc.cz\/index.php\/news\/onyango-si-do-konca-sezony-nekopne\/\",\"url\":\"https:\/\/evertonfc.cz\/index.php\/news\/onyango-si-do-konca-sezony-nekopne\/\",\"name\":\"Onyango si do konca sez\u00f3ny nekopne - Official Czech &amp; Slovak Everton Supporters&#039; Club\",\"isPartOf\":{\"@id\":\"https:\/\/evertonfc.cz\/#website\"},\"datePublished\":\"2021-04-07T10:26:08+00:00\",\"dateModified\":\"2021-04-07T10:26:08+00:00\",\"breadcrumb\":{\"@id\":\"https:\/\/evertonfc.cz\/index.php\/news\/onyango-si-do-konca-sezony-nekopne\/#breadcrumb\"},\"inLanguage\":\"cs\",\"potentialAction\":[{\"@type\":\"ReadAction\",\"target\":[\"https:\/\/evertonfc.cz\/index.php\/news\/onyango-si-do-konca-sezony-nekopne\/\"]}]},{\"@type\":\"BreadcrumbList\",\"@id\":\"https:\/\/evertonfc.cz\/index.php\/news\/onyango-si-do-konca-sezony-nekopne\/#breadcrumb\",\"itemListElement\":[{\"@type\":\"ListItem\",\"position\":1,\"name\":\"Home\",\"item\":\"https:\/\/evertonfc.cz\/\"},{\"@type\":\"ListItem\",\"position\":2,\"name\":\"News\",\"item\":\"https:\/\/evertonfc.cz\/index.php\/news\/\"},{\"@type\":\"ListItem\",\"position\":3,\"name\":\"Onyango si do konca sez\u00f3ny nekopne\"}]},{\"@type\":\"WebSite\",\"@id\":\"https:\/\/evertonfc.cz\/#website\",\"url\":\"https:\/\/evertonfc.cz\/\",\"name\":\"Official Czech &amp; Slovak Everton Supporters&#039; Club\",\"description\":\"\",\"publisher\":{\"@id\":\"https:\/\/evertonfc.cz\/#organization\"},\"potentialAction\":[{\"@type\":\"SearchAction\",\"target\":{\"@type\":\"EntryPoint\",\"urlTemplate\":\"https:\/\/evertonfc.cz\/?s={search_term_string}\"},\"query-input\":{\"@type\":\"PropertyValueSpecification\",\"valueRequired\":true,\"valueName\":\"search_term_string\"}}],\"inLanguage\":\"cs\"},{\"@type\":\"Organization\",\"@id\":\"https:\/\/evertonfc.cz\/#organization\",\"name\":\"Official Czech & Slovak Everton Supporters' Club\",\"url\":\"https:\/\/evertonfc.cz\/\",\"logo\":{\"@type\":\"ImageObject\",\"inLanguage\":\"cs\",\"@id\":\"https:\/\/evertonfc.cz\/#\/schema\/logo\/image\/\",\"url\":\"https:\/\/evertonfc.cz\/wp-content\/uploads\/2019\/05\/logo.png\",\"contentUrl\":\"https:\/\/evertonfc.cz\/wp-content\/uploads\/2019\/05\/logo.png\",\"width\":112,\"height\":112,\"caption\":\"Official Czech & Slovak Everton Supporters' Club\"},\"image\":{\"@id\":\"https:\/\/evertonfc.cz\/#\/schema\/logo\/image\/\"},\"sameAs\":[\"https:\/\/www.facebook.com\/everton.fans.cz.sk\"]}]}<\/script>\n<!-- \/ Yoast SEO plugin. -->","yoast_head_json":{"title":"Onyango si do konca sez\u00f3ny nekopne - Official Czech &amp; Slovak Everton Supporters&#039; Club","robots":{"index":"index","follow":"follow","max-snippet":"max-snippet:-1","max-image-preview":"max-image-preview:large","max-video-preview":"max-video-preview:-1"},"canonical":"https:\/\/evertonfc.cz\/index.php\/news\/onyango-si-do-konca-sezony-nekopne\/","og_locale":"cs_CZ","og_type":"article","og_title":"Onyango si do konca sez\u00f3ny nekopne - Official Czech &amp; Slovak Everton Supporters&#039; Club","og_description":"Osemn\u00e1s\u0165ro\u010dn\u00fd stredn\u00fd z\u00e1lo\u017en\u00edk Tyler Onyango utrpel z\u00e1va\u017en\u00fa zlomeninu \u010dlenka a po\u0161kodenie v\u00e4zov v z\u00e1pase \u0161tvrt\u00e9ho kola FA Youth Cupu pri&hellip;","og_url":"https:\/\/evertonfc.cz\/index.php\/news\/onyango-si-do-konca-sezony-nekopne\/","og_site_name":"Official Czech &amp; Slovak Everton Supporters&#039; Club","article_publisher":"https:\/\/www.facebook.com\/everton.fans.cz.sk","twitter_card":"summary_large_image","twitter_misc":{"Odhadovan\u00e1 doba \u010dten\u00ed":"1 minuta"},"schema":{"@context":"https:\/\/schema.org","@graph":[{"@type":"WebPage","@id":"https:\/\/evertonfc.cz\/index.php\/news\/onyango-si-do-konca-sezony-nekopne\/","url":"https:\/\/evertonfc.cz\/index.php\/news\/onyango-si-do-konca-sezony-nekopne\/","name":"Onyango si do konca sez\u00f3ny nekopne - Official Czech &amp; Slovak Everton Supporters&#039; Club","isPartOf":{"@id":"https:\/\/evertonfc.cz\/#website"},"datePublished":"2021-04-07T10:26:08+00:00","dateModified":"2021-04-07T10:26:08+00:00","breadcrumb":{"@id":"https:\/\/evertonfc.cz\/index.php\/news\/onyango-si-do-konca-sezony-nekopne\/#breadcrumb"},"inLanguage":"cs","potentialAction":[{"@type":"ReadAction","target":["https:\/\/evertonfc.cz\/index.php\/news\/onyango-si-do-konca-sezony-nekopne\/"]}]},{"@type":"BreadcrumbList","@id":"https:\/\/evertonfc.cz\/index.php\/news\/onyango-si-do-konca-sezony-nekopne\/#breadcrumb","itemListElement":[{"@type":"ListItem","position":1,"name":"Home","item":"https:\/\/evertonfc.cz\/"},{"@type":"ListItem","position":2,"name":"News","item":"https:\/\/evertonfc.cz\/index.php\/news\/"},{"@type":"ListItem","position":3,"name":"Onyango si do konca sez\u00f3ny nekopne"}]},{"@type":"WebSite","@id":"https:\/\/evertonfc.cz\/#website","url":"https:\/\/evertonfc.cz\/","name":"Official Czech &amp; Slovak Everton Supporters&#039; Club","description":"","publisher":{"@id":"https:\/\/evertonfc.cz\/#organization"},"potentialAction":[{"@type":"SearchAction","target":{"@type":"EntryPoint","urlTemplate":"https:\/\/evertonfc.cz\/?s={search_term_string}"},"query-input":{"@type":"PropertyValueSpecification","valueRequired":true,"valueName":"search_term_string"}}],"inLanguage":"cs"},{"@type":"Organization","@id":"https:\/\/evertonfc.cz\/#organization","name":"Official Czech & Slovak Everton Supporters' Club","url":"https:\/\/evertonfc.cz\/","logo":{"@type":"ImageObject","inLanguage":"cs","@id":"https:\/\/evertonfc.cz\/#\/schema\/logo\/image\/","url":"https:\/\/evertonfc.cz\/wp-content\/uploads\/2019\/05\/logo.png","contentUrl":"https:\/\/evertonfc.cz\/wp-content\/uploads\/2019\/05\/logo.png","width":112,"height":112,"caption":"Official Czech & Slovak Everton Supporters' Club"},"image":{"@id":"https:\/\/evertonfc.cz\/#\/schema\/logo\/image\/"},"sameAs":["https:\/\/www.facebook.com\/everton.fans.cz.sk"]}]}},"_links":{"self":[{"href":"https:\/\/evertonfc.cz\/index.php\/wp-json\/wp\/v2\/news\/14909"}],"collection":[{"href":"https:\/\/evertonfc.cz\/index.php\/wp-json\/wp\/v2\/news"}],"about":[{"href":"https:\/\/evertonfc.cz\/index.php\/wp-json\/wp\/v2\/types\/news"}],"author":[{"embeddable":true,"href":"https:\/\/evertonfc.cz\/index.php\/wp-json\/wp\/v2\/users\/1"}],"replies":[{"embeddable":true,"href":"https:\/\/evertonfc.cz\/index.php\/wp-json\/wp\/v2\/comments?post=14909"}],"version-history":[{"count":0,"href":"https:\/\/evertonfc.cz\/index.php\/wp-json\/wp\/v2\/news\/14909\/revisions"}],"wp:attachment":[{"href":"https:\/\/evertonfc.cz\/index.php\/wp-json\/wp\/v2\/media?parent=14909"}],"wp:term":[{"taxonomy":"post_tag","embeddable":true,"href":"https:\/\/evertonfc.cz\/index.php\/wp-json\/wp\/v2\/tags?post=14909"},{"taxonomy":"news-category","embeddable":true,"href":"https:\/\/evertonfc.cz\/index.php\/wp-json\/wp\/v2\/news-category?post=14909"}],"curies":[{"name":"wp","href":"https:\/\/api.w.org\/{rel}","templated":true}]}}