{"id":14920,"date":"2021-04-10T18:29:45","date_gmt":"2021-04-10T16:29:45","guid":{"rendered":"https:\/\/evertonfc.cz\/?post_type=news&#038;p=14920"},"modified":"2021-04-10T18:48:40","modified_gmt":"2021-04-10T16:48:40","slug":"king-nie-je-presvedciva-posila","status":"publish","type":"news","link":"https:\/\/evertonfc.cz\/index.php\/news\/king-nie-je-presvedciva-posila\/","title":{"rendered":"King nie je presved\u010div\u00e1 posila"},"content":{"rendered":"<p>Janu\u00e1rov\u00fd prestup \u00fato\u010dn\u00edka <a href=\"https:\/\/evertonfc.cz\/index.php\/soupiska\/joshua-king\/\" target=\"_blank\" rel=\"noopener\">Joshuu Kinga<\/a> do Evertonu zatia\u013e nepotvrdzuje svoje opodstatnenie. N\u00f3rsky ofenz\u00edvny univerz\u00e1l, ktor\u00fd <a href=\"https:\/\/evertonfc.cz\/index.php\/2021\/02\/02\/na-posledni-chvili-mame-kinga\/\" target=\"_blank\" rel=\"noopener\">prest\u00fapil na Merseyside <\/a>z Bournemouthu len <a href=\"https:\/\/evertonfc.cz\/index.php\/2021\/02\/05\/kings-price-kings-prize\/\" target=\"_blank\" rel=\"noopener\">za nomin\u00e1lnu sumu<\/a>, odohral v kr\u00e1\u013eovskej modrej doposia\u013e len 117 min\u00fat v \u00f4smich z\u00e1pasoch. A zmluvu m\u00e1 len do konca aktu\u00e1lneho ro\u010dn\u00edka 2020\/21.<\/p>\n<p>Fan\u00fa\u0161ikovia The Toffees na tejto str\u00e1nke jeho situ\u00e1ciu tie\u017e vn\u00edmaj\u00fa rozporuplne. A\u00a0v\u00a0najnov\u0161ej ankete z\u00a0nich v\u00e4\u010d\u0161ina vyjadrila n\u00e1zor, \u017ee King nem\u00e1 dlhodob\u00fa bud\u00facnos\u0165 v\u00a0klube, a\u00a0pln\u00ed rolu len lacnej a\u00a0do\u010dasnej n\u00e1hrady po\u010das pand\u00e9mie, ktor\u00e1 finan\u010dne ovplyvnila aj Everton. Kompletn\u00e9 v\u00fdsledky hlasuj\u00facich s\u00fa tu:<\/p>\n<p class=\"panel-title\"><span style=\"text-decoration: underline;\">Zaujm\u00fa pod\u013ea v\u00e1s v\u00fdkony novej posily Kinga nato\u013eko, aby s n\u00edm Everton po sez\u00f3ne pred\u013a\u017eil zmluvu?<\/span><\/p>\n<ul>\n<li>16 hlasov (45.71%) &#8211;<strong> Nemysl\u00edm si, pri\u0161iel ako lacn\u00e1 a r\u00fdchla z\u00e1plata kv\u00f4li aktu\u00e1lnej koronakr\u00edze.<\/strong><\/li>\n<li>7 hlasov (20%) &#8211; <strong>\u00c1no, je to kvalitn\u00fd a v\u0161estrann\u00fd hr\u00e1\u010d, bude profitova\u0165 v lep\u0161om mu\u017estve.<\/strong><\/li>\n<li>6 hlasov (17.14%) &#8211; <strong>Mo\u017eno, ale v jeho neprospech hr\u00e1 vek a n\u00e1vrat Keana z hos\u0165ovania.<\/strong><\/li>\n<li>6 hlasov (17.14%) &#8211; <strong>Pravdepodobne bude chcie\u0165 od\u00eds\u0165 s\u00e1m pre nedostatok priestoru.<\/strong><\/li>\n<\/ul>\n","protected":false},"excerpt":{"rendered":"<p>Janu\u00e1rov\u00fd prestup \u00fato\u010dn\u00edka Joshuu Kinga do Evertonu zatia\u013e nepotvrdzuje svoje opodstatnenie. N\u00f3rsky ofenz\u00edvny univerz\u00e1l, ktor\u00fd prest\u00fapil na Merseyside z Bournemouthu&hellip;<\/p>\n","protected":false},"author":1,"featured_media":0,"comment_status":"open","ping_status":"closed","template":"","tags":[],"news-category":[18],"yoast_head":"<!-- This site is optimized with the Yoast SEO plugin v23.4 - https:\/\/yoast.com\/wordpress\/plugins\/seo\/ -->\n<title>King nie je presved\u010div\u00e1 posila - Official Czech &amp; Slovak Everton Supporters&#039; Club<\/title>\n<meta name=\"robots\" content=\"index, follow, max-snippet:-1, max-image-preview:large, max-video-preview:-1\" \/>\n<link rel=\"canonical\" href=\"https:\/\/evertonfc.cz\/index.php\/news\/king-nie-je-presvedciva-posila\/\" \/>\n<meta property=\"og:locale\" content=\"cs_CZ\" \/>\n<meta property=\"og:type\" content=\"article\" \/>\n<meta property=\"og:title\" content=\"King nie je presved\u010div\u00e1 posila - Official Czech &amp; Slovak Everton Supporters&#039; Club\" \/>\n<meta property=\"og:description\" content=\"Janu\u00e1rov\u00fd prestup \u00fato\u010dn\u00edka Joshuu Kinga do Evertonu zatia\u013e nepotvrdzuje svoje opodstatnenie. N\u00f3rsky ofenz\u00edvny univerz\u00e1l, ktor\u00fd prest\u00fapil na Merseyside z Bournemouthu&hellip;\" \/>\n<meta property=\"og:url\" content=\"https:\/\/evertonfc.cz\/index.php\/news\/king-nie-je-presvedciva-posila\/\" \/>\n<meta property=\"og:site_name\" content=\"Official Czech &amp; Slovak Everton Supporters&#039; Club\" \/>\n<meta property=\"article:publisher\" content=\"https:\/\/www.facebook.com\/everton.fans.cz.sk\" \/>\n<meta property=\"article:modified_time\" content=\"2021-04-10T16:48:40+00:00\" \/>\n<meta name=\"twitter:card\" content=\"summary_large_image\" \/>\n<meta name=\"twitter:label1\" content=\"Odhadovan\u00e1 doba \u010dten\u00ed\" \/>\n\t<meta name=\"twitter:data1\" content=\"1 minuta\" \/>\n<script type=\"application\/ld+json\" class=\"yoast-schema-graph\">{\"@context\":\"https:\/\/schema.org\",\"@graph\":[{\"@type\":\"WebPage\",\"@id\":\"https:\/\/evertonfc.cz\/index.php\/news\/king-nie-je-presvedciva-posila\/\",\"url\":\"https:\/\/evertonfc.cz\/index.php\/news\/king-nie-je-presvedciva-posila\/\",\"name\":\"King nie je presved\u010div\u00e1 posila - Official Czech &amp; Slovak Everton Supporters&#039; Club\",\"isPartOf\":{\"@id\":\"https:\/\/evertonfc.cz\/#website\"},\"datePublished\":\"2021-04-10T16:29:45+00:00\",\"dateModified\":\"2021-04-10T16:48:40+00:00\",\"breadcrumb\":{\"@id\":\"https:\/\/evertonfc.cz\/index.php\/news\/king-nie-je-presvedciva-posila\/#breadcrumb\"},\"inLanguage\":\"cs\",\"potentialAction\":[{\"@type\":\"ReadAction\",\"target\":[\"https:\/\/evertonfc.cz\/index.php\/news\/king-nie-je-presvedciva-posila\/\"]}]},{\"@type\":\"BreadcrumbList\",\"@id\":\"https:\/\/evertonfc.cz\/index.php\/news\/king-nie-je-presvedciva-posila\/#breadcrumb\",\"itemListElement\":[{\"@type\":\"ListItem\",\"position\":1,\"name\":\"Home\",\"item\":\"https:\/\/evertonfc.cz\/\"},{\"@type\":\"ListItem\",\"position\":2,\"name\":\"News\",\"item\":\"https:\/\/evertonfc.cz\/index.php\/news\/\"},{\"@type\":\"ListItem\",\"position\":3,\"name\":\"King nie je presved\u010div\u00e1 posila\"}]},{\"@type\":\"WebSite\",\"@id\":\"https:\/\/evertonfc.cz\/#website\",\"url\":\"https:\/\/evertonfc.cz\/\",\"name\":\"Official Czech &amp; Slovak Everton Supporters&#039; Club\",\"description\":\"\",\"publisher\":{\"@id\":\"https:\/\/evertonfc.cz\/#organization\"},\"potentialAction\":[{\"@type\":\"SearchAction\",\"target\":{\"@type\":\"EntryPoint\",\"urlTemplate\":\"https:\/\/evertonfc.cz\/?s={search_term_string}\"},\"query-input\":{\"@type\":\"PropertyValueSpecification\",\"valueRequired\":true,\"valueName\":\"search_term_string\"}}],\"inLanguage\":\"cs\"},{\"@type\":\"Organization\",\"@id\":\"https:\/\/evertonfc.cz\/#organization\",\"name\":\"Official Czech & Slovak Everton Supporters' Club\",\"url\":\"https:\/\/evertonfc.cz\/\",\"logo\":{\"@type\":\"ImageObject\",\"inLanguage\":\"cs\",\"@id\":\"https:\/\/evertonfc.cz\/#\/schema\/logo\/image\/\",\"url\":\"https:\/\/evertonfc.cz\/wp-content\/uploads\/2019\/05\/logo.png\",\"contentUrl\":\"https:\/\/evertonfc.cz\/wp-content\/uploads\/2019\/05\/logo.png\",\"width\":112,\"height\":112,\"caption\":\"Official Czech & Slovak Everton Supporters' Club\"},\"image\":{\"@id\":\"https:\/\/evertonfc.cz\/#\/schema\/logo\/image\/\"},\"sameAs\":[\"https:\/\/www.facebook.com\/everton.fans.cz.sk\"]}]}<\/script>\n<!-- \/ Yoast SEO plugin. -->","yoast_head_json":{"title":"King nie je presved\u010div\u00e1 posila - Official Czech &amp; Slovak Everton Supporters&#039; Club","robots":{"index":"index","follow":"follow","max-snippet":"max-snippet:-1","max-image-preview":"max-image-preview:large","max-video-preview":"max-video-preview:-1"},"canonical":"https:\/\/evertonfc.cz\/index.php\/news\/king-nie-je-presvedciva-posila\/","og_locale":"cs_CZ","og_type":"article","og_title":"King nie je presved\u010div\u00e1 posila - Official Czech &amp; Slovak Everton Supporters&#039; Club","og_description":"Janu\u00e1rov\u00fd prestup \u00fato\u010dn\u00edka Joshuu Kinga do Evertonu zatia\u013e nepotvrdzuje svoje opodstatnenie. N\u00f3rsky ofenz\u00edvny univerz\u00e1l, ktor\u00fd prest\u00fapil na Merseyside z Bournemouthu&hellip;","og_url":"https:\/\/evertonfc.cz\/index.php\/news\/king-nie-je-presvedciva-posila\/","og_site_name":"Official Czech &amp; Slovak Everton Supporters&#039; Club","article_publisher":"https:\/\/www.facebook.com\/everton.fans.cz.sk","article_modified_time":"2021-04-10T16:48:40+00:00","twitter_card":"summary_large_image","twitter_misc":{"Odhadovan\u00e1 doba \u010dten\u00ed":"1 minuta"},"schema":{"@context":"https:\/\/schema.org","@graph":[{"@type":"WebPage","@id":"https:\/\/evertonfc.cz\/index.php\/news\/king-nie-je-presvedciva-posila\/","url":"https:\/\/evertonfc.cz\/index.php\/news\/king-nie-je-presvedciva-posila\/","name":"King nie je presved\u010div\u00e1 posila - Official Czech &amp; Slovak Everton Supporters&#039; Club","isPartOf":{"@id":"https:\/\/evertonfc.cz\/#website"},"datePublished":"2021-04-10T16:29:45+00:00","dateModified":"2021-04-10T16:48:40+00:00","breadcrumb":{"@id":"https:\/\/evertonfc.cz\/index.php\/news\/king-nie-je-presvedciva-posila\/#breadcrumb"},"inLanguage":"cs","potentialAction":[{"@type":"ReadAction","target":["https:\/\/evertonfc.cz\/index.php\/news\/king-nie-je-presvedciva-posila\/"]}]},{"@type":"BreadcrumbList","@id":"https:\/\/evertonfc.cz\/index.php\/news\/king-nie-je-presvedciva-posila\/#breadcrumb","itemListElement":[{"@type":"ListItem","position":1,"name":"Home","item":"https:\/\/evertonfc.cz\/"},{"@type":"ListItem","position":2,"name":"News","item":"https:\/\/evertonfc.cz\/index.php\/news\/"},{"@type":"ListItem","position":3,"name":"King nie je presved\u010div\u00e1 posila"}]},{"@type":"WebSite","@id":"https:\/\/evertonfc.cz\/#website","url":"https:\/\/evertonfc.cz\/","name":"Official Czech &amp; Slovak Everton Supporters&#039; Club","description":"","publisher":{"@id":"https:\/\/evertonfc.cz\/#organization"},"potentialAction":[{"@type":"SearchAction","target":{"@type":"EntryPoint","urlTemplate":"https:\/\/evertonfc.cz\/?s={search_term_string}"},"query-input":{"@type":"PropertyValueSpecification","valueRequired":true,"valueName":"search_term_string"}}],"inLanguage":"cs"},{"@type":"Organization","@id":"https:\/\/evertonfc.cz\/#organization","name":"Official Czech & Slovak Everton Supporters' Club","url":"https:\/\/evertonfc.cz\/","logo":{"@type":"ImageObject","inLanguage":"cs","@id":"https:\/\/evertonfc.cz\/#\/schema\/logo\/image\/","url":"https:\/\/evertonfc.cz\/wp-content\/uploads\/2019\/05\/logo.png","contentUrl":"https:\/\/evertonfc.cz\/wp-content\/uploads\/2019\/05\/logo.png","width":112,"height":112,"caption":"Official Czech & Slovak Everton Supporters' Club"},"image":{"@id":"https:\/\/evertonfc.cz\/#\/schema\/logo\/image\/"},"sameAs":["https:\/\/www.facebook.com\/everton.fans.cz.sk"]}]}},"_links":{"self":[{"href":"https:\/\/evertonfc.cz\/index.php\/wp-json\/wp\/v2\/news\/14920"}],"collection":[{"href":"https:\/\/evertonfc.cz\/index.php\/wp-json\/wp\/v2\/news"}],"about":[{"href":"https:\/\/evertonfc.cz\/index.php\/wp-json\/wp\/v2\/types\/news"}],"author":[{"embeddable":true,"href":"https:\/\/evertonfc.cz\/index.php\/wp-json\/wp\/v2\/users\/1"}],"replies":[{"embeddable":true,"href":"https:\/\/evertonfc.cz\/index.php\/wp-json\/wp\/v2\/comments?post=14920"}],"version-history":[{"count":1,"href":"https:\/\/evertonfc.cz\/index.php\/wp-json\/wp\/v2\/news\/14920\/revisions"}],"predecessor-version":[{"id":14922,"href":"https:\/\/evertonfc.cz\/index.php\/wp-json\/wp\/v2\/news\/14920\/revisions\/14922"}],"wp:attachment":[{"href":"https:\/\/evertonfc.cz\/index.php\/wp-json\/wp\/v2\/media?parent=14920"}],"wp:term":[{"taxonomy":"post_tag","embeddable":true,"href":"https:\/\/evertonfc.cz\/index.php\/wp-json\/wp\/v2\/tags?post=14920"},{"taxonomy":"news-category","embeddable":true,"href":"https:\/\/evertonfc.cz\/index.php\/wp-json\/wp\/v2\/news-category?post=14920"}],"curies":[{"name":"wp","href":"https:\/\/api.w.org\/{rel}","templated":true}]}}