{"id":14941,"date":"2021-04-12T19:28:16","date_gmt":"2021-04-12T17:28:16","guid":{"rendered":"https:\/\/evertonfc.cz\/?post_type=news&#038;p=14941"},"modified":"2021-04-13T10:11:38","modified_gmt":"2021-04-13T08:11:38","slug":"gbamin-zase-zraneny","status":"publish","type":"news","link":"https:\/\/evertonfc.cz\/index.php\/news\/gbamin-zase-zraneny\/","title":{"rendered":"Gbamin zase zranen\u00fd"},"content":{"rendered":"<p>Defenz\u00edvny stredopoliar Evertonu Jean-Philippe Gbamin utrpel \u010fal\u0161ie zranenie. A to len p\u00e1r dn\u00ed po n\u00e1vrate z 19-mesa\u010dnej hernej absencie s radom \u0165ahav\u00fdch probl\u00e9mov. Nebol nominovan\u00fd ani do dne\u0161nej z\u00e1pasovej zostavy Evertonu proti Brighton &amp; Hove Albion. Mana\u017e\u00e9r Carlo Ancelotti potvrdil, \u017ee 25-ro\u010dn\u00fd stredopoliar Pobre\u017eia Slonoviny si po\u010das v\u00edkendov\u00e9ho tr\u00e9ningu\u00a0pri p\u00e1de na zem po\u0161kodil vn\u00fatorn\u00fd postrann\u00fd v\u00e4z v kolene.<\/p>\n<p>Ke\u010f\u017ee sa hr\u00e1 na ju\u017enom pobre\u017e\u00ed, Gbamin sa zajtra podrob\u00ed magnetickej rezonancii v Lond\u00fdne, aby sa ur\u010dil rozsah a z\u00e1va\u017enos\u0165 zranenia. Posila z Mainzu, ktor\u00e1 pri\u0161la na Merseyside e\u0161te v lete 2019, sa do\u010dkala dlho o\u010dak\u00e1van\u00e9ho n\u00e1vratu zo zranenia kvadricepsu a n\u00e1slednej roztrhnutej achilovky minul\u00fd t\u00fd\u017ede\u0148. 12-min\u00fatov\u00e9 vyst\u00fapenie po\u010das rem\u00edzy 1:1 s Crystal Palace v Goodison Parku bolo e\u0161te len jeho tretie v drese The Toffees. Hr\u00e1\u010d neskr\u00fdval svoje nad\u0161enie z n\u00e1vratu a chv\u00e1lil podporu v klube. Nazval ho svojou \u201edruhou rodinou\u201c.<\/p>\n<p>Predpoklad\u00e1 sa, \u017ee v tejto sez\u00f3ne si u\u017e nemus\u00ed zahra\u0165. A to predstavuje pre klub v\u00e1\u017eny probl\u00e9m. Gbaminov n\u00e1vrat toti\u017e pon\u00fakol ve\u013emi potrebn\u00fa podporu pre stred po\u013ea. Tam ch\u00fdba vplyvn\u00fd Abdoulaye Doucour\u00e9 so zlomeninou, a braz\u00edlsky reprezentant Allan sa k tr\u00e9ningu vr\u00e1til len minul\u00fd t\u00fd\u017ede\u0148. Tie\u017e ch\u00fdba Gomes kv\u00f4li zadn\u00e9mu stehenn\u00e9mu svalu, Delph a mlad\u00fd Onyango, podstupuj\u00faci oper\u00e1ciu.<\/p>\n","protected":false},"excerpt":{"rendered":"<p>Defenz\u00edvny stredopoliar Evertonu Jean-Philippe Gbamin utrpel \u010fal\u0161ie zranenie. A to len p\u00e1r dn\u00ed po n\u00e1vrate z 19-mesa\u010dnej hernej absencie s&hellip;<\/p>\n","protected":false},"author":1,"featured_media":0,"comment_status":"open","ping_status":"closed","template":"","tags":[],"news-category":[18],"yoast_head":"<!-- This site is optimized with the Yoast SEO plugin v23.4 - https:\/\/yoast.com\/wordpress\/plugins\/seo\/ -->\n<title>Gbamin zase zranen\u00fd - Official Czech &amp; Slovak Everton Supporters&#039; Club<\/title>\n<meta name=\"robots\" content=\"index, follow, max-snippet:-1, max-image-preview:large, max-video-preview:-1\" \/>\n<link rel=\"canonical\" href=\"https:\/\/evertonfc.cz\/index.php\/news\/gbamin-zase-zraneny\/\" \/>\n<meta property=\"og:locale\" content=\"cs_CZ\" \/>\n<meta property=\"og:type\" content=\"article\" \/>\n<meta property=\"og:title\" content=\"Gbamin zase zranen\u00fd - Official Czech &amp; Slovak Everton Supporters&#039; Club\" \/>\n<meta property=\"og:description\" content=\"Defenz\u00edvny stredopoliar Evertonu Jean-Philippe Gbamin utrpel \u010fal\u0161ie zranenie. A to len p\u00e1r dn\u00ed po n\u00e1vrate z 19-mesa\u010dnej hernej absencie s&hellip;\" \/>\n<meta property=\"og:url\" content=\"https:\/\/evertonfc.cz\/index.php\/news\/gbamin-zase-zraneny\/\" \/>\n<meta property=\"og:site_name\" content=\"Official Czech &amp; Slovak Everton Supporters&#039; Club\" \/>\n<meta property=\"article:publisher\" content=\"https:\/\/www.facebook.com\/everton.fans.cz.sk\" \/>\n<meta property=\"article:modified_time\" content=\"2021-04-13T08:11:38+00:00\" \/>\n<meta name=\"twitter:card\" content=\"summary_large_image\" \/>\n<meta name=\"twitter:label1\" content=\"Odhadovan\u00e1 doba \u010dten\u00ed\" \/>\n\t<meta name=\"twitter:data1\" content=\"1 minuta\" \/>\n<script type=\"application\/ld+json\" class=\"yoast-schema-graph\">{\"@context\":\"https:\/\/schema.org\",\"@graph\":[{\"@type\":\"WebPage\",\"@id\":\"https:\/\/evertonfc.cz\/index.php\/news\/gbamin-zase-zraneny\/\",\"url\":\"https:\/\/evertonfc.cz\/index.php\/news\/gbamin-zase-zraneny\/\",\"name\":\"Gbamin zase zranen\u00fd - Official Czech &amp; Slovak Everton Supporters&#039; Club\",\"isPartOf\":{\"@id\":\"https:\/\/evertonfc.cz\/#website\"},\"datePublished\":\"2021-04-12T17:28:16+00:00\",\"dateModified\":\"2021-04-13T08:11:38+00:00\",\"breadcrumb\":{\"@id\":\"https:\/\/evertonfc.cz\/index.php\/news\/gbamin-zase-zraneny\/#breadcrumb\"},\"inLanguage\":\"cs\",\"potentialAction\":[{\"@type\":\"ReadAction\",\"target\":[\"https:\/\/evertonfc.cz\/index.php\/news\/gbamin-zase-zraneny\/\"]}]},{\"@type\":\"BreadcrumbList\",\"@id\":\"https:\/\/evertonfc.cz\/index.php\/news\/gbamin-zase-zraneny\/#breadcrumb\",\"itemListElement\":[{\"@type\":\"ListItem\",\"position\":1,\"name\":\"Home\",\"item\":\"https:\/\/evertonfc.cz\/\"},{\"@type\":\"ListItem\",\"position\":2,\"name\":\"News\",\"item\":\"https:\/\/evertonfc.cz\/index.php\/news\/\"},{\"@type\":\"ListItem\",\"position\":3,\"name\":\"Gbamin zase zranen\u00fd\"}]},{\"@type\":\"WebSite\",\"@id\":\"https:\/\/evertonfc.cz\/#website\",\"url\":\"https:\/\/evertonfc.cz\/\",\"name\":\"Official Czech &amp; Slovak Everton Supporters&#039; Club\",\"description\":\"\",\"publisher\":{\"@id\":\"https:\/\/evertonfc.cz\/#organization\"},\"potentialAction\":[{\"@type\":\"SearchAction\",\"target\":{\"@type\":\"EntryPoint\",\"urlTemplate\":\"https:\/\/evertonfc.cz\/?s={search_term_string}\"},\"query-input\":{\"@type\":\"PropertyValueSpecification\",\"valueRequired\":true,\"valueName\":\"search_term_string\"}}],\"inLanguage\":\"cs\"},{\"@type\":\"Organization\",\"@id\":\"https:\/\/evertonfc.cz\/#organization\",\"name\":\"Official Czech & Slovak Everton Supporters' Club\",\"url\":\"https:\/\/evertonfc.cz\/\",\"logo\":{\"@type\":\"ImageObject\",\"inLanguage\":\"cs\",\"@id\":\"https:\/\/evertonfc.cz\/#\/schema\/logo\/image\/\",\"url\":\"https:\/\/evertonfc.cz\/wp-content\/uploads\/2019\/05\/logo.png\",\"contentUrl\":\"https:\/\/evertonfc.cz\/wp-content\/uploads\/2019\/05\/logo.png\",\"width\":112,\"height\":112,\"caption\":\"Official Czech & Slovak Everton Supporters' Club\"},\"image\":{\"@id\":\"https:\/\/evertonfc.cz\/#\/schema\/logo\/image\/\"},\"sameAs\":[\"https:\/\/www.facebook.com\/everton.fans.cz.sk\"]}]}<\/script>\n<!-- \/ Yoast SEO plugin. -->","yoast_head_json":{"title":"Gbamin zase zranen\u00fd - Official Czech &amp; Slovak Everton Supporters&#039; Club","robots":{"index":"index","follow":"follow","max-snippet":"max-snippet:-1","max-image-preview":"max-image-preview:large","max-video-preview":"max-video-preview:-1"},"canonical":"https:\/\/evertonfc.cz\/index.php\/news\/gbamin-zase-zraneny\/","og_locale":"cs_CZ","og_type":"article","og_title":"Gbamin zase zranen\u00fd - Official Czech &amp; Slovak Everton Supporters&#039; Club","og_description":"Defenz\u00edvny stredopoliar Evertonu Jean-Philippe Gbamin utrpel \u010fal\u0161ie zranenie. A to len p\u00e1r dn\u00ed po n\u00e1vrate z 19-mesa\u010dnej hernej absencie s&hellip;","og_url":"https:\/\/evertonfc.cz\/index.php\/news\/gbamin-zase-zraneny\/","og_site_name":"Official Czech &amp; Slovak Everton Supporters&#039; Club","article_publisher":"https:\/\/www.facebook.com\/everton.fans.cz.sk","article_modified_time":"2021-04-13T08:11:38+00:00","twitter_card":"summary_large_image","twitter_misc":{"Odhadovan\u00e1 doba \u010dten\u00ed":"1 minuta"},"schema":{"@context":"https:\/\/schema.org","@graph":[{"@type":"WebPage","@id":"https:\/\/evertonfc.cz\/index.php\/news\/gbamin-zase-zraneny\/","url":"https:\/\/evertonfc.cz\/index.php\/news\/gbamin-zase-zraneny\/","name":"Gbamin zase zranen\u00fd - Official Czech &amp; Slovak Everton Supporters&#039; Club","isPartOf":{"@id":"https:\/\/evertonfc.cz\/#website"},"datePublished":"2021-04-12T17:28:16+00:00","dateModified":"2021-04-13T08:11:38+00:00","breadcrumb":{"@id":"https:\/\/evertonfc.cz\/index.php\/news\/gbamin-zase-zraneny\/#breadcrumb"},"inLanguage":"cs","potentialAction":[{"@type":"ReadAction","target":["https:\/\/evertonfc.cz\/index.php\/news\/gbamin-zase-zraneny\/"]}]},{"@type":"BreadcrumbList","@id":"https:\/\/evertonfc.cz\/index.php\/news\/gbamin-zase-zraneny\/#breadcrumb","itemListElement":[{"@type":"ListItem","position":1,"name":"Home","item":"https:\/\/evertonfc.cz\/"},{"@type":"ListItem","position":2,"name":"News","item":"https:\/\/evertonfc.cz\/index.php\/news\/"},{"@type":"ListItem","position":3,"name":"Gbamin zase zranen\u00fd"}]},{"@type":"WebSite","@id":"https:\/\/evertonfc.cz\/#website","url":"https:\/\/evertonfc.cz\/","name":"Official Czech &amp; Slovak Everton Supporters&#039; Club","description":"","publisher":{"@id":"https:\/\/evertonfc.cz\/#organization"},"potentialAction":[{"@type":"SearchAction","target":{"@type":"EntryPoint","urlTemplate":"https:\/\/evertonfc.cz\/?s={search_term_string}"},"query-input":{"@type":"PropertyValueSpecification","valueRequired":true,"valueName":"search_term_string"}}],"inLanguage":"cs"},{"@type":"Organization","@id":"https:\/\/evertonfc.cz\/#organization","name":"Official Czech & Slovak Everton Supporters' Club","url":"https:\/\/evertonfc.cz\/","logo":{"@type":"ImageObject","inLanguage":"cs","@id":"https:\/\/evertonfc.cz\/#\/schema\/logo\/image\/","url":"https:\/\/evertonfc.cz\/wp-content\/uploads\/2019\/05\/logo.png","contentUrl":"https:\/\/evertonfc.cz\/wp-content\/uploads\/2019\/05\/logo.png","width":112,"height":112,"caption":"Official Czech & Slovak Everton Supporters' Club"},"image":{"@id":"https:\/\/evertonfc.cz\/#\/schema\/logo\/image\/"},"sameAs":["https:\/\/www.facebook.com\/everton.fans.cz.sk"]}]}},"_links":{"self":[{"href":"https:\/\/evertonfc.cz\/index.php\/wp-json\/wp\/v2\/news\/14941"}],"collection":[{"href":"https:\/\/evertonfc.cz\/index.php\/wp-json\/wp\/v2\/news"}],"about":[{"href":"https:\/\/evertonfc.cz\/index.php\/wp-json\/wp\/v2\/types\/news"}],"author":[{"embeddable":true,"href":"https:\/\/evertonfc.cz\/index.php\/wp-json\/wp\/v2\/users\/1"}],"replies":[{"embeddable":true,"href":"https:\/\/evertonfc.cz\/index.php\/wp-json\/wp\/v2\/comments?post=14941"}],"version-history":[{"count":1,"href":"https:\/\/evertonfc.cz\/index.php\/wp-json\/wp\/v2\/news\/14941\/revisions"}],"predecessor-version":[{"id":14964,"href":"https:\/\/evertonfc.cz\/index.php\/wp-json\/wp\/v2\/news\/14941\/revisions\/14964"}],"wp:attachment":[{"href":"https:\/\/evertonfc.cz\/index.php\/wp-json\/wp\/v2\/media?parent=14941"}],"wp:term":[{"taxonomy":"post_tag","embeddable":true,"href":"https:\/\/evertonfc.cz\/index.php\/wp-json\/wp\/v2\/tags?post=14941"},{"taxonomy":"news-category","embeddable":true,"href":"https:\/\/evertonfc.cz\/index.php\/wp-json\/wp\/v2\/news-category?post=14941"}],"curies":[{"name":"wp","href":"https:\/\/api.w.org\/{rel}","templated":true}]}}