{"id":14965,"date":"2021-04-13T13:00:48","date_gmt":"2021-04-13T11:00:48","guid":{"rendered":"https:\/\/evertonfc.cz\/?post_type=news&#038;p=14965"},"modified":"2021-04-13T13:00:48","modified_gmt":"2021-04-13T11:00:48","slug":"tosun-absolvoval-operaciu-kolena","status":"publish","type":"news","link":"https:\/\/evertonfc.cz\/index.php\/news\/tosun-absolvoval-operaciu-kolena\/","title":{"rendered":"Tosun absolvoval oper\u00e1ciu kolena"},"content":{"rendered":"<p>29-ro\u010dn\u00e9mu \u00fato\u010dn\u00edkovi, ktor\u00fd z Evertonu hos\u0165uje v tureckom Be\u015fikta\u015f Istanbul, pred\u010dasne skon\u010dila sez\u00f3na po v\u00e1\u017enom zranen\u00ed kolena. U\u017e druhom v priebehu jedn\u00e9ho roka. Na jar minulej sez\u00f3ny, mu hos\u0165ovanie v Crystal Palace prekazilo zranenie v\u00e4zov v kolene. Tentoraz pri nede\u013enej v\u00fdhre nad Buyuksehir Belediye Erzurumspor si v druhom pol\u010dase Tosun pretrhol podkolenn\u00fa \u0161\u013eachu. Oper\u00e1ciu u\u017e absolvoval v Turecku.<\/p>\n<p>V najbli\u017e\u0161\u00edch d\u0148och sa hr\u00e1\u010d vr\u00e1ti na Finch Farm. N\u00e1sledne ho pos\u00fadi lek\u00e1rsky t\u00edm Evertonu a rozhodne o \u010fal\u0161om postupe rekonvalescencie a rehabilit\u00e1cie. T\u00e1 m\u00f4\u017ee trva\u0165 a\u017e \u0161es\u0165 mesiacov do pln\u00e9ho zotavenia. To v\u0161etko v z\u00e1vislosti od z\u00e1va\u017enosti po\u0161kodenia podkolennej \u0161\u013eachy, ktor\u00e1 sp\u00e1ja jab\u013a\u010dko s p\u00ed\u0161\u0165alou.<\/p>\n","protected":false},"excerpt":{"rendered":"<p>29-ro\u010dn\u00e9mu \u00fato\u010dn\u00edkovi, ktor\u00fd z Evertonu hos\u0165uje v tureckom Be\u015fikta\u015f Istanbul, pred\u010dasne skon\u010dila sez\u00f3na po v\u00e1\u017enom zranen\u00ed kolena. U\u017e druhom v&hellip;<\/p>\n","protected":false},"author":1,"featured_media":0,"comment_status":"open","ping_status":"closed","template":"","tags":[],"news-category":[18],"yoast_head":"<!-- This site is optimized with the Yoast SEO plugin v23.4 - https:\/\/yoast.com\/wordpress\/plugins\/seo\/ -->\n<title>Tosun absolvoval oper\u00e1ciu kolena - Official Czech &amp; Slovak Everton Supporters&#039; Club<\/title>\n<meta name=\"robots\" content=\"index, follow, max-snippet:-1, max-image-preview:large, max-video-preview:-1\" \/>\n<link rel=\"canonical\" href=\"https:\/\/evertonfc.cz\/index.php\/news\/tosun-absolvoval-operaciu-kolena\/\" \/>\n<meta property=\"og:locale\" content=\"cs_CZ\" \/>\n<meta property=\"og:type\" content=\"article\" \/>\n<meta property=\"og:title\" content=\"Tosun absolvoval oper\u00e1ciu kolena - Official Czech &amp; Slovak Everton Supporters&#039; Club\" \/>\n<meta property=\"og:description\" content=\"29-ro\u010dn\u00e9mu \u00fato\u010dn\u00edkovi, ktor\u00fd z Evertonu hos\u0165uje v tureckom Be\u015fikta\u015f Istanbul, pred\u010dasne skon\u010dila sez\u00f3na po v\u00e1\u017enom zranen\u00ed kolena. U\u017e druhom v&hellip;\" \/>\n<meta property=\"og:url\" content=\"https:\/\/evertonfc.cz\/index.php\/news\/tosun-absolvoval-operaciu-kolena\/\" \/>\n<meta property=\"og:site_name\" content=\"Official Czech &amp; Slovak Everton Supporters&#039; Club\" \/>\n<meta property=\"article:publisher\" content=\"https:\/\/www.facebook.com\/everton.fans.cz.sk\" \/>\n<meta name=\"twitter:card\" content=\"summary_large_image\" \/>\n<meta name=\"twitter:label1\" content=\"Odhadovan\u00e1 doba \u010dten\u00ed\" \/>\n\t<meta name=\"twitter:data1\" content=\"1 minuta\" \/>\n<script type=\"application\/ld+json\" class=\"yoast-schema-graph\">{\"@context\":\"https:\/\/schema.org\",\"@graph\":[{\"@type\":\"WebPage\",\"@id\":\"https:\/\/evertonfc.cz\/index.php\/news\/tosun-absolvoval-operaciu-kolena\/\",\"url\":\"https:\/\/evertonfc.cz\/index.php\/news\/tosun-absolvoval-operaciu-kolena\/\",\"name\":\"Tosun absolvoval oper\u00e1ciu kolena - Official Czech &amp; Slovak Everton Supporters&#039; Club\",\"isPartOf\":{\"@id\":\"https:\/\/evertonfc.cz\/#website\"},\"datePublished\":\"2021-04-13T11:00:48+00:00\",\"dateModified\":\"2021-04-13T11:00:48+00:00\",\"breadcrumb\":{\"@id\":\"https:\/\/evertonfc.cz\/index.php\/news\/tosun-absolvoval-operaciu-kolena\/#breadcrumb\"},\"inLanguage\":\"cs\",\"potentialAction\":[{\"@type\":\"ReadAction\",\"target\":[\"https:\/\/evertonfc.cz\/index.php\/news\/tosun-absolvoval-operaciu-kolena\/\"]}]},{\"@type\":\"BreadcrumbList\",\"@id\":\"https:\/\/evertonfc.cz\/index.php\/news\/tosun-absolvoval-operaciu-kolena\/#breadcrumb\",\"itemListElement\":[{\"@type\":\"ListItem\",\"position\":1,\"name\":\"Home\",\"item\":\"https:\/\/evertonfc.cz\/\"},{\"@type\":\"ListItem\",\"position\":2,\"name\":\"News\",\"item\":\"https:\/\/evertonfc.cz\/index.php\/news\/\"},{\"@type\":\"ListItem\",\"position\":3,\"name\":\"Tosun absolvoval oper\u00e1ciu kolena\"}]},{\"@type\":\"WebSite\",\"@id\":\"https:\/\/evertonfc.cz\/#website\",\"url\":\"https:\/\/evertonfc.cz\/\",\"name\":\"Official Czech &amp; Slovak Everton Supporters&#039; Club\",\"description\":\"\",\"publisher\":{\"@id\":\"https:\/\/evertonfc.cz\/#organization\"},\"potentialAction\":[{\"@type\":\"SearchAction\",\"target\":{\"@type\":\"EntryPoint\",\"urlTemplate\":\"https:\/\/evertonfc.cz\/?s={search_term_string}\"},\"query-input\":{\"@type\":\"PropertyValueSpecification\",\"valueRequired\":true,\"valueName\":\"search_term_string\"}}],\"inLanguage\":\"cs\"},{\"@type\":\"Organization\",\"@id\":\"https:\/\/evertonfc.cz\/#organization\",\"name\":\"Official Czech & Slovak Everton Supporters' Club\",\"url\":\"https:\/\/evertonfc.cz\/\",\"logo\":{\"@type\":\"ImageObject\",\"inLanguage\":\"cs\",\"@id\":\"https:\/\/evertonfc.cz\/#\/schema\/logo\/image\/\",\"url\":\"https:\/\/evertonfc.cz\/wp-content\/uploads\/2019\/05\/logo.png\",\"contentUrl\":\"https:\/\/evertonfc.cz\/wp-content\/uploads\/2019\/05\/logo.png\",\"width\":112,\"height\":112,\"caption\":\"Official Czech & Slovak Everton Supporters' Club\"},\"image\":{\"@id\":\"https:\/\/evertonfc.cz\/#\/schema\/logo\/image\/\"},\"sameAs\":[\"https:\/\/www.facebook.com\/everton.fans.cz.sk\"]}]}<\/script>\n<!-- \/ Yoast SEO plugin. -->","yoast_head_json":{"title":"Tosun absolvoval oper\u00e1ciu kolena - Official Czech &amp; Slovak Everton Supporters&#039; Club","robots":{"index":"index","follow":"follow","max-snippet":"max-snippet:-1","max-image-preview":"max-image-preview:large","max-video-preview":"max-video-preview:-1"},"canonical":"https:\/\/evertonfc.cz\/index.php\/news\/tosun-absolvoval-operaciu-kolena\/","og_locale":"cs_CZ","og_type":"article","og_title":"Tosun absolvoval oper\u00e1ciu kolena - Official Czech &amp; Slovak Everton Supporters&#039; Club","og_description":"29-ro\u010dn\u00e9mu \u00fato\u010dn\u00edkovi, ktor\u00fd z Evertonu hos\u0165uje v tureckom Be\u015fikta\u015f Istanbul, pred\u010dasne skon\u010dila sez\u00f3na po v\u00e1\u017enom zranen\u00ed kolena. U\u017e druhom v&hellip;","og_url":"https:\/\/evertonfc.cz\/index.php\/news\/tosun-absolvoval-operaciu-kolena\/","og_site_name":"Official Czech &amp; Slovak Everton Supporters&#039; Club","article_publisher":"https:\/\/www.facebook.com\/everton.fans.cz.sk","twitter_card":"summary_large_image","twitter_misc":{"Odhadovan\u00e1 doba \u010dten\u00ed":"1 minuta"},"schema":{"@context":"https:\/\/schema.org","@graph":[{"@type":"WebPage","@id":"https:\/\/evertonfc.cz\/index.php\/news\/tosun-absolvoval-operaciu-kolena\/","url":"https:\/\/evertonfc.cz\/index.php\/news\/tosun-absolvoval-operaciu-kolena\/","name":"Tosun absolvoval oper\u00e1ciu kolena - Official Czech &amp; Slovak Everton Supporters&#039; Club","isPartOf":{"@id":"https:\/\/evertonfc.cz\/#website"},"datePublished":"2021-04-13T11:00:48+00:00","dateModified":"2021-04-13T11:00:48+00:00","breadcrumb":{"@id":"https:\/\/evertonfc.cz\/index.php\/news\/tosun-absolvoval-operaciu-kolena\/#breadcrumb"},"inLanguage":"cs","potentialAction":[{"@type":"ReadAction","target":["https:\/\/evertonfc.cz\/index.php\/news\/tosun-absolvoval-operaciu-kolena\/"]}]},{"@type":"BreadcrumbList","@id":"https:\/\/evertonfc.cz\/index.php\/news\/tosun-absolvoval-operaciu-kolena\/#breadcrumb","itemListElement":[{"@type":"ListItem","position":1,"name":"Home","item":"https:\/\/evertonfc.cz\/"},{"@type":"ListItem","position":2,"name":"News","item":"https:\/\/evertonfc.cz\/index.php\/news\/"},{"@type":"ListItem","position":3,"name":"Tosun absolvoval oper\u00e1ciu kolena"}]},{"@type":"WebSite","@id":"https:\/\/evertonfc.cz\/#website","url":"https:\/\/evertonfc.cz\/","name":"Official Czech &amp; Slovak Everton Supporters&#039; Club","description":"","publisher":{"@id":"https:\/\/evertonfc.cz\/#organization"},"potentialAction":[{"@type":"SearchAction","target":{"@type":"EntryPoint","urlTemplate":"https:\/\/evertonfc.cz\/?s={search_term_string}"},"query-input":{"@type":"PropertyValueSpecification","valueRequired":true,"valueName":"search_term_string"}}],"inLanguage":"cs"},{"@type":"Organization","@id":"https:\/\/evertonfc.cz\/#organization","name":"Official Czech & Slovak Everton Supporters' Club","url":"https:\/\/evertonfc.cz\/","logo":{"@type":"ImageObject","inLanguage":"cs","@id":"https:\/\/evertonfc.cz\/#\/schema\/logo\/image\/","url":"https:\/\/evertonfc.cz\/wp-content\/uploads\/2019\/05\/logo.png","contentUrl":"https:\/\/evertonfc.cz\/wp-content\/uploads\/2019\/05\/logo.png","width":112,"height":112,"caption":"Official Czech & Slovak Everton Supporters' Club"},"image":{"@id":"https:\/\/evertonfc.cz\/#\/schema\/logo\/image\/"},"sameAs":["https:\/\/www.facebook.com\/everton.fans.cz.sk"]}]}},"_links":{"self":[{"href":"https:\/\/evertonfc.cz\/index.php\/wp-json\/wp\/v2\/news\/14965"}],"collection":[{"href":"https:\/\/evertonfc.cz\/index.php\/wp-json\/wp\/v2\/news"}],"about":[{"href":"https:\/\/evertonfc.cz\/index.php\/wp-json\/wp\/v2\/types\/news"}],"author":[{"embeddable":true,"href":"https:\/\/evertonfc.cz\/index.php\/wp-json\/wp\/v2\/users\/1"}],"replies":[{"embeddable":true,"href":"https:\/\/evertonfc.cz\/index.php\/wp-json\/wp\/v2\/comments?post=14965"}],"version-history":[{"count":0,"href":"https:\/\/evertonfc.cz\/index.php\/wp-json\/wp\/v2\/news\/14965\/revisions"}],"wp:attachment":[{"href":"https:\/\/evertonfc.cz\/index.php\/wp-json\/wp\/v2\/media?parent=14965"}],"wp:term":[{"taxonomy":"post_tag","embeddable":true,"href":"https:\/\/evertonfc.cz\/index.php\/wp-json\/wp\/v2\/tags?post=14965"},{"taxonomy":"news-category","embeddable":true,"href":"https:\/\/evertonfc.cz\/index.php\/wp-json\/wp\/v2\/news-category?post=14965"}],"curies":[{"name":"wp","href":"https:\/\/api.w.org\/{rel}","templated":true}]}}