{"id":15237,"date":"2021-05-06T17:10:37","date_gmt":"2021-05-06T15:10:37","guid":{"rendered":"https:\/\/evertonfc.cz\/?post_type=news&#038;p=15237"},"modified":"2021-05-06T17:10:37","modified_gmt":"2021-05-06T15:10:37","slug":"operovany-aj-branthwaite","status":"publish","type":"news","link":"https:\/\/evertonfc.cz\/index.php\/news\/operovany-aj-branthwaite\/","title":{"rendered":"Operovan\u00fd aj Branthwaite"},"content":{"rendered":"<p>Mlad\u00fd stop\u00e9r Evertonu Jarrad Branthwaite musel pred\u010dasne ukon\u010di\u0165 svoju sez\u00f3nu potom, \u010do si minul\u00fd mesiac po\u010das tr\u00e9ningu Blackburnu Rovers, kde hos\u0165uje, zranil \u010dlenok. Klub potvrdil, \u017ee hr\u00e1\u010d podst\u00fapil v utorok oper\u00e1ciu na opravu po\u0161koden\u00fdch v\u00e4zov. Tony Mowbray, mana\u017e\u00e9r Rovers z Lancashire u\u017e sk\u00f4r povedal, \u017ee neo\u010dak\u00e1va zotavenie osemn\u00e1s\u0165ro\u010dn\u00e9ho obrancu do konca aktu\u00e1lnej sez\u00f3ny, v ktorej im ost\u00e1va odohra\u0165 posledn\u00e9 stretnutie.<\/p>\n<p>Branthwaite sa stal prvou posilou Carla Ancelottiho v Goodison Parku, ke\u010f v janu\u00e1ri 2020 prest\u00fapil do Evertonu z Carlisle United. St\u00e1le len t\u00edned\u017eer si prip\u00edsal debut v Premier League v z\u00e1vere sez\u00f3ny 2019\/20. Vtedy sa mu naskytla pr\u00edle\u017eitos\u0165 pri kr\u00edze zadn\u00fdch radov, ktor\u00e9 kosili v tom \u010dase po\u010detn\u00e9 zranenia.<\/p>\n<p>Predt\u00fdm, ako bol Jarrad poslan\u00fd na hos\u0165ovanie, p\u00f4sobil v tejto sez\u00f3ne predov\u0161etk\u00fdm v t\u00edme U23. Iba raz nast\u00fapil za \u00e1\u010dko, ke\u010f odohral 24 min\u00fat z v\u00fdhry v Ligovom poh\u00e1ri nad Salfordom City. Potom si privodil zranenie a a\u017e do janu\u00e1rov\u00e9ho hos\u0165ovania seniorsk\u00fd futbal nehral. Za Blackburn nast\u00fapil do 10 z\u00e1pasov.<\/p>\n","protected":false},"excerpt":{"rendered":"<p>Mlad\u00fd stop\u00e9r Evertonu Jarrad Branthwaite musel pred\u010dasne ukon\u010di\u0165 svoju sez\u00f3nu potom, \u010do si minul\u00fd mesiac po\u010das tr\u00e9ningu Blackburnu Rovers, kde&hellip;<\/p>\n","protected":false},"author":1,"featured_media":0,"comment_status":"open","ping_status":"closed","template":"","tags":[],"news-category":[18],"yoast_head":"<!-- This site is optimized with the Yoast SEO plugin v23.4 - https:\/\/yoast.com\/wordpress\/plugins\/seo\/ -->\n<title>Operovan\u00fd aj Branthwaite - Official Czech &amp; Slovak Everton Supporters&#039; Club<\/title>\n<meta name=\"robots\" content=\"index, follow, max-snippet:-1, max-image-preview:large, max-video-preview:-1\" \/>\n<link rel=\"canonical\" href=\"https:\/\/evertonfc.cz\/index.php\/news\/operovany-aj-branthwaite\/\" \/>\n<meta property=\"og:locale\" content=\"cs_CZ\" \/>\n<meta property=\"og:type\" content=\"article\" \/>\n<meta property=\"og:title\" content=\"Operovan\u00fd aj Branthwaite - Official Czech &amp; Slovak Everton Supporters&#039; Club\" \/>\n<meta property=\"og:description\" content=\"Mlad\u00fd stop\u00e9r Evertonu Jarrad Branthwaite musel pred\u010dasne ukon\u010di\u0165 svoju sez\u00f3nu potom, \u010do si minul\u00fd mesiac po\u010das tr\u00e9ningu Blackburnu Rovers, kde&hellip;\" \/>\n<meta property=\"og:url\" content=\"https:\/\/evertonfc.cz\/index.php\/news\/operovany-aj-branthwaite\/\" \/>\n<meta property=\"og:site_name\" content=\"Official Czech &amp; Slovak Everton Supporters&#039; Club\" \/>\n<meta property=\"article:publisher\" content=\"https:\/\/www.facebook.com\/everton.fans.cz.sk\" \/>\n<meta name=\"twitter:card\" content=\"summary_large_image\" \/>\n<meta name=\"twitter:label1\" content=\"Odhadovan\u00e1 doba \u010dten\u00ed\" \/>\n\t<meta name=\"twitter:data1\" content=\"1 minuta\" \/>\n<script type=\"application\/ld+json\" class=\"yoast-schema-graph\">{\"@context\":\"https:\/\/schema.org\",\"@graph\":[{\"@type\":\"WebPage\",\"@id\":\"https:\/\/evertonfc.cz\/index.php\/news\/operovany-aj-branthwaite\/\",\"url\":\"https:\/\/evertonfc.cz\/index.php\/news\/operovany-aj-branthwaite\/\",\"name\":\"Operovan\u00fd aj Branthwaite - Official Czech &amp; Slovak Everton Supporters&#039; Club\",\"isPartOf\":{\"@id\":\"https:\/\/evertonfc.cz\/#website\"},\"datePublished\":\"2021-05-06T15:10:37+00:00\",\"dateModified\":\"2021-05-06T15:10:37+00:00\",\"breadcrumb\":{\"@id\":\"https:\/\/evertonfc.cz\/index.php\/news\/operovany-aj-branthwaite\/#breadcrumb\"},\"inLanguage\":\"cs\",\"potentialAction\":[{\"@type\":\"ReadAction\",\"target\":[\"https:\/\/evertonfc.cz\/index.php\/news\/operovany-aj-branthwaite\/\"]}]},{\"@type\":\"BreadcrumbList\",\"@id\":\"https:\/\/evertonfc.cz\/index.php\/news\/operovany-aj-branthwaite\/#breadcrumb\",\"itemListElement\":[{\"@type\":\"ListItem\",\"position\":1,\"name\":\"Home\",\"item\":\"https:\/\/evertonfc.cz\/\"},{\"@type\":\"ListItem\",\"position\":2,\"name\":\"News\",\"item\":\"https:\/\/evertonfc.cz\/index.php\/news\/\"},{\"@type\":\"ListItem\",\"position\":3,\"name\":\"Operovan\u00fd aj Branthwaite\"}]},{\"@type\":\"WebSite\",\"@id\":\"https:\/\/evertonfc.cz\/#website\",\"url\":\"https:\/\/evertonfc.cz\/\",\"name\":\"Official Czech &amp; Slovak Everton Supporters&#039; Club\",\"description\":\"\",\"publisher\":{\"@id\":\"https:\/\/evertonfc.cz\/#organization\"},\"potentialAction\":[{\"@type\":\"SearchAction\",\"target\":{\"@type\":\"EntryPoint\",\"urlTemplate\":\"https:\/\/evertonfc.cz\/?s={search_term_string}\"},\"query-input\":{\"@type\":\"PropertyValueSpecification\",\"valueRequired\":true,\"valueName\":\"search_term_string\"}}],\"inLanguage\":\"cs\"},{\"@type\":\"Organization\",\"@id\":\"https:\/\/evertonfc.cz\/#organization\",\"name\":\"Official Czech & Slovak Everton Supporters' Club\",\"url\":\"https:\/\/evertonfc.cz\/\",\"logo\":{\"@type\":\"ImageObject\",\"inLanguage\":\"cs\",\"@id\":\"https:\/\/evertonfc.cz\/#\/schema\/logo\/image\/\",\"url\":\"https:\/\/evertonfc.cz\/wp-content\/uploads\/2019\/05\/logo.png\",\"contentUrl\":\"https:\/\/evertonfc.cz\/wp-content\/uploads\/2019\/05\/logo.png\",\"width\":112,\"height\":112,\"caption\":\"Official Czech & Slovak Everton Supporters' Club\"},\"image\":{\"@id\":\"https:\/\/evertonfc.cz\/#\/schema\/logo\/image\/\"},\"sameAs\":[\"https:\/\/www.facebook.com\/everton.fans.cz.sk\"]}]}<\/script>\n<!-- \/ Yoast SEO plugin. -->","yoast_head_json":{"title":"Operovan\u00fd aj Branthwaite - Official Czech &amp; Slovak Everton Supporters&#039; Club","robots":{"index":"index","follow":"follow","max-snippet":"max-snippet:-1","max-image-preview":"max-image-preview:large","max-video-preview":"max-video-preview:-1"},"canonical":"https:\/\/evertonfc.cz\/index.php\/news\/operovany-aj-branthwaite\/","og_locale":"cs_CZ","og_type":"article","og_title":"Operovan\u00fd aj Branthwaite - Official Czech &amp; Slovak Everton Supporters&#039; Club","og_description":"Mlad\u00fd stop\u00e9r Evertonu Jarrad Branthwaite musel pred\u010dasne ukon\u010di\u0165 svoju sez\u00f3nu potom, \u010do si minul\u00fd mesiac po\u010das tr\u00e9ningu Blackburnu Rovers, kde&hellip;","og_url":"https:\/\/evertonfc.cz\/index.php\/news\/operovany-aj-branthwaite\/","og_site_name":"Official Czech &amp; Slovak Everton Supporters&#039; Club","article_publisher":"https:\/\/www.facebook.com\/everton.fans.cz.sk","twitter_card":"summary_large_image","twitter_misc":{"Odhadovan\u00e1 doba \u010dten\u00ed":"1 minuta"},"schema":{"@context":"https:\/\/schema.org","@graph":[{"@type":"WebPage","@id":"https:\/\/evertonfc.cz\/index.php\/news\/operovany-aj-branthwaite\/","url":"https:\/\/evertonfc.cz\/index.php\/news\/operovany-aj-branthwaite\/","name":"Operovan\u00fd aj Branthwaite - Official Czech &amp; Slovak Everton Supporters&#039; Club","isPartOf":{"@id":"https:\/\/evertonfc.cz\/#website"},"datePublished":"2021-05-06T15:10:37+00:00","dateModified":"2021-05-06T15:10:37+00:00","breadcrumb":{"@id":"https:\/\/evertonfc.cz\/index.php\/news\/operovany-aj-branthwaite\/#breadcrumb"},"inLanguage":"cs","potentialAction":[{"@type":"ReadAction","target":["https:\/\/evertonfc.cz\/index.php\/news\/operovany-aj-branthwaite\/"]}]},{"@type":"BreadcrumbList","@id":"https:\/\/evertonfc.cz\/index.php\/news\/operovany-aj-branthwaite\/#breadcrumb","itemListElement":[{"@type":"ListItem","position":1,"name":"Home","item":"https:\/\/evertonfc.cz\/"},{"@type":"ListItem","position":2,"name":"News","item":"https:\/\/evertonfc.cz\/index.php\/news\/"},{"@type":"ListItem","position":3,"name":"Operovan\u00fd aj Branthwaite"}]},{"@type":"WebSite","@id":"https:\/\/evertonfc.cz\/#website","url":"https:\/\/evertonfc.cz\/","name":"Official Czech &amp; Slovak Everton Supporters&#039; Club","description":"","publisher":{"@id":"https:\/\/evertonfc.cz\/#organization"},"potentialAction":[{"@type":"SearchAction","target":{"@type":"EntryPoint","urlTemplate":"https:\/\/evertonfc.cz\/?s={search_term_string}"},"query-input":{"@type":"PropertyValueSpecification","valueRequired":true,"valueName":"search_term_string"}}],"inLanguage":"cs"},{"@type":"Organization","@id":"https:\/\/evertonfc.cz\/#organization","name":"Official Czech & Slovak Everton Supporters' Club","url":"https:\/\/evertonfc.cz\/","logo":{"@type":"ImageObject","inLanguage":"cs","@id":"https:\/\/evertonfc.cz\/#\/schema\/logo\/image\/","url":"https:\/\/evertonfc.cz\/wp-content\/uploads\/2019\/05\/logo.png","contentUrl":"https:\/\/evertonfc.cz\/wp-content\/uploads\/2019\/05\/logo.png","width":112,"height":112,"caption":"Official Czech & Slovak Everton Supporters' Club"},"image":{"@id":"https:\/\/evertonfc.cz\/#\/schema\/logo\/image\/"},"sameAs":["https:\/\/www.facebook.com\/everton.fans.cz.sk"]}]}},"_links":{"self":[{"href":"https:\/\/evertonfc.cz\/index.php\/wp-json\/wp\/v2\/news\/15237"}],"collection":[{"href":"https:\/\/evertonfc.cz\/index.php\/wp-json\/wp\/v2\/news"}],"about":[{"href":"https:\/\/evertonfc.cz\/index.php\/wp-json\/wp\/v2\/types\/news"}],"author":[{"embeddable":true,"href":"https:\/\/evertonfc.cz\/index.php\/wp-json\/wp\/v2\/users\/1"}],"replies":[{"embeddable":true,"href":"https:\/\/evertonfc.cz\/index.php\/wp-json\/wp\/v2\/comments?post=15237"}],"version-history":[{"count":0,"href":"https:\/\/evertonfc.cz\/index.php\/wp-json\/wp\/v2\/news\/15237\/revisions"}],"wp:attachment":[{"href":"https:\/\/evertonfc.cz\/index.php\/wp-json\/wp\/v2\/media?parent=15237"}],"wp:term":[{"taxonomy":"post_tag","embeddable":true,"href":"https:\/\/evertonfc.cz\/index.php\/wp-json\/wp\/v2\/tags?post=15237"},{"taxonomy":"news-category","embeddable":true,"href":"https:\/\/evertonfc.cz\/index.php\/wp-json\/wp\/v2\/news-category?post=15237"}],"curies":[{"name":"wp","href":"https:\/\/api.w.org\/{rel}","templated":true}]}}