{"id":15324,"date":"2021-05-12T11:56:36","date_gmt":"2021-05-12T09:56:36","guid":{"rendered":"https:\/\/evertonfc.cz\/?post_type=news&#038;p=15324"},"modified":"2021-05-12T11:56:36","modified_gmt":"2021-05-12T09:56:36","slug":"pozvanka-na-fan-wall","status":"publish","type":"news","link":"https:\/\/evertonfc.cz\/index.php\/news\/pozvanka-na-fan-wall\/","title":{"rendered":"Pozv\u00e1nka na Fan Wall"},"content":{"rendered":"<p>V t\u00fdchto chv\u00ed\u013each by u\u017e ka\u017ed\u00fd \u010dlen ofici\u00e1lneho \u010cesk\u00e9ho a Slovensk\u00e9ho klubu podporovate\u013eov Evertonu mal ma\u0165 v mailovej schr\u00e1nke pozv\u00e1nku na registr\u00e1ciu pre Koncoro\u010dn\u00e9 odovzd\u00e1vanie cien, ktor\u00e9 organizuje klub. Je to mo\u017enos\u0165 z\u00fa\u010dastni\u0165 sa Zoom meetingu, ktor\u00fd bude sl\u00fa\u017ei\u0165 na prezent\u00e1ciu &#8222;fan wall&#8220; po\u010das nahr\u00e1vania tohto podujatia. Tak\u017ee pre z\u00fa\u010dastnen\u00fdch je potreba ma\u0165 zapnut\u00fa kameru a prezentova\u0165 sa v drese ako vzorn\u00fd fan\u00fa\u0161ik.<\/p>\n<p>Toto podujatie bude nahr\u00e1van\u00e9 de\u0148 dopredu, tak\u017ee o v\u00fdsledkoch treba poml\u010da\u0165 a\u017e do ofici\u00e1lneho zverejnenia Evertonom. Takisto registra\u010dn\u00fd link je vyhraden\u00fd len pre \u010dlenov fanklubu, tak\u017ee ho pros\u00edm \u010falej nezdielajte. Po\u010det z\u00fa\u010dastnen\u00fdch fan\u00fa\u0161ikov na Fan Wall je limitovan\u00fd, tak\u017ee nie je garancia, \u017ee ka\u017ed\u00fd registrovan\u00fd \u010dlen bude aj prijat\u00fd. Predpoklad\u00e1me, \u017ee to funguje na princ\u00edpe &#8222;prv\u00fd berie&#8220;. Registrujte sa preto \u010d\u00edm sk\u00f4r.<\/p>\n<p><strong>D\u00e1tum nahr\u00e1vania:<\/strong> 20. m\u00e1j 2021, 19:00<\/p>\n<p>Po registr\u00e1cii dostanete potvrdzovac\u00ed e-mail s inform\u00e1ciami o pripojen\u00ed k webin\u00e1ru. Pre \u010fal\u0161ie ot\u00e1zky n\u00e1s nev\u00e1hajte kontaktova\u0165 na n\u00e1\u0161 fanklubobv\u00fd mail, alebo v koment\u00e1roch.<\/p>\n","protected":false},"excerpt":{"rendered":"<p>V t\u00fdchto chv\u00ed\u013each by u\u017e ka\u017ed\u00fd \u010dlen ofici\u00e1lneho \u010cesk\u00e9ho a Slovensk\u00e9ho klubu podporovate\u013eov Evertonu mal ma\u0165 v mailovej schr\u00e1nke pozv\u00e1nku&hellip;<\/p>\n","protected":false},"author":1,"featured_media":0,"comment_status":"open","ping_status":"closed","template":"","tags":[],"news-category":[18],"yoast_head":"<!-- This site is optimized with the Yoast SEO plugin v23.4 - https:\/\/yoast.com\/wordpress\/plugins\/seo\/ -->\n<title>Pozv\u00e1nka na Fan Wall - Official Czech &amp; Slovak Everton Supporters&#039; Club<\/title>\n<meta name=\"robots\" content=\"index, follow, max-snippet:-1, max-image-preview:large, max-video-preview:-1\" \/>\n<link rel=\"canonical\" href=\"https:\/\/evertonfc.cz\/index.php\/news\/pozvanka-na-fan-wall\/\" \/>\n<meta property=\"og:locale\" content=\"cs_CZ\" \/>\n<meta property=\"og:type\" content=\"article\" \/>\n<meta property=\"og:title\" content=\"Pozv\u00e1nka na Fan Wall - Official Czech &amp; Slovak Everton Supporters&#039; Club\" \/>\n<meta property=\"og:description\" content=\"V t\u00fdchto chv\u00ed\u013each by u\u017e ka\u017ed\u00fd \u010dlen ofici\u00e1lneho \u010cesk\u00e9ho a Slovensk\u00e9ho klubu podporovate\u013eov Evertonu mal ma\u0165 v mailovej schr\u00e1nke pozv\u00e1nku&hellip;\" \/>\n<meta property=\"og:url\" content=\"https:\/\/evertonfc.cz\/index.php\/news\/pozvanka-na-fan-wall\/\" \/>\n<meta property=\"og:site_name\" content=\"Official Czech &amp; Slovak Everton Supporters&#039; Club\" \/>\n<meta property=\"article:publisher\" content=\"https:\/\/www.facebook.com\/everton.fans.cz.sk\" \/>\n<meta name=\"twitter:card\" content=\"summary_large_image\" \/>\n<meta name=\"twitter:label1\" content=\"Odhadovan\u00e1 doba \u010dten\u00ed\" \/>\n\t<meta name=\"twitter:data1\" content=\"1 minuta\" \/>\n<script type=\"application\/ld+json\" class=\"yoast-schema-graph\">{\"@context\":\"https:\/\/schema.org\",\"@graph\":[{\"@type\":\"WebPage\",\"@id\":\"https:\/\/evertonfc.cz\/index.php\/news\/pozvanka-na-fan-wall\/\",\"url\":\"https:\/\/evertonfc.cz\/index.php\/news\/pozvanka-na-fan-wall\/\",\"name\":\"Pozv\u00e1nka na Fan Wall - Official Czech &amp; Slovak Everton Supporters&#039; Club\",\"isPartOf\":{\"@id\":\"https:\/\/evertonfc.cz\/#website\"},\"datePublished\":\"2021-05-12T09:56:36+00:00\",\"dateModified\":\"2021-05-12T09:56:36+00:00\",\"breadcrumb\":{\"@id\":\"https:\/\/evertonfc.cz\/index.php\/news\/pozvanka-na-fan-wall\/#breadcrumb\"},\"inLanguage\":\"cs\",\"potentialAction\":[{\"@type\":\"ReadAction\",\"target\":[\"https:\/\/evertonfc.cz\/index.php\/news\/pozvanka-na-fan-wall\/\"]}]},{\"@type\":\"BreadcrumbList\",\"@id\":\"https:\/\/evertonfc.cz\/index.php\/news\/pozvanka-na-fan-wall\/#breadcrumb\",\"itemListElement\":[{\"@type\":\"ListItem\",\"position\":1,\"name\":\"Home\",\"item\":\"https:\/\/evertonfc.cz\/\"},{\"@type\":\"ListItem\",\"position\":2,\"name\":\"News\",\"item\":\"https:\/\/evertonfc.cz\/index.php\/news\/\"},{\"@type\":\"ListItem\",\"position\":3,\"name\":\"Pozv\u00e1nka na Fan Wall\"}]},{\"@type\":\"WebSite\",\"@id\":\"https:\/\/evertonfc.cz\/#website\",\"url\":\"https:\/\/evertonfc.cz\/\",\"name\":\"Official Czech &amp; Slovak Everton Supporters&#039; Club\",\"description\":\"\",\"publisher\":{\"@id\":\"https:\/\/evertonfc.cz\/#organization\"},\"potentialAction\":[{\"@type\":\"SearchAction\",\"target\":{\"@type\":\"EntryPoint\",\"urlTemplate\":\"https:\/\/evertonfc.cz\/?s={search_term_string}\"},\"query-input\":{\"@type\":\"PropertyValueSpecification\",\"valueRequired\":true,\"valueName\":\"search_term_string\"}}],\"inLanguage\":\"cs\"},{\"@type\":\"Organization\",\"@id\":\"https:\/\/evertonfc.cz\/#organization\",\"name\":\"Official Czech & Slovak Everton Supporters' Club\",\"url\":\"https:\/\/evertonfc.cz\/\",\"logo\":{\"@type\":\"ImageObject\",\"inLanguage\":\"cs\",\"@id\":\"https:\/\/evertonfc.cz\/#\/schema\/logo\/image\/\",\"url\":\"https:\/\/evertonfc.cz\/wp-content\/uploads\/2019\/05\/logo.png\",\"contentUrl\":\"https:\/\/evertonfc.cz\/wp-content\/uploads\/2019\/05\/logo.png\",\"width\":112,\"height\":112,\"caption\":\"Official Czech & Slovak Everton Supporters' Club\"},\"image\":{\"@id\":\"https:\/\/evertonfc.cz\/#\/schema\/logo\/image\/\"},\"sameAs\":[\"https:\/\/www.facebook.com\/everton.fans.cz.sk\"]}]}<\/script>\n<!-- \/ Yoast SEO plugin. -->","yoast_head_json":{"title":"Pozv\u00e1nka na Fan Wall - Official Czech &amp; Slovak Everton Supporters&#039; Club","robots":{"index":"index","follow":"follow","max-snippet":"max-snippet:-1","max-image-preview":"max-image-preview:large","max-video-preview":"max-video-preview:-1"},"canonical":"https:\/\/evertonfc.cz\/index.php\/news\/pozvanka-na-fan-wall\/","og_locale":"cs_CZ","og_type":"article","og_title":"Pozv\u00e1nka na Fan Wall - Official Czech &amp; Slovak Everton Supporters&#039; Club","og_description":"V t\u00fdchto chv\u00ed\u013each by u\u017e ka\u017ed\u00fd \u010dlen ofici\u00e1lneho \u010cesk\u00e9ho a Slovensk\u00e9ho klubu podporovate\u013eov Evertonu mal ma\u0165 v mailovej schr\u00e1nke pozv\u00e1nku&hellip;","og_url":"https:\/\/evertonfc.cz\/index.php\/news\/pozvanka-na-fan-wall\/","og_site_name":"Official Czech &amp; Slovak Everton Supporters&#039; Club","article_publisher":"https:\/\/www.facebook.com\/everton.fans.cz.sk","twitter_card":"summary_large_image","twitter_misc":{"Odhadovan\u00e1 doba \u010dten\u00ed":"1 minuta"},"schema":{"@context":"https:\/\/schema.org","@graph":[{"@type":"WebPage","@id":"https:\/\/evertonfc.cz\/index.php\/news\/pozvanka-na-fan-wall\/","url":"https:\/\/evertonfc.cz\/index.php\/news\/pozvanka-na-fan-wall\/","name":"Pozv\u00e1nka na Fan Wall - Official Czech &amp; Slovak Everton Supporters&#039; Club","isPartOf":{"@id":"https:\/\/evertonfc.cz\/#website"},"datePublished":"2021-05-12T09:56:36+00:00","dateModified":"2021-05-12T09:56:36+00:00","breadcrumb":{"@id":"https:\/\/evertonfc.cz\/index.php\/news\/pozvanka-na-fan-wall\/#breadcrumb"},"inLanguage":"cs","potentialAction":[{"@type":"ReadAction","target":["https:\/\/evertonfc.cz\/index.php\/news\/pozvanka-na-fan-wall\/"]}]},{"@type":"BreadcrumbList","@id":"https:\/\/evertonfc.cz\/index.php\/news\/pozvanka-na-fan-wall\/#breadcrumb","itemListElement":[{"@type":"ListItem","position":1,"name":"Home","item":"https:\/\/evertonfc.cz\/"},{"@type":"ListItem","position":2,"name":"News","item":"https:\/\/evertonfc.cz\/index.php\/news\/"},{"@type":"ListItem","position":3,"name":"Pozv\u00e1nka na Fan Wall"}]},{"@type":"WebSite","@id":"https:\/\/evertonfc.cz\/#website","url":"https:\/\/evertonfc.cz\/","name":"Official Czech &amp; Slovak Everton Supporters&#039; Club","description":"","publisher":{"@id":"https:\/\/evertonfc.cz\/#organization"},"potentialAction":[{"@type":"SearchAction","target":{"@type":"EntryPoint","urlTemplate":"https:\/\/evertonfc.cz\/?s={search_term_string}"},"query-input":{"@type":"PropertyValueSpecification","valueRequired":true,"valueName":"search_term_string"}}],"inLanguage":"cs"},{"@type":"Organization","@id":"https:\/\/evertonfc.cz\/#organization","name":"Official Czech & Slovak Everton Supporters' Club","url":"https:\/\/evertonfc.cz\/","logo":{"@type":"ImageObject","inLanguage":"cs","@id":"https:\/\/evertonfc.cz\/#\/schema\/logo\/image\/","url":"https:\/\/evertonfc.cz\/wp-content\/uploads\/2019\/05\/logo.png","contentUrl":"https:\/\/evertonfc.cz\/wp-content\/uploads\/2019\/05\/logo.png","width":112,"height":112,"caption":"Official Czech & Slovak Everton Supporters' Club"},"image":{"@id":"https:\/\/evertonfc.cz\/#\/schema\/logo\/image\/"},"sameAs":["https:\/\/www.facebook.com\/everton.fans.cz.sk"]}]}},"_links":{"self":[{"href":"https:\/\/evertonfc.cz\/index.php\/wp-json\/wp\/v2\/news\/15324"}],"collection":[{"href":"https:\/\/evertonfc.cz\/index.php\/wp-json\/wp\/v2\/news"}],"about":[{"href":"https:\/\/evertonfc.cz\/index.php\/wp-json\/wp\/v2\/types\/news"}],"author":[{"embeddable":true,"href":"https:\/\/evertonfc.cz\/index.php\/wp-json\/wp\/v2\/users\/1"}],"replies":[{"embeddable":true,"href":"https:\/\/evertonfc.cz\/index.php\/wp-json\/wp\/v2\/comments?post=15324"}],"version-history":[{"count":0,"href":"https:\/\/evertonfc.cz\/index.php\/wp-json\/wp\/v2\/news\/15324\/revisions"}],"wp:attachment":[{"href":"https:\/\/evertonfc.cz\/index.php\/wp-json\/wp\/v2\/media?parent=15324"}],"wp:term":[{"taxonomy":"post_tag","embeddable":true,"href":"https:\/\/evertonfc.cz\/index.php\/wp-json\/wp\/v2\/tags?post=15324"},{"taxonomy":"news-category","embeddable":true,"href":"https:\/\/evertonfc.cz\/index.php\/wp-json\/wp\/v2\/news-category?post=15324"}],"curies":[{"name":"wp","href":"https:\/\/api.w.org\/{rel}","templated":true}]}}