{"id":15456,"date":"2021-05-30T11:34:58","date_gmt":"2021-05-30T09:34:58","guid":{"rendered":"https:\/\/evertonfc.cz\/?post_type=news&#038;p=15456"},"modified":"2021-05-30T11:34:58","modified_gmt":"2021-05-30T09:34:58","slug":"zhodnotenie-sezony-2020-21","status":"publish","type":"news","link":"https:\/\/evertonfc.cz\/index.php\/news\/zhodnotenie-sezony-2020-21\/","title":{"rendered":"Zhodnotenie sez\u00f3ny 2020\/21"},"content":{"rendered":"<p>V redakcii pokra\u010dujeme v trad\u00edcii na konci ka\u017ed\u00e9ho ro\u010dn\u00edka spravi\u0165 <a href=\"https:\/\/evertonfc.cz\/index.php\/category\/zhodnoceni-sezon\/\" target=\"_blank\" rel=\"noopener noreferrer\"><strong><em>\u201cZhodnotenie sez\u00f3ny\u201d<\/em><\/strong>\u00a0<\/a>formou rozhovoru, \u010di u\u017e\u00a0<a href=\"https:\/\/evertonfc.cz\/index.php\/2017\/06\/11\/redakcni-zhodnoceni-sezony-2016-17\/\" target=\"_blank\" rel=\"noopener noreferrer\">so samotn\u00fdmi \u010dlenmi redakcie<\/a>, alebo s fan\u00fa\u0161ikmi \u2013\u00a0<a href=\"https:\/\/evertonfc.cz\/index.php\/2020\/08\/24\/zhodnotenie-sezony-2019-20\/\" target=\"_blank\" rel=\"noopener noreferrer\">\u010ditate\u013emi tohto webu<\/a>. Nastal ten spr\u00e1vny \u010das aj pre t\u00fato sez\u00f3nu a pokra\u010dujeme po ro\u010dn\u00edku 2019\/20 netradi\u010dnou formou v\u00fdberu kandid\u00e1tov: <strong>dobrovo\u013en\u00e9 prihl\u00e1senie sa!<\/strong><\/p>\n<p>Nikdy ste sa \u017eiadneho z na\u0161ich predch\u00e1dzaj\u00facich rozhovorov nez\u00fa\u010dastnili? Toto je \u0161anca pr\u00e1ve pre v\u00e1s! Ponech\u00e1vame iniciat\u00edvu na v\u00e1s samotn\u00fdch. H\u013ead\u00e1me dvoch fan\u00fa\u0161ikov, ktor\u00ed sa dobrovo\u013ene prihl\u00e1sia na men\u0161\u00ed rozhovor. M\u00f4\u017eu tak urobi\u0165 prostredn\u00edctvom koment\u00e1ra pod t\u00fdmto \u010dl\u00e1nkom, rovnako ako pred rokom.<\/p>\n<p>Term\u00edn dokedy sa m\u00f4\u017eete prihl\u00e1si\u0165 je\u00a0<strong>nede\u013ea 6. j\u00fana 2021, do 21:00<\/strong>. V pr\u00edpade prekro\u010denia prihl\u00e1sen\u00e9ho po\u010dtu po\u017eadovan\u00fdch participantov sa bud\u00fa uprednost\u0148ova\u0165 uch\u00e1dza\u010di pod\u013ea hesla \u201cprv\u00fd vyhr\u00e1va\u201d. Ak by sa z\u00e1ujemcovia nena\u0161li, redakcia sa bude musie\u0165 obr\u00e1ti\u0165 na spovedn\u00e9 st\u00e1lice posledn\u00fdch rokov, alebo aj na sam\u00fdch seba. D\u00fafame v\u0161ak, \u017ee tak\u00e9 nie\u010do nebude nutn\u00e9 a \u00faspe\u0161ne vyberieme aj druh\u00fd rok z dobrovo\u013en\u00edkov.<\/p>\n<p>S\u00a0pozdravom<\/p>\n<p style=\"text-align: center;\"><strong><em>Redaktorsk\u00fd t\u00edm \u201eEvertonFC.cz\u201c<\/em><\/strong><\/p>\n","protected":false},"excerpt":{"rendered":"<p>V redakcii pokra\u010dujeme v trad\u00edcii na konci ka\u017ed\u00e9ho ro\u010dn\u00edka spravi\u0165 \u201cZhodnotenie sez\u00f3ny\u201d\u00a0formou rozhovoru, \u010di u\u017e\u00a0so samotn\u00fdmi \u010dlenmi redakcie, alebo s&hellip;<\/p>\n","protected":false},"author":1,"featured_media":0,"comment_status":"open","ping_status":"closed","template":"","tags":[],"news-category":[18],"yoast_head":"<!-- This site is optimized with the Yoast SEO plugin v23.4 - https:\/\/yoast.com\/wordpress\/plugins\/seo\/ -->\n<title>Zhodnotenie sez\u00f3ny 2020\/21 - Official Czech &amp; Slovak Everton Supporters&#039; Club<\/title>\n<meta name=\"robots\" content=\"index, follow, max-snippet:-1, max-image-preview:large, max-video-preview:-1\" \/>\n<link rel=\"canonical\" href=\"https:\/\/evertonfc.cz\/index.php\/news\/zhodnotenie-sezony-2020-21\/\" \/>\n<meta property=\"og:locale\" content=\"cs_CZ\" \/>\n<meta property=\"og:type\" content=\"article\" \/>\n<meta property=\"og:title\" content=\"Zhodnotenie sez\u00f3ny 2020\/21 - Official Czech &amp; Slovak Everton Supporters&#039; Club\" \/>\n<meta property=\"og:description\" content=\"V redakcii pokra\u010dujeme v trad\u00edcii na konci ka\u017ed\u00e9ho ro\u010dn\u00edka spravi\u0165 \u201cZhodnotenie sez\u00f3ny\u201d\u00a0formou rozhovoru, \u010di u\u017e\u00a0so samotn\u00fdmi \u010dlenmi redakcie, alebo s&hellip;\" \/>\n<meta property=\"og:url\" content=\"https:\/\/evertonfc.cz\/index.php\/news\/zhodnotenie-sezony-2020-21\/\" \/>\n<meta property=\"og:site_name\" content=\"Official Czech &amp; Slovak Everton Supporters&#039; Club\" \/>\n<meta property=\"article:publisher\" content=\"https:\/\/www.facebook.com\/everton.fans.cz.sk\" \/>\n<meta name=\"twitter:card\" content=\"summary_large_image\" \/>\n<meta name=\"twitter:label1\" content=\"Odhadovan\u00e1 doba \u010dten\u00ed\" \/>\n\t<meta name=\"twitter:data1\" content=\"1 minuta\" \/>\n<script type=\"application\/ld+json\" class=\"yoast-schema-graph\">{\"@context\":\"https:\/\/schema.org\",\"@graph\":[{\"@type\":\"WebPage\",\"@id\":\"https:\/\/evertonfc.cz\/index.php\/news\/zhodnotenie-sezony-2020-21\/\",\"url\":\"https:\/\/evertonfc.cz\/index.php\/news\/zhodnotenie-sezony-2020-21\/\",\"name\":\"Zhodnotenie sez\u00f3ny 2020\/21 - Official Czech &amp; Slovak Everton Supporters&#039; Club\",\"isPartOf\":{\"@id\":\"https:\/\/evertonfc.cz\/#website\"},\"datePublished\":\"2021-05-30T09:34:58+00:00\",\"dateModified\":\"2021-05-30T09:34:58+00:00\",\"breadcrumb\":{\"@id\":\"https:\/\/evertonfc.cz\/index.php\/news\/zhodnotenie-sezony-2020-21\/#breadcrumb\"},\"inLanguage\":\"cs\",\"potentialAction\":[{\"@type\":\"ReadAction\",\"target\":[\"https:\/\/evertonfc.cz\/index.php\/news\/zhodnotenie-sezony-2020-21\/\"]}]},{\"@type\":\"BreadcrumbList\",\"@id\":\"https:\/\/evertonfc.cz\/index.php\/news\/zhodnotenie-sezony-2020-21\/#breadcrumb\",\"itemListElement\":[{\"@type\":\"ListItem\",\"position\":1,\"name\":\"Home\",\"item\":\"https:\/\/evertonfc.cz\/\"},{\"@type\":\"ListItem\",\"position\":2,\"name\":\"News\",\"item\":\"https:\/\/evertonfc.cz\/index.php\/news\/\"},{\"@type\":\"ListItem\",\"position\":3,\"name\":\"Zhodnotenie sez\u00f3ny 2020\/21\"}]},{\"@type\":\"WebSite\",\"@id\":\"https:\/\/evertonfc.cz\/#website\",\"url\":\"https:\/\/evertonfc.cz\/\",\"name\":\"Official Czech &amp; Slovak Everton Supporters&#039; Club\",\"description\":\"\",\"publisher\":{\"@id\":\"https:\/\/evertonfc.cz\/#organization\"},\"potentialAction\":[{\"@type\":\"SearchAction\",\"target\":{\"@type\":\"EntryPoint\",\"urlTemplate\":\"https:\/\/evertonfc.cz\/?s={search_term_string}\"},\"query-input\":{\"@type\":\"PropertyValueSpecification\",\"valueRequired\":true,\"valueName\":\"search_term_string\"}}],\"inLanguage\":\"cs\"},{\"@type\":\"Organization\",\"@id\":\"https:\/\/evertonfc.cz\/#organization\",\"name\":\"Official Czech & Slovak Everton Supporters' Club\",\"url\":\"https:\/\/evertonfc.cz\/\",\"logo\":{\"@type\":\"ImageObject\",\"inLanguage\":\"cs\",\"@id\":\"https:\/\/evertonfc.cz\/#\/schema\/logo\/image\/\",\"url\":\"https:\/\/evertonfc.cz\/wp-content\/uploads\/2019\/05\/logo.png\",\"contentUrl\":\"https:\/\/evertonfc.cz\/wp-content\/uploads\/2019\/05\/logo.png\",\"width\":112,\"height\":112,\"caption\":\"Official Czech & Slovak Everton Supporters' Club\"},\"image\":{\"@id\":\"https:\/\/evertonfc.cz\/#\/schema\/logo\/image\/\"},\"sameAs\":[\"https:\/\/www.facebook.com\/everton.fans.cz.sk\"]}]}<\/script>\n<!-- \/ Yoast SEO plugin. -->","yoast_head_json":{"title":"Zhodnotenie sez\u00f3ny 2020\/21 - Official Czech &amp; Slovak Everton Supporters&#039; Club","robots":{"index":"index","follow":"follow","max-snippet":"max-snippet:-1","max-image-preview":"max-image-preview:large","max-video-preview":"max-video-preview:-1"},"canonical":"https:\/\/evertonfc.cz\/index.php\/news\/zhodnotenie-sezony-2020-21\/","og_locale":"cs_CZ","og_type":"article","og_title":"Zhodnotenie sez\u00f3ny 2020\/21 - Official Czech &amp; Slovak Everton Supporters&#039; Club","og_description":"V redakcii pokra\u010dujeme v trad\u00edcii na konci ka\u017ed\u00e9ho ro\u010dn\u00edka spravi\u0165 \u201cZhodnotenie sez\u00f3ny\u201d\u00a0formou rozhovoru, \u010di u\u017e\u00a0so samotn\u00fdmi \u010dlenmi redakcie, alebo s&hellip;","og_url":"https:\/\/evertonfc.cz\/index.php\/news\/zhodnotenie-sezony-2020-21\/","og_site_name":"Official Czech &amp; Slovak Everton Supporters&#039; Club","article_publisher":"https:\/\/www.facebook.com\/everton.fans.cz.sk","twitter_card":"summary_large_image","twitter_misc":{"Odhadovan\u00e1 doba \u010dten\u00ed":"1 minuta"},"schema":{"@context":"https:\/\/schema.org","@graph":[{"@type":"WebPage","@id":"https:\/\/evertonfc.cz\/index.php\/news\/zhodnotenie-sezony-2020-21\/","url":"https:\/\/evertonfc.cz\/index.php\/news\/zhodnotenie-sezony-2020-21\/","name":"Zhodnotenie sez\u00f3ny 2020\/21 - Official Czech &amp; Slovak Everton Supporters&#039; Club","isPartOf":{"@id":"https:\/\/evertonfc.cz\/#website"},"datePublished":"2021-05-30T09:34:58+00:00","dateModified":"2021-05-30T09:34:58+00:00","breadcrumb":{"@id":"https:\/\/evertonfc.cz\/index.php\/news\/zhodnotenie-sezony-2020-21\/#breadcrumb"},"inLanguage":"cs","potentialAction":[{"@type":"ReadAction","target":["https:\/\/evertonfc.cz\/index.php\/news\/zhodnotenie-sezony-2020-21\/"]}]},{"@type":"BreadcrumbList","@id":"https:\/\/evertonfc.cz\/index.php\/news\/zhodnotenie-sezony-2020-21\/#breadcrumb","itemListElement":[{"@type":"ListItem","position":1,"name":"Home","item":"https:\/\/evertonfc.cz\/"},{"@type":"ListItem","position":2,"name":"News","item":"https:\/\/evertonfc.cz\/index.php\/news\/"},{"@type":"ListItem","position":3,"name":"Zhodnotenie sez\u00f3ny 2020\/21"}]},{"@type":"WebSite","@id":"https:\/\/evertonfc.cz\/#website","url":"https:\/\/evertonfc.cz\/","name":"Official Czech &amp; Slovak Everton Supporters&#039; Club","description":"","publisher":{"@id":"https:\/\/evertonfc.cz\/#organization"},"potentialAction":[{"@type":"SearchAction","target":{"@type":"EntryPoint","urlTemplate":"https:\/\/evertonfc.cz\/?s={search_term_string}"},"query-input":{"@type":"PropertyValueSpecification","valueRequired":true,"valueName":"search_term_string"}}],"inLanguage":"cs"},{"@type":"Organization","@id":"https:\/\/evertonfc.cz\/#organization","name":"Official Czech & Slovak Everton Supporters' Club","url":"https:\/\/evertonfc.cz\/","logo":{"@type":"ImageObject","inLanguage":"cs","@id":"https:\/\/evertonfc.cz\/#\/schema\/logo\/image\/","url":"https:\/\/evertonfc.cz\/wp-content\/uploads\/2019\/05\/logo.png","contentUrl":"https:\/\/evertonfc.cz\/wp-content\/uploads\/2019\/05\/logo.png","width":112,"height":112,"caption":"Official Czech & Slovak Everton Supporters' Club"},"image":{"@id":"https:\/\/evertonfc.cz\/#\/schema\/logo\/image\/"},"sameAs":["https:\/\/www.facebook.com\/everton.fans.cz.sk"]}]}},"_links":{"self":[{"href":"https:\/\/evertonfc.cz\/index.php\/wp-json\/wp\/v2\/news\/15456"}],"collection":[{"href":"https:\/\/evertonfc.cz\/index.php\/wp-json\/wp\/v2\/news"}],"about":[{"href":"https:\/\/evertonfc.cz\/index.php\/wp-json\/wp\/v2\/types\/news"}],"author":[{"embeddable":true,"href":"https:\/\/evertonfc.cz\/index.php\/wp-json\/wp\/v2\/users\/1"}],"replies":[{"embeddable":true,"href":"https:\/\/evertonfc.cz\/index.php\/wp-json\/wp\/v2\/comments?post=15456"}],"version-history":[{"count":0,"href":"https:\/\/evertonfc.cz\/index.php\/wp-json\/wp\/v2\/news\/15456\/revisions"}],"wp:attachment":[{"href":"https:\/\/evertonfc.cz\/index.php\/wp-json\/wp\/v2\/media?parent=15456"}],"wp:term":[{"taxonomy":"post_tag","embeddable":true,"href":"https:\/\/evertonfc.cz\/index.php\/wp-json\/wp\/v2\/tags?post=15456"},{"taxonomy":"news-category","embeddable":true,"href":"https:\/\/evertonfc.cz\/index.php\/wp-json\/wp\/v2\/news-category?post=15456"}],"curies":[{"name":"wp","href":"https:\/\/api.w.org\/{rel}","templated":true}]}}