{"id":15486,"date":"2021-06-04T14:26:14","date_gmt":"2021-06-04T12:26:14","guid":{"rendered":"https:\/\/evertonfc.cz\/?post_type=news&#038;p=15486"},"modified":"2021-06-04T14:26:14","modified_gmt":"2021-06-04T12:26:14","slug":"zoznam-prepustenych-hracov-zverejneny","status":"publish","type":"news","link":"https:\/\/evertonfc.cz\/index.php\/news\/zoznam-prepustenych-hracov-zverejneny\/","title":{"rendered":"Zoznam prepusten\u00fdch hr\u00e1\u010dov zverejnen\u00fd"},"content":{"rendered":"<p>Everton dnes na svojej ofici\u00e1lnej str\u00e1nke ozn\u00e1mil, \u017ee \u00fato\u010dn\u00edk Joshua King, kr\u00eddeln\u00edci Theo Walcott a Yannick Bolasie, a tie\u017e z\u00e1lo\u017en\u00edk Muhamed Be\u0161i\u0107 z klubu od\u00eddu, ke\u010f im koncom tohto mesiaca vypr\u0161\u00ed platnos\u0165 s\u00fa\u010dasn\u00fdch zml\u00fav. Hos\u0165uj\u00faci brank\u00e1r Robin Olsen z r\u00edmskeho AS sa vr\u00e1ti do svojho matersk\u00e9ho klubu.<\/p>\n<p>V t\u00edme do 23 rokov nebud\u00fa pokra\u010dova\u0165 Josh Bowler, Dennis Adeniran, Matthew Pennington, Con Ouzounidis, Callum Connolly a Bobby Carroll. Nathan Broadhead, Ryan Astley a Joe Anderson dostali ponuky na nov\u00e9 zmluvy, zatia\u013e \u010do klub vyu\u017eil mo\u017enos\u0165 pred\u013a\u017ei\u0165 kontrakt Kylea Johna do konca j\u00fana 2022. Z\u00a0U18 boli prepusten\u00ed Daniel Lowey, Jack McIntyre a Dylan Thompson. \u0160tipendium Liamovi Higginsovi bolo pred\u013a\u017een\u00e9 o tret\u00ed rok.<\/p>\n<p>Everton \u010fakuje v\u0161etk\u00fdm odch\u00e1dzaj\u00facim hr\u00e1\u010dom za ich pr\u00ednos po\u010das celej ich doby p\u00f4sobenia v klube.<\/p>\n","protected":false},"excerpt":{"rendered":"<p>Everton dnes na svojej ofici\u00e1lnej str\u00e1nke ozn\u00e1mil, \u017ee \u00fato\u010dn\u00edk Joshua King, kr\u00eddeln\u00edci Theo Walcott a Yannick Bolasie, a tie\u017e z\u00e1lo\u017en\u00edk&hellip;<\/p>\n","protected":false},"author":1,"featured_media":0,"comment_status":"open","ping_status":"closed","template":"","tags":[],"news-category":[18],"yoast_head":"<!-- This site is optimized with the Yoast SEO plugin v23.4 - https:\/\/yoast.com\/wordpress\/plugins\/seo\/ -->\n<title>Zoznam prepusten\u00fdch hr\u00e1\u010dov zverejnen\u00fd - Official Czech &amp; Slovak Everton Supporters&#039; Club<\/title>\n<meta name=\"robots\" content=\"index, follow, max-snippet:-1, max-image-preview:large, max-video-preview:-1\" \/>\n<link rel=\"canonical\" href=\"https:\/\/evertonfc.cz\/index.php\/news\/zoznam-prepustenych-hracov-zverejneny\/\" \/>\n<meta property=\"og:locale\" content=\"cs_CZ\" \/>\n<meta property=\"og:type\" content=\"article\" \/>\n<meta property=\"og:title\" content=\"Zoznam prepusten\u00fdch hr\u00e1\u010dov zverejnen\u00fd - Official Czech &amp; Slovak Everton Supporters&#039; Club\" \/>\n<meta property=\"og:description\" content=\"Everton dnes na svojej ofici\u00e1lnej str\u00e1nke ozn\u00e1mil, \u017ee \u00fato\u010dn\u00edk Joshua King, kr\u00eddeln\u00edci Theo Walcott a Yannick Bolasie, a tie\u017e z\u00e1lo\u017en\u00edk&hellip;\" \/>\n<meta property=\"og:url\" content=\"https:\/\/evertonfc.cz\/index.php\/news\/zoznam-prepustenych-hracov-zverejneny\/\" \/>\n<meta property=\"og:site_name\" content=\"Official Czech &amp; Slovak Everton Supporters&#039; Club\" \/>\n<meta property=\"article:publisher\" content=\"https:\/\/www.facebook.com\/everton.fans.cz.sk\" \/>\n<meta name=\"twitter:card\" content=\"summary_large_image\" \/>\n<meta name=\"twitter:label1\" content=\"Odhadovan\u00e1 doba \u010dten\u00ed\" \/>\n\t<meta name=\"twitter:data1\" content=\"1 minuta\" \/>\n<script type=\"application\/ld+json\" class=\"yoast-schema-graph\">{\"@context\":\"https:\/\/schema.org\",\"@graph\":[{\"@type\":\"WebPage\",\"@id\":\"https:\/\/evertonfc.cz\/index.php\/news\/zoznam-prepustenych-hracov-zverejneny\/\",\"url\":\"https:\/\/evertonfc.cz\/index.php\/news\/zoznam-prepustenych-hracov-zverejneny\/\",\"name\":\"Zoznam prepusten\u00fdch hr\u00e1\u010dov zverejnen\u00fd - Official Czech &amp; Slovak Everton Supporters&#039; Club\",\"isPartOf\":{\"@id\":\"https:\/\/evertonfc.cz\/#website\"},\"datePublished\":\"2021-06-04T12:26:14+00:00\",\"dateModified\":\"2021-06-04T12:26:14+00:00\",\"breadcrumb\":{\"@id\":\"https:\/\/evertonfc.cz\/index.php\/news\/zoznam-prepustenych-hracov-zverejneny\/#breadcrumb\"},\"inLanguage\":\"cs\",\"potentialAction\":[{\"@type\":\"ReadAction\",\"target\":[\"https:\/\/evertonfc.cz\/index.php\/news\/zoznam-prepustenych-hracov-zverejneny\/\"]}]},{\"@type\":\"BreadcrumbList\",\"@id\":\"https:\/\/evertonfc.cz\/index.php\/news\/zoznam-prepustenych-hracov-zverejneny\/#breadcrumb\",\"itemListElement\":[{\"@type\":\"ListItem\",\"position\":1,\"name\":\"Home\",\"item\":\"https:\/\/evertonfc.cz\/\"},{\"@type\":\"ListItem\",\"position\":2,\"name\":\"News\",\"item\":\"https:\/\/evertonfc.cz\/index.php\/news\/\"},{\"@type\":\"ListItem\",\"position\":3,\"name\":\"Zoznam prepusten\u00fdch hr\u00e1\u010dov zverejnen\u00fd\"}]},{\"@type\":\"WebSite\",\"@id\":\"https:\/\/evertonfc.cz\/#website\",\"url\":\"https:\/\/evertonfc.cz\/\",\"name\":\"Official Czech &amp; Slovak Everton Supporters&#039; Club\",\"description\":\"\",\"publisher\":{\"@id\":\"https:\/\/evertonfc.cz\/#organization\"},\"potentialAction\":[{\"@type\":\"SearchAction\",\"target\":{\"@type\":\"EntryPoint\",\"urlTemplate\":\"https:\/\/evertonfc.cz\/?s={search_term_string}\"},\"query-input\":{\"@type\":\"PropertyValueSpecification\",\"valueRequired\":true,\"valueName\":\"search_term_string\"}}],\"inLanguage\":\"cs\"},{\"@type\":\"Organization\",\"@id\":\"https:\/\/evertonfc.cz\/#organization\",\"name\":\"Official Czech & Slovak Everton Supporters' Club\",\"url\":\"https:\/\/evertonfc.cz\/\",\"logo\":{\"@type\":\"ImageObject\",\"inLanguage\":\"cs\",\"@id\":\"https:\/\/evertonfc.cz\/#\/schema\/logo\/image\/\",\"url\":\"https:\/\/evertonfc.cz\/wp-content\/uploads\/2019\/05\/logo.png\",\"contentUrl\":\"https:\/\/evertonfc.cz\/wp-content\/uploads\/2019\/05\/logo.png\",\"width\":112,\"height\":112,\"caption\":\"Official Czech & Slovak Everton Supporters' Club\"},\"image\":{\"@id\":\"https:\/\/evertonfc.cz\/#\/schema\/logo\/image\/\"},\"sameAs\":[\"https:\/\/www.facebook.com\/everton.fans.cz.sk\"]}]}<\/script>\n<!-- \/ Yoast SEO plugin. -->","yoast_head_json":{"title":"Zoznam prepusten\u00fdch hr\u00e1\u010dov zverejnen\u00fd - Official Czech &amp; Slovak Everton Supporters&#039; Club","robots":{"index":"index","follow":"follow","max-snippet":"max-snippet:-1","max-image-preview":"max-image-preview:large","max-video-preview":"max-video-preview:-1"},"canonical":"https:\/\/evertonfc.cz\/index.php\/news\/zoznam-prepustenych-hracov-zverejneny\/","og_locale":"cs_CZ","og_type":"article","og_title":"Zoznam prepusten\u00fdch hr\u00e1\u010dov zverejnen\u00fd - Official Czech &amp; Slovak Everton Supporters&#039; Club","og_description":"Everton dnes na svojej ofici\u00e1lnej str\u00e1nke ozn\u00e1mil, \u017ee \u00fato\u010dn\u00edk Joshua King, kr\u00eddeln\u00edci Theo Walcott a Yannick Bolasie, a tie\u017e z\u00e1lo\u017en\u00edk&hellip;","og_url":"https:\/\/evertonfc.cz\/index.php\/news\/zoznam-prepustenych-hracov-zverejneny\/","og_site_name":"Official Czech &amp; Slovak Everton Supporters&#039; Club","article_publisher":"https:\/\/www.facebook.com\/everton.fans.cz.sk","twitter_card":"summary_large_image","twitter_misc":{"Odhadovan\u00e1 doba \u010dten\u00ed":"1 minuta"},"schema":{"@context":"https:\/\/schema.org","@graph":[{"@type":"WebPage","@id":"https:\/\/evertonfc.cz\/index.php\/news\/zoznam-prepustenych-hracov-zverejneny\/","url":"https:\/\/evertonfc.cz\/index.php\/news\/zoznam-prepustenych-hracov-zverejneny\/","name":"Zoznam prepusten\u00fdch hr\u00e1\u010dov zverejnen\u00fd - Official Czech &amp; Slovak Everton Supporters&#039; Club","isPartOf":{"@id":"https:\/\/evertonfc.cz\/#website"},"datePublished":"2021-06-04T12:26:14+00:00","dateModified":"2021-06-04T12:26:14+00:00","breadcrumb":{"@id":"https:\/\/evertonfc.cz\/index.php\/news\/zoznam-prepustenych-hracov-zverejneny\/#breadcrumb"},"inLanguage":"cs","potentialAction":[{"@type":"ReadAction","target":["https:\/\/evertonfc.cz\/index.php\/news\/zoznam-prepustenych-hracov-zverejneny\/"]}]},{"@type":"BreadcrumbList","@id":"https:\/\/evertonfc.cz\/index.php\/news\/zoznam-prepustenych-hracov-zverejneny\/#breadcrumb","itemListElement":[{"@type":"ListItem","position":1,"name":"Home","item":"https:\/\/evertonfc.cz\/"},{"@type":"ListItem","position":2,"name":"News","item":"https:\/\/evertonfc.cz\/index.php\/news\/"},{"@type":"ListItem","position":3,"name":"Zoznam prepusten\u00fdch hr\u00e1\u010dov zverejnen\u00fd"}]},{"@type":"WebSite","@id":"https:\/\/evertonfc.cz\/#website","url":"https:\/\/evertonfc.cz\/","name":"Official Czech &amp; Slovak Everton Supporters&#039; Club","description":"","publisher":{"@id":"https:\/\/evertonfc.cz\/#organization"},"potentialAction":[{"@type":"SearchAction","target":{"@type":"EntryPoint","urlTemplate":"https:\/\/evertonfc.cz\/?s={search_term_string}"},"query-input":{"@type":"PropertyValueSpecification","valueRequired":true,"valueName":"search_term_string"}}],"inLanguage":"cs"},{"@type":"Organization","@id":"https:\/\/evertonfc.cz\/#organization","name":"Official Czech & Slovak Everton Supporters' Club","url":"https:\/\/evertonfc.cz\/","logo":{"@type":"ImageObject","inLanguage":"cs","@id":"https:\/\/evertonfc.cz\/#\/schema\/logo\/image\/","url":"https:\/\/evertonfc.cz\/wp-content\/uploads\/2019\/05\/logo.png","contentUrl":"https:\/\/evertonfc.cz\/wp-content\/uploads\/2019\/05\/logo.png","width":112,"height":112,"caption":"Official Czech & Slovak Everton Supporters' Club"},"image":{"@id":"https:\/\/evertonfc.cz\/#\/schema\/logo\/image\/"},"sameAs":["https:\/\/www.facebook.com\/everton.fans.cz.sk"]}]}},"_links":{"self":[{"href":"https:\/\/evertonfc.cz\/index.php\/wp-json\/wp\/v2\/news\/15486"}],"collection":[{"href":"https:\/\/evertonfc.cz\/index.php\/wp-json\/wp\/v2\/news"}],"about":[{"href":"https:\/\/evertonfc.cz\/index.php\/wp-json\/wp\/v2\/types\/news"}],"author":[{"embeddable":true,"href":"https:\/\/evertonfc.cz\/index.php\/wp-json\/wp\/v2\/users\/1"}],"replies":[{"embeddable":true,"href":"https:\/\/evertonfc.cz\/index.php\/wp-json\/wp\/v2\/comments?post=15486"}],"version-history":[{"count":0,"href":"https:\/\/evertonfc.cz\/index.php\/wp-json\/wp\/v2\/news\/15486\/revisions"}],"wp:attachment":[{"href":"https:\/\/evertonfc.cz\/index.php\/wp-json\/wp\/v2\/media?parent=15486"}],"wp:term":[{"taxonomy":"post_tag","embeddable":true,"href":"https:\/\/evertonfc.cz\/index.php\/wp-json\/wp\/v2\/tags?post=15486"},{"taxonomy":"news-category","embeddable":true,"href":"https:\/\/evertonfc.cz\/index.php\/wp-json\/wp\/v2\/news-category?post=15486"}],"curies":[{"name":"wp","href":"https:\/\/api.w.org\/{rel}","templated":true}]}}