{"id":15492,"date":"2021-06-04T22:55:16","date_gmt":"2021-06-04T20:55:16","guid":{"rendered":"https:\/\/evertonfc.cz\/?post_type=news&#038;p=15492"},"modified":"2021-06-04T22:55:16","modified_gmt":"2021-06-04T20:55:16","slug":"maeva-clemaron-odchazi","status":"publish","type":"news","link":"https:\/\/evertonfc.cz\/index.php\/news\/maeva-clemaron-odchazi\/","title":{"rendered":"Ma\u00e9va Clemaron odch\u00e1z\u00ed"},"content":{"rendered":"<p>Po ukon\u010den\u00ed sez\u00f3ny 20\/21 vypr\u0161ela smlouva defenzivn\u00ed z\u00e1lo\u017enici evertonsk\u00e9ho t\u00fdmu Ma\u00e9v\u011b Clemaron. Ma\u00e9va h\u00e1jila barvy Evertonu od za\u010d\u00e1tku sez\u00f3ny 2019\/2020. Jej\u00ed \u010dinnost byla p\u0159ev\u00e1\u017en\u011b defenzivn\u00ed, g\u00f3lem se do statistik nezapsala. Odchovankyn\u011b Lyonu str\u00e1vila nejv\u011bt\u0161\u00ed \u010d\u00e1st sv\u00e9 dosavadn\u00ed kari\u00e9ry v St \u00c9tienne a p\u0159e kr\u00e1tkou zast\u00e1vku v FC Fleury 91 dorazila do Evertonu. Od roku 2018 reprezentuje Francii. O jej\u00ed dal\u0161\u00ed\u00a0 kari\u00e9\u0159e po odchodu z Evertonu nen\u00ed zat\u00edm nic zn\u00e1mo. Klub j\u00ed pod\u011bkoval za spolehliv\u00e9 v\u00fdkony a my se k tomuto pod\u011bkov\u00e1n\u00ed m\u016f\u017eeme jen p\u0159ipojit. Merci et bonne chance, Ma\u00e9va!<\/p>\n","protected":false},"excerpt":{"rendered":"<p>Po ukon\u010den\u00ed sez\u00f3ny 20\/21 vypr\u0161ela smlouva defenzivn\u00ed z\u00e1lo\u017enici evertonsk\u00e9ho t\u00fdmu Ma\u00e9v\u011b Clemaron. Ma\u00e9va h\u00e1jila barvy Evertonu od za\u010d\u00e1tku sez\u00f3ny 2019\/2020.&hellip;<\/p>\n","protected":false},"author":26,"featured_media":0,"comment_status":"open","ping_status":"closed","template":"","tags":[],"news-category":[18],"yoast_head":"<!-- This site is optimized with the Yoast SEO plugin v23.4 - https:\/\/yoast.com\/wordpress\/plugins\/seo\/ -->\n<title>Ma\u00e9va Clemaron odch\u00e1z\u00ed - Official Czech &amp; Slovak Everton Supporters&#039; Club<\/title>\n<meta name=\"robots\" content=\"index, follow, max-snippet:-1, max-image-preview:large, max-video-preview:-1\" \/>\n<link rel=\"canonical\" href=\"https:\/\/evertonfc.cz\/index.php\/news\/maeva-clemaron-odchazi\/\" \/>\n<meta property=\"og:locale\" content=\"cs_CZ\" \/>\n<meta property=\"og:type\" content=\"article\" \/>\n<meta property=\"og:title\" content=\"Ma\u00e9va Clemaron odch\u00e1z\u00ed - Official Czech &amp; Slovak Everton Supporters&#039; Club\" \/>\n<meta property=\"og:description\" content=\"Po ukon\u010den\u00ed sez\u00f3ny 20\/21 vypr\u0161ela smlouva defenzivn\u00ed z\u00e1lo\u017enici evertonsk\u00e9ho t\u00fdmu Ma\u00e9v\u011b Clemaron. Ma\u00e9va h\u00e1jila barvy Evertonu od za\u010d\u00e1tku sez\u00f3ny 2019\/2020.&hellip;\" \/>\n<meta property=\"og:url\" content=\"https:\/\/evertonfc.cz\/index.php\/news\/maeva-clemaron-odchazi\/\" \/>\n<meta property=\"og:site_name\" content=\"Official Czech &amp; Slovak Everton Supporters&#039; Club\" \/>\n<meta property=\"article:publisher\" content=\"https:\/\/www.facebook.com\/everton.fans.cz.sk\" \/>\n<meta name=\"twitter:card\" content=\"summary_large_image\" \/>\n<meta name=\"twitter:label1\" content=\"Odhadovan\u00e1 doba \u010dten\u00ed\" \/>\n\t<meta name=\"twitter:data1\" content=\"1 minuta\" \/>\n<script type=\"application\/ld+json\" class=\"yoast-schema-graph\">{\"@context\":\"https:\/\/schema.org\",\"@graph\":[{\"@type\":\"WebPage\",\"@id\":\"https:\/\/evertonfc.cz\/index.php\/news\/maeva-clemaron-odchazi\/\",\"url\":\"https:\/\/evertonfc.cz\/index.php\/news\/maeva-clemaron-odchazi\/\",\"name\":\"Ma\u00e9va Clemaron odch\u00e1z\u00ed - Official Czech &amp; Slovak Everton Supporters&#039; Club\",\"isPartOf\":{\"@id\":\"https:\/\/evertonfc.cz\/#website\"},\"datePublished\":\"2021-06-04T20:55:16+00:00\",\"dateModified\":\"2021-06-04T20:55:16+00:00\",\"breadcrumb\":{\"@id\":\"https:\/\/evertonfc.cz\/index.php\/news\/maeva-clemaron-odchazi\/#breadcrumb\"},\"inLanguage\":\"cs\",\"potentialAction\":[{\"@type\":\"ReadAction\",\"target\":[\"https:\/\/evertonfc.cz\/index.php\/news\/maeva-clemaron-odchazi\/\"]}]},{\"@type\":\"BreadcrumbList\",\"@id\":\"https:\/\/evertonfc.cz\/index.php\/news\/maeva-clemaron-odchazi\/#breadcrumb\",\"itemListElement\":[{\"@type\":\"ListItem\",\"position\":1,\"name\":\"Home\",\"item\":\"https:\/\/evertonfc.cz\/\"},{\"@type\":\"ListItem\",\"position\":2,\"name\":\"News\",\"item\":\"https:\/\/evertonfc.cz\/index.php\/news\/\"},{\"@type\":\"ListItem\",\"position\":3,\"name\":\"Ma\u00e9va Clemaron odch\u00e1z\u00ed\"}]},{\"@type\":\"WebSite\",\"@id\":\"https:\/\/evertonfc.cz\/#website\",\"url\":\"https:\/\/evertonfc.cz\/\",\"name\":\"Official Czech &amp; Slovak Everton Supporters&#039; Club\",\"description\":\"\",\"publisher\":{\"@id\":\"https:\/\/evertonfc.cz\/#organization\"},\"potentialAction\":[{\"@type\":\"SearchAction\",\"target\":{\"@type\":\"EntryPoint\",\"urlTemplate\":\"https:\/\/evertonfc.cz\/?s={search_term_string}\"},\"query-input\":{\"@type\":\"PropertyValueSpecification\",\"valueRequired\":true,\"valueName\":\"search_term_string\"}}],\"inLanguage\":\"cs\"},{\"@type\":\"Organization\",\"@id\":\"https:\/\/evertonfc.cz\/#organization\",\"name\":\"Official Czech & Slovak Everton Supporters' Club\",\"url\":\"https:\/\/evertonfc.cz\/\",\"logo\":{\"@type\":\"ImageObject\",\"inLanguage\":\"cs\",\"@id\":\"https:\/\/evertonfc.cz\/#\/schema\/logo\/image\/\",\"url\":\"https:\/\/evertonfc.cz\/wp-content\/uploads\/2019\/05\/logo.png\",\"contentUrl\":\"https:\/\/evertonfc.cz\/wp-content\/uploads\/2019\/05\/logo.png\",\"width\":112,\"height\":112,\"caption\":\"Official Czech & Slovak Everton Supporters' Club\"},\"image\":{\"@id\":\"https:\/\/evertonfc.cz\/#\/schema\/logo\/image\/\"},\"sameAs\":[\"https:\/\/www.facebook.com\/everton.fans.cz.sk\"]}]}<\/script>\n<!-- \/ Yoast SEO plugin. -->","yoast_head_json":{"title":"Ma\u00e9va Clemaron odch\u00e1z\u00ed - Official Czech &amp; Slovak Everton Supporters&#039; Club","robots":{"index":"index","follow":"follow","max-snippet":"max-snippet:-1","max-image-preview":"max-image-preview:large","max-video-preview":"max-video-preview:-1"},"canonical":"https:\/\/evertonfc.cz\/index.php\/news\/maeva-clemaron-odchazi\/","og_locale":"cs_CZ","og_type":"article","og_title":"Ma\u00e9va Clemaron odch\u00e1z\u00ed - Official Czech &amp; Slovak Everton Supporters&#039; Club","og_description":"Po ukon\u010den\u00ed sez\u00f3ny 20\/21 vypr\u0161ela smlouva defenzivn\u00ed z\u00e1lo\u017enici evertonsk\u00e9ho t\u00fdmu Ma\u00e9v\u011b Clemaron. Ma\u00e9va h\u00e1jila barvy Evertonu od za\u010d\u00e1tku sez\u00f3ny 2019\/2020.&hellip;","og_url":"https:\/\/evertonfc.cz\/index.php\/news\/maeva-clemaron-odchazi\/","og_site_name":"Official Czech &amp; Slovak Everton Supporters&#039; Club","article_publisher":"https:\/\/www.facebook.com\/everton.fans.cz.sk","twitter_card":"summary_large_image","twitter_misc":{"Odhadovan\u00e1 doba \u010dten\u00ed":"1 minuta"},"schema":{"@context":"https:\/\/schema.org","@graph":[{"@type":"WebPage","@id":"https:\/\/evertonfc.cz\/index.php\/news\/maeva-clemaron-odchazi\/","url":"https:\/\/evertonfc.cz\/index.php\/news\/maeva-clemaron-odchazi\/","name":"Ma\u00e9va Clemaron odch\u00e1z\u00ed - Official Czech &amp; Slovak Everton Supporters&#039; Club","isPartOf":{"@id":"https:\/\/evertonfc.cz\/#website"},"datePublished":"2021-06-04T20:55:16+00:00","dateModified":"2021-06-04T20:55:16+00:00","breadcrumb":{"@id":"https:\/\/evertonfc.cz\/index.php\/news\/maeva-clemaron-odchazi\/#breadcrumb"},"inLanguage":"cs","potentialAction":[{"@type":"ReadAction","target":["https:\/\/evertonfc.cz\/index.php\/news\/maeva-clemaron-odchazi\/"]}]},{"@type":"BreadcrumbList","@id":"https:\/\/evertonfc.cz\/index.php\/news\/maeva-clemaron-odchazi\/#breadcrumb","itemListElement":[{"@type":"ListItem","position":1,"name":"Home","item":"https:\/\/evertonfc.cz\/"},{"@type":"ListItem","position":2,"name":"News","item":"https:\/\/evertonfc.cz\/index.php\/news\/"},{"@type":"ListItem","position":3,"name":"Ma\u00e9va Clemaron odch\u00e1z\u00ed"}]},{"@type":"WebSite","@id":"https:\/\/evertonfc.cz\/#website","url":"https:\/\/evertonfc.cz\/","name":"Official Czech &amp; Slovak Everton Supporters&#039; Club","description":"","publisher":{"@id":"https:\/\/evertonfc.cz\/#organization"},"potentialAction":[{"@type":"SearchAction","target":{"@type":"EntryPoint","urlTemplate":"https:\/\/evertonfc.cz\/?s={search_term_string}"},"query-input":{"@type":"PropertyValueSpecification","valueRequired":true,"valueName":"search_term_string"}}],"inLanguage":"cs"},{"@type":"Organization","@id":"https:\/\/evertonfc.cz\/#organization","name":"Official Czech & Slovak Everton Supporters' Club","url":"https:\/\/evertonfc.cz\/","logo":{"@type":"ImageObject","inLanguage":"cs","@id":"https:\/\/evertonfc.cz\/#\/schema\/logo\/image\/","url":"https:\/\/evertonfc.cz\/wp-content\/uploads\/2019\/05\/logo.png","contentUrl":"https:\/\/evertonfc.cz\/wp-content\/uploads\/2019\/05\/logo.png","width":112,"height":112,"caption":"Official Czech & Slovak Everton Supporters' Club"},"image":{"@id":"https:\/\/evertonfc.cz\/#\/schema\/logo\/image\/"},"sameAs":["https:\/\/www.facebook.com\/everton.fans.cz.sk"]}]}},"_links":{"self":[{"href":"https:\/\/evertonfc.cz\/index.php\/wp-json\/wp\/v2\/news\/15492"}],"collection":[{"href":"https:\/\/evertonfc.cz\/index.php\/wp-json\/wp\/v2\/news"}],"about":[{"href":"https:\/\/evertonfc.cz\/index.php\/wp-json\/wp\/v2\/types\/news"}],"author":[{"embeddable":true,"href":"https:\/\/evertonfc.cz\/index.php\/wp-json\/wp\/v2\/users\/26"}],"replies":[{"embeddable":true,"href":"https:\/\/evertonfc.cz\/index.php\/wp-json\/wp\/v2\/comments?post=15492"}],"version-history":[{"count":0,"href":"https:\/\/evertonfc.cz\/index.php\/wp-json\/wp\/v2\/news\/15492\/revisions"}],"wp:attachment":[{"href":"https:\/\/evertonfc.cz\/index.php\/wp-json\/wp\/v2\/media?parent=15492"}],"wp:term":[{"taxonomy":"post_tag","embeddable":true,"href":"https:\/\/evertonfc.cz\/index.php\/wp-json\/wp\/v2\/tags?post=15492"},{"taxonomy":"news-category","embeddable":true,"href":"https:\/\/evertonfc.cz\/index.php\/wp-json\/wp\/v2\/news-category?post=15492"}],"curies":[{"name":"wp","href":"https:\/\/api.w.org\/{rel}","templated":true}]}}