{"id":15943,"date":"2021-07-30T10:55:49","date_gmt":"2021-07-30T08:55:49","guid":{"rendered":"https:\/\/evertonfc.cz\/?post_type=news&#038;p=15943"},"modified":"2021-07-30T10:55:49","modified_gmt":"2021-07-30T08:55:49","slug":"baningime-prestupuje-do-hearts","status":"publish","type":"news","link":"https:\/\/evertonfc.cz\/index.php\/news\/baningime-prestupuje-do-hearts\/","title":{"rendered":"Baningime prestupuje do Hearts"},"content":{"rendered":"<p>Stredn\u00fd z\u00e1lo\u017en\u00edk Beni Baningime op\u00fa\u0161\u0165a Everton, a stane sa hr\u00e1\u010dom \u0161k\u00f3tskeho prvoligov\u00e9ho klubu Heart of Midlothian. Dvadsa\u0165dvaro\u010dn\u00fd reprezentant DR Kongo nast\u00fapil do akad\u00e9mie Evertonu len ako dev\u00e4\u0165ro\u010dn\u00fd po tom, \u010do sa o rok sk\u00f4r pres\u0165ahoval do Anglicka pr\u00e1ve zo svojej africkej domoviny.<\/p>\n<p>Baningime na Finch Farm postupne prech\u00e1dzal vekov\u00fdmi kateg\u00f3riami, a\u017e v sez\u00f3ne 2016\/17 za U23 za\u017eiaril pri titule Davida Unswortha v ml\u00e1de\u017en\u00edckej s\u00fa\u0165a\u017ei Premier League 2. V prvom t\u00edme debutoval v okt\u00f3bri 2017 v bar\u00e1\u017ei Ligov\u00e9ho poh\u00e1ra proti Chelsea. Dokopy nast\u00fapil na 12 seniorsk\u00fdch vyst\u00fapen\u00ed.<\/p>\n<p>V posledn\u00fdch sez\u00f3nach v\u0161ak bojoval so zraneniami. Nevy\u0161li mu ani dve hos\u0165ovania v druhej lige &#8211; vo Wigane a v Derby. V prvom t\u00edme si od sez\u00f3ny 17\/18 nekopol. Beni bol tie\u017e v poslednom roku svojej \u0161tvorro\u010dnej zmluvy s klubom. S nov\u00fdm zamestn\u00e1vate\u013eom podp\u00edsal na tri roky za nezverejnen\u00fa sumu.<\/p>\n","protected":false},"excerpt":{"rendered":"<p>Stredn\u00fd z\u00e1lo\u017en\u00edk Beni Baningime op\u00fa\u0161\u0165a Everton, a stane sa hr\u00e1\u010dom \u0161k\u00f3tskeho prvoligov\u00e9ho klubu Heart of Midlothian. Dvadsa\u0165dvaro\u010dn\u00fd reprezentant DR Kongo&hellip;<\/p>\n","protected":false},"author":1,"featured_media":0,"comment_status":"open","ping_status":"closed","template":"","tags":[],"news-category":[18],"yoast_head":"<!-- This site is optimized with the Yoast SEO plugin v23.4 - https:\/\/yoast.com\/wordpress\/plugins\/seo\/ -->\n<title>Baningime prestupuje do Hearts - Official Czech &amp; Slovak Everton Supporters&#039; Club<\/title>\n<meta name=\"robots\" content=\"index, follow, max-snippet:-1, max-image-preview:large, max-video-preview:-1\" \/>\n<link rel=\"canonical\" href=\"https:\/\/evertonfc.cz\/index.php\/news\/baningime-prestupuje-do-hearts\/\" \/>\n<meta property=\"og:locale\" content=\"cs_CZ\" \/>\n<meta property=\"og:type\" content=\"article\" \/>\n<meta property=\"og:title\" content=\"Baningime prestupuje do Hearts - Official Czech &amp; Slovak Everton Supporters&#039; Club\" \/>\n<meta property=\"og:description\" content=\"Stredn\u00fd z\u00e1lo\u017en\u00edk Beni Baningime op\u00fa\u0161\u0165a Everton, a stane sa hr\u00e1\u010dom \u0161k\u00f3tskeho prvoligov\u00e9ho klubu Heart of Midlothian. Dvadsa\u0165dvaro\u010dn\u00fd reprezentant DR Kongo&hellip;\" \/>\n<meta property=\"og:url\" content=\"https:\/\/evertonfc.cz\/index.php\/news\/baningime-prestupuje-do-hearts\/\" \/>\n<meta property=\"og:site_name\" content=\"Official Czech &amp; Slovak Everton Supporters&#039; Club\" \/>\n<meta property=\"article:publisher\" content=\"https:\/\/www.facebook.com\/everton.fans.cz.sk\" \/>\n<meta name=\"twitter:card\" content=\"summary_large_image\" \/>\n<meta name=\"twitter:label1\" content=\"Odhadovan\u00e1 doba \u010dten\u00ed\" \/>\n\t<meta name=\"twitter:data1\" content=\"1 minuta\" \/>\n<script type=\"application\/ld+json\" class=\"yoast-schema-graph\">{\"@context\":\"https:\/\/schema.org\",\"@graph\":[{\"@type\":\"WebPage\",\"@id\":\"https:\/\/evertonfc.cz\/index.php\/news\/baningime-prestupuje-do-hearts\/\",\"url\":\"https:\/\/evertonfc.cz\/index.php\/news\/baningime-prestupuje-do-hearts\/\",\"name\":\"Baningime prestupuje do Hearts - Official Czech &amp; Slovak Everton Supporters&#039; Club\",\"isPartOf\":{\"@id\":\"https:\/\/evertonfc.cz\/#website\"},\"datePublished\":\"2021-07-30T08:55:49+00:00\",\"dateModified\":\"2021-07-30T08:55:49+00:00\",\"breadcrumb\":{\"@id\":\"https:\/\/evertonfc.cz\/index.php\/news\/baningime-prestupuje-do-hearts\/#breadcrumb\"},\"inLanguage\":\"cs\",\"potentialAction\":[{\"@type\":\"ReadAction\",\"target\":[\"https:\/\/evertonfc.cz\/index.php\/news\/baningime-prestupuje-do-hearts\/\"]}]},{\"@type\":\"BreadcrumbList\",\"@id\":\"https:\/\/evertonfc.cz\/index.php\/news\/baningime-prestupuje-do-hearts\/#breadcrumb\",\"itemListElement\":[{\"@type\":\"ListItem\",\"position\":1,\"name\":\"Home\",\"item\":\"https:\/\/evertonfc.cz\/\"},{\"@type\":\"ListItem\",\"position\":2,\"name\":\"News\",\"item\":\"https:\/\/evertonfc.cz\/index.php\/news\/\"},{\"@type\":\"ListItem\",\"position\":3,\"name\":\"Baningime prestupuje do Hearts\"}]},{\"@type\":\"WebSite\",\"@id\":\"https:\/\/evertonfc.cz\/#website\",\"url\":\"https:\/\/evertonfc.cz\/\",\"name\":\"Official Czech &amp; Slovak Everton Supporters&#039; Club\",\"description\":\"\",\"publisher\":{\"@id\":\"https:\/\/evertonfc.cz\/#organization\"},\"potentialAction\":[{\"@type\":\"SearchAction\",\"target\":{\"@type\":\"EntryPoint\",\"urlTemplate\":\"https:\/\/evertonfc.cz\/?s={search_term_string}\"},\"query-input\":{\"@type\":\"PropertyValueSpecification\",\"valueRequired\":true,\"valueName\":\"search_term_string\"}}],\"inLanguage\":\"cs\"},{\"@type\":\"Organization\",\"@id\":\"https:\/\/evertonfc.cz\/#organization\",\"name\":\"Official Czech & Slovak Everton Supporters' Club\",\"url\":\"https:\/\/evertonfc.cz\/\",\"logo\":{\"@type\":\"ImageObject\",\"inLanguage\":\"cs\",\"@id\":\"https:\/\/evertonfc.cz\/#\/schema\/logo\/image\/\",\"url\":\"https:\/\/evertonfc.cz\/wp-content\/uploads\/2019\/05\/logo.png\",\"contentUrl\":\"https:\/\/evertonfc.cz\/wp-content\/uploads\/2019\/05\/logo.png\",\"width\":112,\"height\":112,\"caption\":\"Official Czech & Slovak Everton Supporters' Club\"},\"image\":{\"@id\":\"https:\/\/evertonfc.cz\/#\/schema\/logo\/image\/\"},\"sameAs\":[\"https:\/\/www.facebook.com\/everton.fans.cz.sk\"]}]}<\/script>\n<!-- \/ Yoast SEO plugin. -->","yoast_head_json":{"title":"Baningime prestupuje do Hearts - Official Czech &amp; Slovak Everton Supporters&#039; Club","robots":{"index":"index","follow":"follow","max-snippet":"max-snippet:-1","max-image-preview":"max-image-preview:large","max-video-preview":"max-video-preview:-1"},"canonical":"https:\/\/evertonfc.cz\/index.php\/news\/baningime-prestupuje-do-hearts\/","og_locale":"cs_CZ","og_type":"article","og_title":"Baningime prestupuje do Hearts - Official Czech &amp; Slovak Everton Supporters&#039; Club","og_description":"Stredn\u00fd z\u00e1lo\u017en\u00edk Beni Baningime op\u00fa\u0161\u0165a Everton, a stane sa hr\u00e1\u010dom \u0161k\u00f3tskeho prvoligov\u00e9ho klubu Heart of Midlothian. Dvadsa\u0165dvaro\u010dn\u00fd reprezentant DR Kongo&hellip;","og_url":"https:\/\/evertonfc.cz\/index.php\/news\/baningime-prestupuje-do-hearts\/","og_site_name":"Official Czech &amp; Slovak Everton Supporters&#039; Club","article_publisher":"https:\/\/www.facebook.com\/everton.fans.cz.sk","twitter_card":"summary_large_image","twitter_misc":{"Odhadovan\u00e1 doba \u010dten\u00ed":"1 minuta"},"schema":{"@context":"https:\/\/schema.org","@graph":[{"@type":"WebPage","@id":"https:\/\/evertonfc.cz\/index.php\/news\/baningime-prestupuje-do-hearts\/","url":"https:\/\/evertonfc.cz\/index.php\/news\/baningime-prestupuje-do-hearts\/","name":"Baningime prestupuje do Hearts - Official Czech &amp; Slovak Everton Supporters&#039; Club","isPartOf":{"@id":"https:\/\/evertonfc.cz\/#website"},"datePublished":"2021-07-30T08:55:49+00:00","dateModified":"2021-07-30T08:55:49+00:00","breadcrumb":{"@id":"https:\/\/evertonfc.cz\/index.php\/news\/baningime-prestupuje-do-hearts\/#breadcrumb"},"inLanguage":"cs","potentialAction":[{"@type":"ReadAction","target":["https:\/\/evertonfc.cz\/index.php\/news\/baningime-prestupuje-do-hearts\/"]}]},{"@type":"BreadcrumbList","@id":"https:\/\/evertonfc.cz\/index.php\/news\/baningime-prestupuje-do-hearts\/#breadcrumb","itemListElement":[{"@type":"ListItem","position":1,"name":"Home","item":"https:\/\/evertonfc.cz\/"},{"@type":"ListItem","position":2,"name":"News","item":"https:\/\/evertonfc.cz\/index.php\/news\/"},{"@type":"ListItem","position":3,"name":"Baningime prestupuje do Hearts"}]},{"@type":"WebSite","@id":"https:\/\/evertonfc.cz\/#website","url":"https:\/\/evertonfc.cz\/","name":"Official Czech &amp; Slovak Everton Supporters&#039; Club","description":"","publisher":{"@id":"https:\/\/evertonfc.cz\/#organization"},"potentialAction":[{"@type":"SearchAction","target":{"@type":"EntryPoint","urlTemplate":"https:\/\/evertonfc.cz\/?s={search_term_string}"},"query-input":{"@type":"PropertyValueSpecification","valueRequired":true,"valueName":"search_term_string"}}],"inLanguage":"cs"},{"@type":"Organization","@id":"https:\/\/evertonfc.cz\/#organization","name":"Official Czech & Slovak Everton Supporters' Club","url":"https:\/\/evertonfc.cz\/","logo":{"@type":"ImageObject","inLanguage":"cs","@id":"https:\/\/evertonfc.cz\/#\/schema\/logo\/image\/","url":"https:\/\/evertonfc.cz\/wp-content\/uploads\/2019\/05\/logo.png","contentUrl":"https:\/\/evertonfc.cz\/wp-content\/uploads\/2019\/05\/logo.png","width":112,"height":112,"caption":"Official Czech & Slovak Everton Supporters' Club"},"image":{"@id":"https:\/\/evertonfc.cz\/#\/schema\/logo\/image\/"},"sameAs":["https:\/\/www.facebook.com\/everton.fans.cz.sk"]}]}},"_links":{"self":[{"href":"https:\/\/evertonfc.cz\/index.php\/wp-json\/wp\/v2\/news\/15943"}],"collection":[{"href":"https:\/\/evertonfc.cz\/index.php\/wp-json\/wp\/v2\/news"}],"about":[{"href":"https:\/\/evertonfc.cz\/index.php\/wp-json\/wp\/v2\/types\/news"}],"author":[{"embeddable":true,"href":"https:\/\/evertonfc.cz\/index.php\/wp-json\/wp\/v2\/users\/1"}],"replies":[{"embeddable":true,"href":"https:\/\/evertonfc.cz\/index.php\/wp-json\/wp\/v2\/comments?post=15943"}],"version-history":[{"count":0,"href":"https:\/\/evertonfc.cz\/index.php\/wp-json\/wp\/v2\/news\/15943\/revisions"}],"wp:attachment":[{"href":"https:\/\/evertonfc.cz\/index.php\/wp-json\/wp\/v2\/media?parent=15943"}],"wp:term":[{"taxonomy":"post_tag","embeddable":true,"href":"https:\/\/evertonfc.cz\/index.php\/wp-json\/wp\/v2\/tags?post=15943"},{"taxonomy":"news-category","embeddable":true,"href":"https:\/\/evertonfc.cz\/index.php\/wp-json\/wp\/v2\/news-category?post=15943"}],"curies":[{"name":"wp","href":"https:\/\/api.w.org\/{rel}","templated":true}]}}