{"id":16016,"date":"2021-08-07T12:36:53","date_gmt":"2021-08-07T10:36:53","guid":{"rendered":"https:\/\/evertonfc.cz\/?post_type=news&#038;p=16016"},"modified":"2021-08-08T17:57:02","modified_gmt":"2021-08-08T15:57:02","slug":"gibson-hostuje-u-owls","status":"publish","type":"news","link":"https:\/\/evertonfc.cz\/index.php\/news\/gibson-hostuje-u-owls\/","title":{"rendered":"Gibson hostuje u Owls"},"content":{"rendered":"<p>Lewis Gibson odch\u00e1z\u00ed na dal\u0161\u00ed hostov\u00e1n\u00ed, nadch\u00e1zej\u00edc\u00ed sez\u00f3nu 2021\/22 bude vypom\u00e1hat t\u0159etiligov\u00e9mu Sheffieldu Wednesday s n\u00e1vratem do Championshipu.<\/p>\n<p>21let\u00fd stoper \u010di krajn\u00ed obr\u00e1nce hostoval v lo\u0148sk\u00e9m ro\u010dn\u00edku v druholigov\u00e9m Readingu, p\u0159\u00edli\u0161 se mu ale v\u00fdkonnostn\u011b neda\u0159ilo, a tak zas\u00e1hl pouze do 14 sout\u011b\u017en\u00edch duel\u016f. Na Goodison Parku ho v\u00e1\u017ee smlouva do l\u00e9ta 2022, Evertonu m\u00e1 ale opci na prodlou\u017een\u00ed.<\/p>\n","protected":false},"excerpt":{"rendered":"<p>Lewis Gibson odch\u00e1z\u00ed na dal\u0161\u00ed hostov\u00e1n\u00ed, nadch\u00e1zej\u00edc\u00ed sez\u00f3nu 2021\/22 bude vypom\u00e1hat t\u0159etiligov\u00e9mu Sheffieldu Wednesday s n\u00e1vratem do Championshipu. 21let\u00fd stoper&hellip;<\/p>\n","protected":false},"author":6,"featured_media":0,"comment_status":"open","ping_status":"closed","template":"","tags":[],"news-category":[18],"yoast_head":"<!-- This site is optimized with the Yoast SEO plugin v23.4 - https:\/\/yoast.com\/wordpress\/plugins\/seo\/ -->\n<title>Gibson hostuje u Owls - Official Czech &amp; Slovak Everton Supporters&#039; Club<\/title>\n<meta name=\"robots\" content=\"index, follow, max-snippet:-1, max-image-preview:large, max-video-preview:-1\" \/>\n<link rel=\"canonical\" href=\"https:\/\/evertonfc.cz\/index.php\/news\/gibson-hostuje-u-owls\/\" \/>\n<meta property=\"og:locale\" content=\"cs_CZ\" \/>\n<meta property=\"og:type\" content=\"article\" \/>\n<meta property=\"og:title\" content=\"Gibson hostuje u Owls - Official Czech &amp; Slovak Everton Supporters&#039; Club\" \/>\n<meta property=\"og:description\" content=\"Lewis Gibson odch\u00e1z\u00ed na dal\u0161\u00ed hostov\u00e1n\u00ed, nadch\u00e1zej\u00edc\u00ed sez\u00f3nu 2021\/22 bude vypom\u00e1hat t\u0159etiligov\u00e9mu Sheffieldu Wednesday s n\u00e1vratem do Championshipu. 21let\u00fd stoper&hellip;\" \/>\n<meta property=\"og:url\" content=\"https:\/\/evertonfc.cz\/index.php\/news\/gibson-hostuje-u-owls\/\" \/>\n<meta property=\"og:site_name\" content=\"Official Czech &amp; Slovak Everton Supporters&#039; Club\" \/>\n<meta property=\"article:publisher\" content=\"https:\/\/www.facebook.com\/everton.fans.cz.sk\" \/>\n<meta property=\"article:modified_time\" content=\"2021-08-08T15:57:02+00:00\" \/>\n<meta name=\"twitter:card\" content=\"summary_large_image\" \/>\n<meta name=\"twitter:label1\" content=\"Odhadovan\u00e1 doba \u010dten\u00ed\" \/>\n\t<meta name=\"twitter:data1\" content=\"1 minuta\" \/>\n<script type=\"application\/ld+json\" class=\"yoast-schema-graph\">{\"@context\":\"https:\/\/schema.org\",\"@graph\":[{\"@type\":\"WebPage\",\"@id\":\"https:\/\/evertonfc.cz\/index.php\/news\/gibson-hostuje-u-owls\/\",\"url\":\"https:\/\/evertonfc.cz\/index.php\/news\/gibson-hostuje-u-owls\/\",\"name\":\"Gibson hostuje u Owls - Official Czech &amp; Slovak Everton Supporters&#039; Club\",\"isPartOf\":{\"@id\":\"https:\/\/evertonfc.cz\/#website\"},\"datePublished\":\"2021-08-07T10:36:53+00:00\",\"dateModified\":\"2021-08-08T15:57:02+00:00\",\"breadcrumb\":{\"@id\":\"https:\/\/evertonfc.cz\/index.php\/news\/gibson-hostuje-u-owls\/#breadcrumb\"},\"inLanguage\":\"cs\",\"potentialAction\":[{\"@type\":\"ReadAction\",\"target\":[\"https:\/\/evertonfc.cz\/index.php\/news\/gibson-hostuje-u-owls\/\"]}]},{\"@type\":\"BreadcrumbList\",\"@id\":\"https:\/\/evertonfc.cz\/index.php\/news\/gibson-hostuje-u-owls\/#breadcrumb\",\"itemListElement\":[{\"@type\":\"ListItem\",\"position\":1,\"name\":\"Home\",\"item\":\"https:\/\/evertonfc.cz\/\"},{\"@type\":\"ListItem\",\"position\":2,\"name\":\"News\",\"item\":\"https:\/\/evertonfc.cz\/index.php\/news\/\"},{\"@type\":\"ListItem\",\"position\":3,\"name\":\"Gibson hostuje u Owls\"}]},{\"@type\":\"WebSite\",\"@id\":\"https:\/\/evertonfc.cz\/#website\",\"url\":\"https:\/\/evertonfc.cz\/\",\"name\":\"Official Czech &amp; Slovak Everton Supporters&#039; Club\",\"description\":\"\",\"publisher\":{\"@id\":\"https:\/\/evertonfc.cz\/#organization\"},\"potentialAction\":[{\"@type\":\"SearchAction\",\"target\":{\"@type\":\"EntryPoint\",\"urlTemplate\":\"https:\/\/evertonfc.cz\/?s={search_term_string}\"},\"query-input\":{\"@type\":\"PropertyValueSpecification\",\"valueRequired\":true,\"valueName\":\"search_term_string\"}}],\"inLanguage\":\"cs\"},{\"@type\":\"Organization\",\"@id\":\"https:\/\/evertonfc.cz\/#organization\",\"name\":\"Official Czech & Slovak Everton Supporters' Club\",\"url\":\"https:\/\/evertonfc.cz\/\",\"logo\":{\"@type\":\"ImageObject\",\"inLanguage\":\"cs\",\"@id\":\"https:\/\/evertonfc.cz\/#\/schema\/logo\/image\/\",\"url\":\"https:\/\/evertonfc.cz\/wp-content\/uploads\/2019\/05\/logo.png\",\"contentUrl\":\"https:\/\/evertonfc.cz\/wp-content\/uploads\/2019\/05\/logo.png\",\"width\":112,\"height\":112,\"caption\":\"Official Czech & Slovak Everton Supporters' Club\"},\"image\":{\"@id\":\"https:\/\/evertonfc.cz\/#\/schema\/logo\/image\/\"},\"sameAs\":[\"https:\/\/www.facebook.com\/everton.fans.cz.sk\"]}]}<\/script>\n<!-- \/ Yoast SEO plugin. -->","yoast_head_json":{"title":"Gibson hostuje u Owls - Official Czech &amp; Slovak Everton Supporters&#039; Club","robots":{"index":"index","follow":"follow","max-snippet":"max-snippet:-1","max-image-preview":"max-image-preview:large","max-video-preview":"max-video-preview:-1"},"canonical":"https:\/\/evertonfc.cz\/index.php\/news\/gibson-hostuje-u-owls\/","og_locale":"cs_CZ","og_type":"article","og_title":"Gibson hostuje u Owls - Official Czech &amp; Slovak Everton Supporters&#039; Club","og_description":"Lewis Gibson odch\u00e1z\u00ed na dal\u0161\u00ed hostov\u00e1n\u00ed, nadch\u00e1zej\u00edc\u00ed sez\u00f3nu 2021\/22 bude vypom\u00e1hat t\u0159etiligov\u00e9mu Sheffieldu Wednesday s n\u00e1vratem do Championshipu. 21let\u00fd stoper&hellip;","og_url":"https:\/\/evertonfc.cz\/index.php\/news\/gibson-hostuje-u-owls\/","og_site_name":"Official Czech &amp; Slovak Everton Supporters&#039; Club","article_publisher":"https:\/\/www.facebook.com\/everton.fans.cz.sk","article_modified_time":"2021-08-08T15:57:02+00:00","twitter_card":"summary_large_image","twitter_misc":{"Odhadovan\u00e1 doba \u010dten\u00ed":"1 minuta"},"schema":{"@context":"https:\/\/schema.org","@graph":[{"@type":"WebPage","@id":"https:\/\/evertonfc.cz\/index.php\/news\/gibson-hostuje-u-owls\/","url":"https:\/\/evertonfc.cz\/index.php\/news\/gibson-hostuje-u-owls\/","name":"Gibson hostuje u Owls - Official Czech &amp; Slovak Everton Supporters&#039; Club","isPartOf":{"@id":"https:\/\/evertonfc.cz\/#website"},"datePublished":"2021-08-07T10:36:53+00:00","dateModified":"2021-08-08T15:57:02+00:00","breadcrumb":{"@id":"https:\/\/evertonfc.cz\/index.php\/news\/gibson-hostuje-u-owls\/#breadcrumb"},"inLanguage":"cs","potentialAction":[{"@type":"ReadAction","target":["https:\/\/evertonfc.cz\/index.php\/news\/gibson-hostuje-u-owls\/"]}]},{"@type":"BreadcrumbList","@id":"https:\/\/evertonfc.cz\/index.php\/news\/gibson-hostuje-u-owls\/#breadcrumb","itemListElement":[{"@type":"ListItem","position":1,"name":"Home","item":"https:\/\/evertonfc.cz\/"},{"@type":"ListItem","position":2,"name":"News","item":"https:\/\/evertonfc.cz\/index.php\/news\/"},{"@type":"ListItem","position":3,"name":"Gibson hostuje u Owls"}]},{"@type":"WebSite","@id":"https:\/\/evertonfc.cz\/#website","url":"https:\/\/evertonfc.cz\/","name":"Official Czech &amp; Slovak Everton Supporters&#039; Club","description":"","publisher":{"@id":"https:\/\/evertonfc.cz\/#organization"},"potentialAction":[{"@type":"SearchAction","target":{"@type":"EntryPoint","urlTemplate":"https:\/\/evertonfc.cz\/?s={search_term_string}"},"query-input":{"@type":"PropertyValueSpecification","valueRequired":true,"valueName":"search_term_string"}}],"inLanguage":"cs"},{"@type":"Organization","@id":"https:\/\/evertonfc.cz\/#organization","name":"Official Czech & Slovak Everton Supporters' Club","url":"https:\/\/evertonfc.cz\/","logo":{"@type":"ImageObject","inLanguage":"cs","@id":"https:\/\/evertonfc.cz\/#\/schema\/logo\/image\/","url":"https:\/\/evertonfc.cz\/wp-content\/uploads\/2019\/05\/logo.png","contentUrl":"https:\/\/evertonfc.cz\/wp-content\/uploads\/2019\/05\/logo.png","width":112,"height":112,"caption":"Official Czech & Slovak Everton Supporters' Club"},"image":{"@id":"https:\/\/evertonfc.cz\/#\/schema\/logo\/image\/"},"sameAs":["https:\/\/www.facebook.com\/everton.fans.cz.sk"]}]}},"_links":{"self":[{"href":"https:\/\/evertonfc.cz\/index.php\/wp-json\/wp\/v2\/news\/16016"}],"collection":[{"href":"https:\/\/evertonfc.cz\/index.php\/wp-json\/wp\/v2\/news"}],"about":[{"href":"https:\/\/evertonfc.cz\/index.php\/wp-json\/wp\/v2\/types\/news"}],"author":[{"embeddable":true,"href":"https:\/\/evertonfc.cz\/index.php\/wp-json\/wp\/v2\/users\/6"}],"replies":[{"embeddable":true,"href":"https:\/\/evertonfc.cz\/index.php\/wp-json\/wp\/v2\/comments?post=16016"}],"version-history":[{"count":0,"href":"https:\/\/evertonfc.cz\/index.php\/wp-json\/wp\/v2\/news\/16016\/revisions"}],"wp:attachment":[{"href":"https:\/\/evertonfc.cz\/index.php\/wp-json\/wp\/v2\/media?parent=16016"}],"wp:term":[{"taxonomy":"post_tag","embeddable":true,"href":"https:\/\/evertonfc.cz\/index.php\/wp-json\/wp\/v2\/tags?post=16016"},{"taxonomy":"news-category","embeddable":true,"href":"https:\/\/evertonfc.cz\/index.php\/wp-json\/wp\/v2\/news-category?post=16016"}],"curies":[{"name":"wp","href":"https:\/\/api.w.org\/{rel}","templated":true}]}}