{"id":17219,"date":"2021-12-15T14:37:24","date_gmt":"2021-12-15T13:37:24","guid":{"rendered":"https:\/\/evertonfc.cz\/?post_type=news&#038;p=17219"},"modified":"2021-12-16T19:47:54","modified_gmt":"2021-12-16T18:47:54","slug":"ismailov-pred-soudem","status":"publish","type":"news","link":"https:\/\/evertonfc.cz\/index.php\/news\/ismailov-pred-soudem\/","title":{"rendered":"Ismailov p\u0159ed soudem"},"content":{"rendered":"<p>V listopadu se rozlou\u010div\u0161\u00ed b\u00fdval\u00fd sportovn\u00ed \u0159editel \u017eensk\u00e9ho fotbalov\u00e9ho t\u00fdmu \u0160arvar Ismailov stanul spolu se sv\u00fdm star\u0161\u00edm bratrem p\u0159ed soudem s obvin\u011bn\u00edm z t\u011b\u017ek\u00e9ho ubl\u00ed\u017een\u00ed na zdrav\u00ed, kter\u00e9ho se m\u011bl dopustit v \u010dervnu 2021. Ob\u011bt\u00ed napaden\u00ed byly dv\u011b osoby, iPhone a diamantov\u00fd n\u00e1hrdeln\u00edk v cen\u011b 5000 liber.<\/p>\n<p>P\u0159i odchodu z Evertonu ozn\u00e1mil Klub, \u017ee Ismailov odch\u00e1z\u00ed &#8222;z osobn\u00edch a zdravotn\u00edch d\u016fvod\u016f.&#8220; Kdo se tedy ob\u00e1val o \u0160arvarovo zdrav\u00ed, m\u016f\u017ee b\u00fdt patrn\u011b klidn\u00fd. Co\u017e je to jedin\u00e9 pozitivn\u00ed, co se o cel\u00e9 z\u00e1le\u017eitosti d\u00e1 \u0159\u00edci.<\/p>\n<p>EDIT: 15.12. bylo ozn\u00e1meno, \u017ee Ismailov byl osvobozen a proces proti n\u011bmu ukon\u010den. Konec dobr\u00fd, v\u0161echno dobr\u00e9?<\/p>\n<p style=\"text-align: right;\"><em><span style=\"font-size: 10pt;\">Zdroj: <a href=\"https:\/\/www.bbc.com\/news\/uk-england-59401978\">www.bbc.com<\/a><\/span><\/em><\/p>\n","protected":false},"excerpt":{"rendered":"<p>V listopadu se rozlou\u010div\u0161\u00ed b\u00fdval\u00fd sportovn\u00ed \u0159editel \u017eensk\u00e9ho fotbalov\u00e9ho t\u00fdmu \u0160arvar Ismailov stanul spolu se sv\u00fdm star\u0161\u00edm bratrem p\u0159ed soudem&hellip;<\/p>\n","protected":false},"author":26,"featured_media":0,"comment_status":"open","ping_status":"closed","template":"","tags":[],"news-category":[18],"yoast_head":"<!-- This site is optimized with the Yoast SEO plugin v23.4 - https:\/\/yoast.com\/wordpress\/plugins\/seo\/ -->\n<title>Ismailov p\u0159ed soudem - Official Czech &amp; Slovak Everton Supporters&#039; Club<\/title>\n<meta name=\"robots\" content=\"index, follow, max-snippet:-1, max-image-preview:large, max-video-preview:-1\" \/>\n<link rel=\"canonical\" href=\"https:\/\/evertonfc.cz\/index.php\/news\/ismailov-pred-soudem\/\" \/>\n<meta property=\"og:locale\" content=\"cs_CZ\" \/>\n<meta property=\"og:type\" content=\"article\" \/>\n<meta property=\"og:title\" content=\"Ismailov p\u0159ed soudem - Official Czech &amp; Slovak Everton Supporters&#039; Club\" \/>\n<meta property=\"og:description\" content=\"V listopadu se rozlou\u010div\u0161\u00ed b\u00fdval\u00fd sportovn\u00ed \u0159editel \u017eensk\u00e9ho fotbalov\u00e9ho t\u00fdmu \u0160arvar Ismailov stanul spolu se sv\u00fdm star\u0161\u00edm bratrem p\u0159ed soudem&hellip;\" \/>\n<meta property=\"og:url\" content=\"https:\/\/evertonfc.cz\/index.php\/news\/ismailov-pred-soudem\/\" \/>\n<meta property=\"og:site_name\" content=\"Official Czech &amp; Slovak Everton Supporters&#039; Club\" \/>\n<meta property=\"article:publisher\" content=\"https:\/\/www.facebook.com\/everton.fans.cz.sk\" \/>\n<meta property=\"article:modified_time\" content=\"2021-12-16T18:47:54+00:00\" \/>\n<meta name=\"twitter:card\" content=\"summary_large_image\" \/>\n<meta name=\"twitter:label1\" content=\"Odhadovan\u00e1 doba \u010dten\u00ed\" \/>\n\t<meta name=\"twitter:data1\" content=\"1 minuta\" \/>\n<script type=\"application\/ld+json\" class=\"yoast-schema-graph\">{\"@context\":\"https:\/\/schema.org\",\"@graph\":[{\"@type\":\"WebPage\",\"@id\":\"https:\/\/evertonfc.cz\/index.php\/news\/ismailov-pred-soudem\/\",\"url\":\"https:\/\/evertonfc.cz\/index.php\/news\/ismailov-pred-soudem\/\",\"name\":\"Ismailov p\u0159ed soudem - Official Czech &amp; Slovak Everton Supporters&#039; Club\",\"isPartOf\":{\"@id\":\"https:\/\/evertonfc.cz\/#website\"},\"datePublished\":\"2021-12-15T13:37:24+00:00\",\"dateModified\":\"2021-12-16T18:47:54+00:00\",\"breadcrumb\":{\"@id\":\"https:\/\/evertonfc.cz\/index.php\/news\/ismailov-pred-soudem\/#breadcrumb\"},\"inLanguage\":\"cs\",\"potentialAction\":[{\"@type\":\"ReadAction\",\"target\":[\"https:\/\/evertonfc.cz\/index.php\/news\/ismailov-pred-soudem\/\"]}]},{\"@type\":\"BreadcrumbList\",\"@id\":\"https:\/\/evertonfc.cz\/index.php\/news\/ismailov-pred-soudem\/#breadcrumb\",\"itemListElement\":[{\"@type\":\"ListItem\",\"position\":1,\"name\":\"Home\",\"item\":\"https:\/\/evertonfc.cz\/\"},{\"@type\":\"ListItem\",\"position\":2,\"name\":\"News\",\"item\":\"https:\/\/evertonfc.cz\/index.php\/news\/\"},{\"@type\":\"ListItem\",\"position\":3,\"name\":\"Ismailov p\u0159ed soudem\"}]},{\"@type\":\"WebSite\",\"@id\":\"https:\/\/evertonfc.cz\/#website\",\"url\":\"https:\/\/evertonfc.cz\/\",\"name\":\"Official Czech &amp; Slovak Everton Supporters&#039; Club\",\"description\":\"\",\"publisher\":{\"@id\":\"https:\/\/evertonfc.cz\/#organization\"},\"potentialAction\":[{\"@type\":\"SearchAction\",\"target\":{\"@type\":\"EntryPoint\",\"urlTemplate\":\"https:\/\/evertonfc.cz\/?s={search_term_string}\"},\"query-input\":{\"@type\":\"PropertyValueSpecification\",\"valueRequired\":true,\"valueName\":\"search_term_string\"}}],\"inLanguage\":\"cs\"},{\"@type\":\"Organization\",\"@id\":\"https:\/\/evertonfc.cz\/#organization\",\"name\":\"Official Czech & Slovak Everton Supporters' Club\",\"url\":\"https:\/\/evertonfc.cz\/\",\"logo\":{\"@type\":\"ImageObject\",\"inLanguage\":\"cs\",\"@id\":\"https:\/\/evertonfc.cz\/#\/schema\/logo\/image\/\",\"url\":\"https:\/\/evertonfc.cz\/wp-content\/uploads\/2019\/05\/logo.png\",\"contentUrl\":\"https:\/\/evertonfc.cz\/wp-content\/uploads\/2019\/05\/logo.png\",\"width\":112,\"height\":112,\"caption\":\"Official Czech & Slovak Everton Supporters' Club\"},\"image\":{\"@id\":\"https:\/\/evertonfc.cz\/#\/schema\/logo\/image\/\"},\"sameAs\":[\"https:\/\/www.facebook.com\/everton.fans.cz.sk\"]}]}<\/script>\n<!-- \/ Yoast SEO plugin. -->","yoast_head_json":{"title":"Ismailov p\u0159ed soudem - Official Czech &amp; Slovak Everton Supporters&#039; Club","robots":{"index":"index","follow":"follow","max-snippet":"max-snippet:-1","max-image-preview":"max-image-preview:large","max-video-preview":"max-video-preview:-1"},"canonical":"https:\/\/evertonfc.cz\/index.php\/news\/ismailov-pred-soudem\/","og_locale":"cs_CZ","og_type":"article","og_title":"Ismailov p\u0159ed soudem - Official Czech &amp; Slovak Everton Supporters&#039; Club","og_description":"V listopadu se rozlou\u010div\u0161\u00ed b\u00fdval\u00fd sportovn\u00ed \u0159editel \u017eensk\u00e9ho fotbalov\u00e9ho t\u00fdmu \u0160arvar Ismailov stanul spolu se sv\u00fdm star\u0161\u00edm bratrem p\u0159ed soudem&hellip;","og_url":"https:\/\/evertonfc.cz\/index.php\/news\/ismailov-pred-soudem\/","og_site_name":"Official Czech &amp; Slovak Everton Supporters&#039; Club","article_publisher":"https:\/\/www.facebook.com\/everton.fans.cz.sk","article_modified_time":"2021-12-16T18:47:54+00:00","twitter_card":"summary_large_image","twitter_misc":{"Odhadovan\u00e1 doba \u010dten\u00ed":"1 minuta"},"schema":{"@context":"https:\/\/schema.org","@graph":[{"@type":"WebPage","@id":"https:\/\/evertonfc.cz\/index.php\/news\/ismailov-pred-soudem\/","url":"https:\/\/evertonfc.cz\/index.php\/news\/ismailov-pred-soudem\/","name":"Ismailov p\u0159ed soudem - Official Czech &amp; Slovak Everton Supporters&#039; Club","isPartOf":{"@id":"https:\/\/evertonfc.cz\/#website"},"datePublished":"2021-12-15T13:37:24+00:00","dateModified":"2021-12-16T18:47:54+00:00","breadcrumb":{"@id":"https:\/\/evertonfc.cz\/index.php\/news\/ismailov-pred-soudem\/#breadcrumb"},"inLanguage":"cs","potentialAction":[{"@type":"ReadAction","target":["https:\/\/evertonfc.cz\/index.php\/news\/ismailov-pred-soudem\/"]}]},{"@type":"BreadcrumbList","@id":"https:\/\/evertonfc.cz\/index.php\/news\/ismailov-pred-soudem\/#breadcrumb","itemListElement":[{"@type":"ListItem","position":1,"name":"Home","item":"https:\/\/evertonfc.cz\/"},{"@type":"ListItem","position":2,"name":"News","item":"https:\/\/evertonfc.cz\/index.php\/news\/"},{"@type":"ListItem","position":3,"name":"Ismailov p\u0159ed soudem"}]},{"@type":"WebSite","@id":"https:\/\/evertonfc.cz\/#website","url":"https:\/\/evertonfc.cz\/","name":"Official Czech &amp; Slovak Everton Supporters&#039; Club","description":"","publisher":{"@id":"https:\/\/evertonfc.cz\/#organization"},"potentialAction":[{"@type":"SearchAction","target":{"@type":"EntryPoint","urlTemplate":"https:\/\/evertonfc.cz\/?s={search_term_string}"},"query-input":{"@type":"PropertyValueSpecification","valueRequired":true,"valueName":"search_term_string"}}],"inLanguage":"cs"},{"@type":"Organization","@id":"https:\/\/evertonfc.cz\/#organization","name":"Official Czech & Slovak Everton Supporters' Club","url":"https:\/\/evertonfc.cz\/","logo":{"@type":"ImageObject","inLanguage":"cs","@id":"https:\/\/evertonfc.cz\/#\/schema\/logo\/image\/","url":"https:\/\/evertonfc.cz\/wp-content\/uploads\/2019\/05\/logo.png","contentUrl":"https:\/\/evertonfc.cz\/wp-content\/uploads\/2019\/05\/logo.png","width":112,"height":112,"caption":"Official Czech & Slovak Everton Supporters' Club"},"image":{"@id":"https:\/\/evertonfc.cz\/#\/schema\/logo\/image\/"},"sameAs":["https:\/\/www.facebook.com\/everton.fans.cz.sk"]}]}},"_links":{"self":[{"href":"https:\/\/evertonfc.cz\/index.php\/wp-json\/wp\/v2\/news\/17219"}],"collection":[{"href":"https:\/\/evertonfc.cz\/index.php\/wp-json\/wp\/v2\/news"}],"about":[{"href":"https:\/\/evertonfc.cz\/index.php\/wp-json\/wp\/v2\/types\/news"}],"author":[{"embeddable":true,"href":"https:\/\/evertonfc.cz\/index.php\/wp-json\/wp\/v2\/users\/26"}],"replies":[{"embeddable":true,"href":"https:\/\/evertonfc.cz\/index.php\/wp-json\/wp\/v2\/comments?post=17219"}],"version-history":[{"count":1,"href":"https:\/\/evertonfc.cz\/index.php\/wp-json\/wp\/v2\/news\/17219\/revisions"}],"predecessor-version":[{"id":17220,"href":"https:\/\/evertonfc.cz\/index.php\/wp-json\/wp\/v2\/news\/17219\/revisions\/17220"}],"wp:attachment":[{"href":"https:\/\/evertonfc.cz\/index.php\/wp-json\/wp\/v2\/media?parent=17219"}],"wp:term":[{"taxonomy":"post_tag","embeddable":true,"href":"https:\/\/evertonfc.cz\/index.php\/wp-json\/wp\/v2\/tags?post=17219"},{"taxonomy":"news-category","embeddable":true,"href":"https:\/\/evertonfc.cz\/index.php\/wp-json\/wp\/v2\/news-category?post=17219"}],"curies":[{"name":"wp","href":"https:\/\/api.w.org\/{rel}","templated":true}]}}